{"id":32826,"date":"2019-05-03T09:00:33","date_gmt":"2019-05-03T13:00:33","guid":{"rendered":"http:\/\/debateplural.com\/?p=32826"},"modified":"2019-05-02T13:55:38","modified_gmt":"2019-05-02T17:55:38","slug":"el-nuevo-falso-positivo-que-se-planifica-contra-venezuela","status":"publish","type":"post","link":"https:\/\/debateplural.net\/site\/2019\/05\/03\/el-nuevo-falso-positivo-que-se-planifica-contra-venezuela\/","title":{"rendered":"El nuevo falso positivo que se planifica contra Venezuela"},"content":{"rendered":"<p>Mar\u00eda Fernanda Barreto (Misi\u00f3n Verdad, 2-5-19)<\/p>\n<p>&nbsp;<\/p>\n<p>La derrota de la operaci\u00f3n pol\u00edtico militar del 30 de abril de 2019 contra el gobierno del presidente Maduro, se suma a la larga lista de fracasos que llevaron a Iv\u00e1n Duque a\u00a0acusar\u00a0al gobierno venezolano de proteger al ELN, en un intento desesperado por cumplir una de las dos tareas que se le han asignado dentro del gobierno uribista: cerrar los caminos a la de paz de Colombia y agredir a Venezuela.<\/p>\n<p>Nuevamente defraudado por los opositores venezolanos, Estados Unidos contin\u00faa dando cada vez m\u00e1s protagonismo a la derecha colombiana. El llamado de\u00a0Iv\u00e1n Duque\u00a0a los militares venezolanos durante la jornada, demuestra una torpe desesperaci\u00f3n ante la incapacidad de la derecha venezolana, que dio un elemento m\u00e1s al presidente Maduro para acusar a los gobiernos de EE.UU. y Colombia de estar detr\u00e1s del\u00a0fallido golpe\u00a0de estado. Pero el triunfo bolivariano en esta batalla no acaba con la guerra.<\/p>\n<p>El nuevo falso positivo para vincular al gobierno venezolano con el ELN contin\u00faa en construcci\u00f3n<\/p>\n<h3>ELN, UNA ORGANIZACI\u00d3N GUERRILLERA QUE SE ACERCA A SUS 55 A\u00d1OS<\/h3>\n<p>El Ej\u00e9rcito de Liberaci\u00f3n Nacional (ELN) y las Fuerzas Armadas Revolucionarias de Colombia (FARC), nacen en 1964 mientras Ra\u00fal Leoni ocupaba la presidencia de Venezuela. Ni siquiera las m\u00e1s tendenciosas versiones de la historia, mencionan alguna posibilidad de que el gobierno de Leoni haya estado detr\u00e1s de su fundaci\u00f3n, como tampoco ning\u00fan grupo pol\u00edtico de la izquierda venezolana, ya que todos los existentes para ese momento eran menos fuertes que los que dieron origen a las guerrillas colombianas durante la \u00faltima mitad del siglo XX.<\/p>\n<p>Desde sus or\u00edgenes, ambas guerrillas han operado en todo el pa\u00eds, lo que obviamente incluye a los territorios de la porosa frontera con Venezuela.<\/p>\n<p>Despu\u00e9s de que el secretariado de las FARC-EP firmara los acuerdos de paz, y con ello se desmovilizara la mayor parte de su tropa, el ELN se convirti\u00f3 en el m\u00e1s grande y antiguo grupo guerrillero del continente. El gobierno uribista de Duque, decidi\u00f3 incumplir e intenta modificar los acuerdos con las FARC-EP y se levant\u00f3 de la mesa de di\u00e1logo con el ELN, es decir, cerr\u00f3 toda posibilidad cercana de lograr una salida pol\u00edtica negociada al conflicto. Y a la par, ha hecho de la represi\u00f3n y la judicializaci\u00f3n, la \u00fanica respuesta gubernamental a los reclamos populares, mientras paramilitares y\u00a0Fuerza P\u00fablica, ejecutan un nuevo\u00a0genocidio\u00a0contra l\u00edderes y lideresas sociales.<\/p>\n<p>La realidad salta a la vista, en Colombia\u00a0no hay paz, ni posconflicto y est\u00e1\u00a0al borde\u00a0de una crisis humanitaria. En m\u00e1s de cinco d\u00e9cadas de confrontaci\u00f3n, el estado colombiano no ha tenido verdadera voluntad pol\u00edtica de solucionar el conflicto social que genera la guerra y su Fuerza P\u00fablica, no ha logrado derrotar militarmente al ELN, ni siquiera con el apoyo de las fuerzas paramilitares o el concurso de las instituciones militares de los EE.UU. que poseen m\u00e1s de 16 instalaciones de distinto tipo en el pa\u00eds. Por el contrario, en m\u00e1s de una ocasi\u00f3n se ha visto obligado a negociar. Hasta ahora, el\u00a0ELN ha sostenido di\u00e1logos\u00a0con cinco presidentes y siete gobiernos de Colombia.<\/p>\n<p>En los\u00a0primeros di\u00e1logos\u00a0se cont\u00f3 con el apoyo de Carlos Andr\u00e9s P\u00e9rez, quien se encontraba en su segundo mandato como presidente de la entonces Rep\u00fablica de Venezuela y posteriormente con el apoyo de los gobiernos de Hugo Ch\u00e1vez y Nicol\u00e1s Maduro, cuyo inter\u00e9s en la paz de Colombia s\u00ed ha sido evidente.<\/p>\n<h3>LA PROYECCI\u00d3N PSICOL\u00d3GICA DEL GOBIERNO URIBISTA<\/h3>\n<p>El gobierno colombiano se niega a asumir que todo el estado est\u00e1 en jaque por la penetraci\u00f3n del narcotr\u00e1fico a sus instituciones. La producci\u00f3n de coca\u00edna y la siembra de coca, tienen un aumento constante en Colombia y\u00a0seg\u00fan el mismo Donald Trump,\u00a0nunca hab\u00edan sido tan altas como desde que ocup\u00f3 la presidencia Iv\u00e1n Duque. Pero el gobierno uribista insiste en atribuir al gobierno venezolano, la condici\u00f3n de \"narcogobierno\"\u00a0que en realidad le corresponde a \u00e9l mismo, y ahora lo culpa de su propia incapacidad de ganar una guerra que ha durado m\u00e1s de medio siglo.<\/p>\n<p>La caricatura del presidente Maduro que han construido las corporaciones medi\u00e1ticas y las vocer\u00edas del gobierno colombiano, como un tonto sin apoyo popular que s\u00f3lo se mantiene en la presidencia por el apoyo de la FANB, se contrapone a la del\u00a0hombre que acusan\u00a0de estar detr\u00e1s de todas las luchas del pueblo colombiano y ahora, hasta de sostener a una organizaci\u00f3n guerrillera que naci\u00f3 cuando \u00e9l ten\u00eda s\u00f3lo un a\u00f1o de edad y que desde entonces se ha mantenido activa ininterrumpidamente.<\/p>\n<p>Lo que parece una proyecci\u00f3n psicol\u00f3gica t\u00edpica, es en realidad un nuevo intento por generar un falso positivo -tal como lo denunciara el canciller venezolano-, pero para tener \u00e9xito necesitan borrar la historia.<\/p>\n<h3>DE IR\u00c1N A VENEZUELA<\/h3>\n<p>Hace pocos d\u00edas, Donald Trump\u00a0anunci\u00f3\u00a0que Estados Unidos declarar\u00eda a la Guardia Revolucionaria de Ir\u00e1n, como \"organizaci\u00f3n terrorista extranjera\", como efectivamente ocurri\u00f3.\u00a0Siendo esta fuerza militar la instituci\u00f3n de una rep\u00fablica independiente, reconocida por las Naciones Unidas, esta medida no tiene antecedentes y siembra un muy mal precedente en tanto es una violaci\u00f3n al derecho internacional y las m\u00e1s elementales normas diplom\u00e1ticas.<\/p>\n<p>El ELN por su parte, est\u00e1 incluido hace muchos a\u00f1os en dicha\u00a0lista de organizaciones terroristas\u00a0extranjeras designadas por EE.UU., por lo que no es descabellado suponer, que adem\u00e1s del argumento para justificar el involucramiento de Colombia en la primera guerra entre pa\u00edses de la regi\u00f3n del siglo XXI, otro peligroso objetivo de este intento de vincular al gobierno venezolano con la organizaci\u00f3n guerrillera colombiana, podr\u00eda ser terminar por declarar a la FANB como organizaci\u00f3n terrorista extranjera, dado que no han logrado cooptarla, dividirla ni derrotarla.<\/p>\n<p>Si el consenso interno se lograra o si la presi\u00f3n de los Estados Unidos lo forzara, ser\u00eda esperable que antes de agosto del 2019 el estado colombiano sume a su terrible historial de guerras, una costosa y complicada agresi\u00f3n militar a Venezuela.<\/p>\n<p>Casualmente, pocas horas despu\u00e9s del fracasado golpe de estado en Venezuela,\u00a0Trump decidi\u00f3 cambiar a su embajador en Bogot\u00e1, Kevin Whitaker, postulando a Philip Goldberg, cuyo prontuario puede dar pistas de las nuevas estrategias que se dirigir\u00e1n desde Colombia contra Venezuela.<\/p>\n<p>Goldberg fue expulsado de Bolivia en el 2008 por denuncias de conspiraci\u00f3n hechas por el presidente Morales, recientemente fue encargado de negocios en La Habana, tambi\u00e9n fue parte del cuerpo diplom\u00e1tico en Kosovo, es un especialista en inteligencia y fue el Coordinador en Bogot\u00e1 del terrible Plan Colombia.<\/p>\n<p>Por tanto, si bien es importante desmentir las falsas matrices de opini\u00f3n e investigar a las organizaciones no gubernamentales que sustentan estas matrices con pseudo investigaciones -incluso algunas vinculadas a sectores que se autodenominan de izquierda-, Venezuela debe continuar prepar\u00e1ndose para responder en otros \u00e1mbitos porque las mentiras seguir\u00e1n saliendo de los laboratorios sin cesar y ser\u00e1n tan diversas como lo requiera la t\u00e1ctica, lo que no ha cambiado mucho en los \u00faltimos dos siglos son los objetivos estrat\u00e9gicos de los Estados Unidos sobre la regi\u00f3n y el mundo.<\/p>\n","protected":false},"excerpt":{"rendered":"<p>Mar\u00eda Fernanda Barreto (Misi\u00f3n Verdad, 2-5-19) &nbsp; La derrota de la operaci\u00f3n pol\u00edtico militar del 30 de abril de 2019 contra el gobierno del presidente Maduro, se suma a la larga lista de fracasos que llevaron a Iv\u00e1n Duque a\u00a0acusar\u00a0al gobierno venezolano de proteger al ELN, en un intento desesperado por cumplir una de las [&hellip;]<\/p>\n","protected":false},"author":1,"featured_media":28083,"comment_status":"open","ping_status":"open","sticky":false,"template":"","format":"standard","meta":{"footnotes":""},"categories":[14,12],"tags":[],"class_list":["post-32826","post","type-post","status-publish","format-standard","has-post-thumbnail","hentry","category-internacionales","category-politica-3"],"_links":{"self":[{"href":"https:\/\/debateplural.net\/site\/wp-json\/wp\/v2\/posts\/32826"}],"collection":[{"href":"https:\/\/debateplural.net\/site\/wp-json\/wp\/v2\/posts"}],"about":[{"href":"https:\/\/debateplural.net\/site\/wp-json\/wp\/v2\/types\/post"}],"author":[{"embeddable":true,"href":"https:\/\/debateplural.net\/site\/wp-json\/wp\/v2\/users\/1"}],"replies":[{"embeddable":true,"href":"https:\/\/debateplural.net\/site\/wp-json\/wp\/v2\/comments?post=32826"}],"version-history":[{"count":1,"href":"https:\/\/debateplural.net\/site\/wp-json\/wp\/v2\/posts\/32826\/revisions"}],"predecessor-version":[{"id":32827,"href":"https:\/\/debateplural.net\/site\/wp-json\/wp\/v2\/posts\/32826\/revisions\/32827"}],"wp:featuredmedia":[{"embeddable":true,"href":"https:\/\/debateplural.net\/site\/wp-json\/wp\/v2\/media\/28083"}],"wp:attachment":[{"href":"https:\/\/debateplural.net\/site\/wp-json\/wp\/v2\/media?parent=32826"}],"wp:term":[{"taxonomy":"category","embeddable":true,"href":"https:\/\/debateplural.net\/site\/wp-json\/wp\/v2\/categories?post=32826"},{"taxonomy":"post_tag","embeddable":true,"href":"https:\/\/debateplural.net\/site\/wp-json\/wp\/v2\/tags?post=32826"}],"curies":[{"name":"wp","href":"https:\/\/api.w.org\/{rel}","templated":true}]}}