{"id":33639,"date":"2019-06-11T12:28:37","date_gmt":"2019-06-11T16:28:37","guid":{"rendered":"http:\/\/debateplural.com\/?p=33639"},"modified":"2019-06-11T12:28:37","modified_gmt":"2019-06-11T16:28:37","slug":"la-revolucion-bolivariana-y-el-belicismo-de-los-pacifistas-2","status":"publish","type":"post","link":"https:\/\/debateplural.net\/site\/2019\/06\/11\/la-revolucion-bolivariana-y-el-belicismo-de-los-pacifistas-2\/","title":{"rendered":"La Revoluci\u00f3n Bolivariana y el belicismo de los \u201cpacifistas\u201d"},"content":{"rendered":"<p>Arnold August (Bar\u00f3metro Internacional, 11-6-19)<\/p>\n<p>&nbsp;<\/p>\n<p>\u00a1Estoy en contra de la intervenci\u00f3n militar!\u201d, afirma una narrativa estadounidense como pretexto ante una declaraci\u00f3n sobre Venezuela. Tal \u201cnegativa\u201d consuela las conciencias liberales y se esfuerza por mantener las deseables -pero cada vez m\u00e1s ilusorias- credenciales del \u201cprogresismo\u201d acad\u00e9mico, period\u00edstico y pol\u00edtico de los Estados Unidos. Eso nada tiene que ver con el anunciado gesto de Noruega para buscar una soluci\u00f3n diplom\u00e1tica.<\/p>\n<p>Esa narrativa \u201cpacifista\u201d tiene origen en los proprios belicistas de Washington. El 1\u00ba de mayo, por ejemplo, Mike Pompeo, el Secretario de Estado, uno de los principales arquitectos de la palabrer\u00eda \u201cpacifista\u201d, junto a Bolton y Trump, declar\u00f3 que \u201ces posible la acci\u00f3n militar. Si se requiere, Estados Unidos lo har\u00e1. Tratamos de hacer todo lo posible para evitar la violencia. Preferir\u00edamos una transici\u00f3n pac\u00edfica de gobierno\u201d.<\/p>\n<div><\/div>\n<div>Tan s\u00f3lo por una raz\u00f3n Estados Unidos no ha implementado la opci\u00f3n militar hasta ahora. No es por cualquier reparo a la invasi\u00f3n militar de otro pa\u00eds. Es por el fracaso de su intento de romper la alianza c\u00edvico-militar, ruptura que ser\u00eda la condici\u00f3n previa necesaria para la opci\u00f3n militar en el momento.<\/div>\n<div><\/div>\n<div>Para Washington, la guerra econ\u00f3mica siempre ha estado sobre la mesa y ha sido aplicada ferozmente. Luego de la elecci\u00f3n de Maduro en 2013 tras de la muerte de Ch\u00e1vez, Estados Unidos provoc\u00f3 y apoy\u00f3 una violenta oposici\u00f3n contra esa leg\u00edtima elecci\u00f3n, como pretexto para que la legislaci\u00f3n del presidente Obama hacia Venezuela pudiese sancionar a individuos de la Rep\u00fablica Bolivariana como castigo econ\u00f3mico, buscando as\u00ed crear obst\u00e1culos a los funcionarios chavistas y a miembros del Estado.<\/div>\n<div><\/div>\n<div>En marzo de 2015 Obama endureci\u00f3 esta pol\u00edtica al declarar a Venezuela una \u201camenaza para la seguridad nacional de Estados Unidos\u201d, abriendo as\u00ed la puerta a sanciones individuales adicionales. Trump ampli\u00f3 las sanciones econ\u00f3micas hacia sanciones colectivas y la plena guerra econ\u00f3mica. Como lo se\u00f1al\u00f3 el escritor y acad\u00e9mico internacional Vija y Prashad, influyente en la izquierda estadounidense: \u201cObama forj\u00f3 la lanza; Trump la lanz\u00f3 al coraz\u00f3n de Venezuela\u201d.<\/div>\n<div><\/div>\n<div>La guerra econ\u00f3mica dirigida por Trump contra Venezuela golpea especialmente la industria petrolera. Seg\u00fan un estudio publicado en Estados Unidos en mayo de 2019 por los destacados economistas estadounidenses, Mark Weisbrot y Jeffrey Sachs, \u00e9stas y otras sanciones econ\u00f3micas \u201chan infligido y progresivamente infligen da\u00f1os muy graves a la vida y a la salud humanas, incluidas m\u00e1s de 40.000 muertes entre 2017 y 2018. Tales sanciones encajar\u00edan en la definici\u00f3n de castigo colectivo de la poblaci\u00f3n civil, tal como se describe en las convenciones internacionales de Ginebra y La Haya, de las cuales Estados Unidos es signatario.\u201d<\/div>\n<div><\/div>\n<div>La guerra contra Venezuela incluye adem\u00e1s tres sabotajes a la red el\u00e9ctrica durante el mes de marzo de 2019. Adem\u00e1s, tuvieron lugar tres intentos de golpe de Estado, entre el 23 de enero y el 30 de abril, junto con m\u00faltiples y amplias acciones de oposici\u00f3n contra los intentos por adherentes al chavismo que defienden la revoluci\u00f3n en las calles. Es posible imaginar c\u00f3mo estas acciones de masa afectan la ya golpeada econom\u00eda y el funcionamiento de lo que ha llegado a ser una vida muy dif\u00edcil.<\/div>\n<div><\/div>\n<div>La guerra medi\u00e1tica liderada por Estados Unidos contra Maduro, el chavismo y sus partidarios, es adem\u00e1s uno de las m\u00e1s feroces de la historia reciente.<\/div>\n<div><\/div>\n<div>El 16 de mayo, tras un mes de enfrentamientos f\u00edsicos, la administraci\u00f3n Trump orden\u00f3 a la polic\u00eda invadirla Embajada de Venezuela en Washington, mientras los \u201cpacifistas\u201d mantuvieron silencio acerca de esta guerra en la misma ciudad donde viven y trabajan muchos de ellos.<\/div>\n<div><\/div>\n<div>\u00bfQu\u00e9 viene luego de la narrativa \u201cpacifista\u201d en oposici\u00f3n a una eventual intervenci\u00f3n militar y a favor de una \u201ctransici\u00f3n pac\u00edfica\u201d, a la vez que mantienen silencio acerca de la actual guerra multifac\u00e9tica?<\/div>\n<div><\/div>\n<div>La narrativa liderada por Estados Unidos para restringir la oposici\u00f3n a su pol\u00edtica hacia Venezuela exclusivamente a los estrechos confines de una intervenci\u00f3n militar, mientras ignora por completo la guerra contra Venezuela, s\u00f3lo sirve para ganar tiempo. Su objetivo es provocar una implosi\u00f3n en Venezuela con el fin de tomar el control, sin jam\u00e1s haber puesto una bota en suelo venezolano.<\/div>\n<div><\/div>\n<div>\u00bfEs esta la nueva guerra? De serlo, no es tan nueva. \u00bfNo fue este su objetivo en 1960, por medio del bloqueo contra Cuba, buscando generar \u201cel desencanto y el desaliento basados en la insatisfacci\u00f3n y en las dificultades econ\u00f3micas\u201d, para provocar la revuelta del pueblo contra el gobierno?<\/div>\n<div><\/div>\n<div>Estados Unidos no aprende de la historia.<\/div>\n","protected":false},"excerpt":{"rendered":"<p>Arnold August (Bar\u00f3metro Internacional, 11-6-19) &nbsp; \u00a1Estoy en contra de la intervenci\u00f3n militar!\u201d, afirma una narrativa estadounidense como pretexto ante una declaraci\u00f3n sobre Venezuela. Tal \u201cnegativa\u201d consuela las conciencias liberales y se esfuerza por mantener las deseables -pero cada vez m\u00e1s ilusorias- credenciales del \u201cprogresismo\u201d acad\u00e9mico, period\u00edstico y pol\u00edtico de los Estados Unidos. Eso nada [&hellip;]<\/p>\n","protected":false},"author":1,"featured_media":6672,"comment_status":"open","ping_status":"open","sticky":false,"template":"","format":"standard","meta":{"footnotes":""},"categories":[14,12],"tags":[],"class_list":["post-33639","post","type-post","status-publish","format-standard","has-post-thumbnail","hentry","category-internacionales","category-politica-3"],"_links":{"self":[{"href":"https:\/\/debateplural.net\/site\/wp-json\/wp\/v2\/posts\/33639"}],"collection":[{"href":"https:\/\/debateplural.net\/site\/wp-json\/wp\/v2\/posts"}],"about":[{"href":"https:\/\/debateplural.net\/site\/wp-json\/wp\/v2\/types\/post"}],"author":[{"embeddable":true,"href":"https:\/\/debateplural.net\/site\/wp-json\/wp\/v2\/users\/1"}],"replies":[{"embeddable":true,"href":"https:\/\/debateplural.net\/site\/wp-json\/wp\/v2\/comments?post=33639"}],"version-history":[{"count":1,"href":"https:\/\/debateplural.net\/site\/wp-json\/wp\/v2\/posts\/33639\/revisions"}],"predecessor-version":[{"id":33640,"href":"https:\/\/debateplural.net\/site\/wp-json\/wp\/v2\/posts\/33639\/revisions\/33640"}],"wp:featuredmedia":[{"embeddable":true,"href":"https:\/\/debateplural.net\/site\/wp-json\/wp\/v2\/media\/6672"}],"wp:attachment":[{"href":"https:\/\/debateplural.net\/site\/wp-json\/wp\/v2\/media?parent=33639"}],"wp:term":[{"taxonomy":"category","embeddable":true,"href":"https:\/\/debateplural.net\/site\/wp-json\/wp\/v2\/categories?post=33639"},{"taxonomy":"post_tag","embeddable":true,"href":"https:\/\/debateplural.net\/site\/wp-json\/wp\/v2\/tags?post=33639"}],"curies":[{"name":"wp","href":"https:\/\/api.w.org\/{rel}","templated":true}]}}