{"id":33784,"date":"2019-06-18T11:22:14","date_gmt":"2019-06-18T15:22:14","guid":{"rendered":"http:\/\/debateplural.com\/?p=33784"},"modified":"2019-06-18T11:50:29","modified_gmt":"2019-06-18T15:50:29","slug":"en-defensa-de-la-constitucion-y-de-la-democracia","status":"publish","type":"post","link":"https:\/\/debateplural.net\/site\/2019\/06\/18\/en-defensa-de-la-constitucion-y-de-la-democracia\/","title":{"rendered":"En defensa de la Constituci\u00f3n y de la democracia"},"content":{"rendered":"<p>La defensa de la Constituci\u00f3n y de la democracia se ha convertido en la causa de la naci\u00f3n y del pueblo dominicano en la presente coyuntura hist\u00f3rica que vive la Rep\u00fablica Dominicana.<\/p>\n<p>Esa causa, asumida por el estadista Leonel Fern\u00e1ndez \u2013el m\u00e1s grande l\u00edder pol\u00edtico con que cuenta el pa\u00eds en estos momentos-, ha sido asumida, casi al un\u00edsono, por la inmensa mayor\u00eda del pueblo dominicano.<\/p>\n<p>En una retrospectiva hist\u00f3rica la causa de la constitucionalidad que convoc\u00f3 al pueblo dominicano en 1965 a darse cita en la m\u00e1s grande gesta hist\u00f3rica c\u00edvico-militar del siglo XX, la Guerra Patria de Abril, la que se plante\u00f3 como objetivo central el retorno a la constitucionalidad, castrada y usurpada por el golpe de Estado al gobierno de Juan Bosch en 1963, y como segundo objetivo restaurar la soberan\u00eda perdida como consecuencia directa de la intervenci\u00f3n militar de Estados Unidos en nuestro pa\u00eds.<\/p>\n<p>En el pa\u00eds se han hecho varias reformas constitucionales en las \u00faltimas d\u00e9cadas: la de 1994 necesaria porque la misma se hizo para dar salida a una crisis pol\u00edtico-institucional poselectoral que pudo haber derivado en una guerra civil o en una gran tragedia, la de Hip\u00f3lito Mej\u00eda de 2002 que fue innecesaria porque \u00e9l la modific\u00f3 con la expresa intenci\u00f3n de hacerse un saco a la medida y la de Danilo Medina de 2015 que fue innecesaria tambi\u00e9n, aunque la haya aprobado la mayor\u00eda mec\u00e1nica del CP del PLD, y que se le impuso al pueblo dominicano sin oir previamente el parecer de \u00e9ste en un refer\u00e9ndum que debi\u00f3 haberse convocado para tales fines.<\/p>\n<p>Hoy el grupo en el poder, no obstante la taxativa prohibici\u00f3n que establece el texto constitucional en el art\u00edculo 124 y en la vig\u00e9sima disposici\u00f3n transitoria y en abierta violaci\u00f3n al pacto suscrito en el 15, quiere aplicar una cirug\u00eda similar a la junio de 2015 para tratar de posibilitarle una segunda reelecci\u00f3n o un tercer mandato al actual presidente de la Rep\u00fablica.<\/p>\n<p>Las masivas, colectivas y en\u00e9rgicas respuestas de los diferentes sectores del pueblo dominicano no se han hecho esperar para frustrar los intentos de reformar la Constituci\u00f3n para reintroducir la figura de la reelecci\u00f3n presidencial consecutiva.<\/p>\n<p>La meca o el lugar de peregrinaje del pueblo dominicano para ir a expresar su potente y vibrante voz en defensa de la Constituci\u00f3n y de la democracia ha sido el m\u00e1s encumbrado hogar de la democracia y de los sistemas democr\u00e1ticos modernos: El Parlamento o el Congreso Nacional<\/p>\n<p>Esa voz se ha estado proyectando n\u00edtida y veloz en los cuatro costados de la geograf\u00eda nacional, quedando el eco como un zumbido que no se agota en la mente de los dominicanos de buen coraz\u00f3n, porque el futuro democr\u00e1tico del pa\u00eds tenemos que construirlo, dise\u00f1arlo y decidirlo hoy.<\/p>\n<p>Todo indica que al d\u00eda de hoy el oficialismo no cuenta con los votos para modificar la Constituci\u00f3n.<\/p>\n<p>Pero las fuerzas vivas de la naci\u00f3n, los diferentes sectores y los partidos pol\u00edticos, no deben dormirse ni bajar la guardia en la justa lucha en defensa de la Constituci\u00f3n y de la democracia, que es la lucha en defensa del inter\u00e9s de la Naci\u00f3n y del inter\u00e9s del pueblo dominicano.<\/p>\n<p>Y es que no podemos ni debemos, por una raz\u00f3n hist\u00f3rica y de sobrevivencia como naci\u00f3n y como pueblo, permitir el trueque, totalmente inaceptable, de democracia por dictadura o democracia por autoritarismo.<\/p>\n<p>\u00a1No al atraco o al asalto a la Constituci\u00f3n! \u00a1Tampoco queremos una monocracia!<\/p>\n<p>Asumir la defensa de la Constituci\u00f3n como causa de lucha de un pueblo es asumir la causa de la libertad, de la democracia, de los derechos fundamentales y de un verdadero Estado de derecho y de seguridad jur\u00eddica.<\/p>\n<p>Asumir la defensa de la Constituci\u00f3n como causa de lucha es asumir \u00edntegra y cabalmente la causa de la identidad democr\u00e1tica.<\/p>\n<p>Durante la sin igual tiran\u00eda de Trujillo la causa del pueblo dominicano estaba orientada a provocar el nacimiento de la democracia y de la libertad en el marco del Estado burgu\u00e9s de derecho.<\/p>\n<p>Hoy la causa del pueblo dominicano es para evitar que sucumban la Constituci\u00f3n, la democracia, la libertad y el Estado de derecho.<\/p>\n<p>Nadie se imaginaba en los tiempos de Juan Bosch que hoy, en pleno siglo XXI, un sector del PLD estar\u00eda abogando por una reforma a la Constituci\u00f3n con fines de perpetuidad en el ejercicio del poder p\u00fablico.<\/p>\n<p>\u00a1Cu\u00e1nta desviaci\u00f3n respecto de las esencias primigenias del PLD, fundado por Juan Bosch en el lapso Noviembre-Diciembre de 1973!<\/p>\n<p>Hechos o acontecimientos iguales o id\u00e9nticos es muy dif\u00edcil que se produzcan en el decurso o devenir de la historia, por lo que es imposible evidenciar emp\u00edricamente la hip\u00f3tesis del \u201ceterno retorno de lo id\u00e9ntico\u201d del fil\u00f3sofo y poeta alem\u00e1n del siglo XIX Friedrich Nietzsche. S\u00ed pueden producirse acontecimientos similares o parecidos.<\/p>\n<p>\u00bfQu\u00e9 papel medular juega la Constituci\u00f3n de un pa\u00eds en la organizaci\u00f3n del Estado, de la sociedad y del ejercicio del poder pol\u00edtico? \u00bfPuede haber democracia sin Constituci\u00f3n? \u00bfPor qu\u00e9 el inter\u00e9s central y nacional de preservar la Constituci\u00f3n en este momento de la vida pol\u00edtica dominicana?<\/p>\n<p>El concepto corriente o generalizado de Constituci\u00f3n es el que la asume como ley fundamental, carta magna o ley de leyes. Pero Carl Schmitt, uno de los m\u00e1s grandes constitucionalistas de todos los tiempos, distingue y caracteriza varios conceptos de Constituci\u00f3n: el concepto absoluto, el concepto relativo, el concepto positivo y el concepto ideal<\/p>\n<p>\u201cSi se quiere llegar a una inteligencia, hay que limitar la palabra constituci\u00f3n a la Constituci\u00f3n del Estado, es decir, de la unidad pol\u00edtica de un pueblo. En esta delimitaci\u00f3n puede designarse al Estado mismo, al Estado particular y concreto como unidad pol\u00edtica, o bien, considerado como una forma especial y concreta de la existencia estatal; entonces significa la situaci\u00f3n total de la unidad y ordenaci\u00f3n pol\u00edticas. Pero Constituci\u00f3n puede significar un sistema cerrado de normas, y entonces designa una unidad, s\u00ed, pero no una unidad existiendo en concreto, sino pensada, ideal. En ambos casos el concepto de Constituci\u00f3n es absoluto porque ofrece un todo (verdadero o pensado)\u201d. (Carl Schmitt, Teor\u00eda de la Constituci\u00f3n, Pag, 35)<\/p>\n<p>En el concepto absoluto de Constituci\u00f3n es dominante el concepto unitario de Constituci\u00f3n como un todo.<\/p>\n<p>\u201cLa relativizaci\u00f3n del concepto de Constituci\u00f3n, apunta el jurisconsulto alem\u00e1n Schmitt, consiste en que en lugar de fijar el concepto unitario de Constituci\u00f3n como un todo, se fija solo el de ley constitucional concreta, pero el concepto de ley constitucional se fija seg\u00fan caracter\u00edsticas externas y accesorias, llamadas formales\u201d. (Schmitt, Pag. 45)<\/p>\n<p>La fundamentaci\u00f3n jur\u00eddica del Estado como unidad pol\u00edtica est\u00e1 contenida en la Constituci\u00f3n de una naci\u00f3n, independientemente de cu\u00e1l sea el concepto de Constituci\u00f3n que se asuma como dominante. El principio de participaci\u00f3n -existencia, organicidad y vigencia de los derechos fundamentales y derechos humanos en sentido general- y el principio org\u00e1nico \u2013divisi\u00f3n, estructura y funcionalidad de los poderes p\u00fablicos- juegan un papel fundamental en la organizaci\u00f3n jur\u00eddica y pol\u00edtica del Estado, y todo eso se consigna y se contempla primero en la Constituci\u00f3n del Estado y de la naci\u00f3n.<\/p>\n<p>Es en la Constituci\u00f3n donde est\u00e1n establecidos los principios de soberan\u00eda popular, de identidad, de representaci\u00f3n y de participaci\u00f3n: principios clave en la organizaci\u00f3n y funcionamiento de la democracia representativa o del sistema parlamentario.<\/p>\n<p>Aunque la democracia, poder del pueblo o poder de las mayor\u00edas, nace de las entra\u00f1as y esencias del pueblo, no puede haber democracia efectiva sin una Constituci\u00f3n que le d\u00e9 fundamento, organicidad y funcionalidad en lo jur\u00eddico y en lo pol\u00edtico y social.<\/p>\n<p>Pero es en la Constituci\u00f3n donde est\u00e1n contenidos claramente los principios de renovaci\u00f3n de los poderes p\u00fablicos, espec\u00edficamente los cargos de elecci\u00f3n popular.<\/p>\n<p>Y de manera muy obvia y taxativa est\u00e1n establecidos los l\u00edmites al ejercicio del poder. Son esos l\u00edmites al ejercicio del poder establecidos en la Constituci\u00f3n dominicano del a\u00f1o 2015 los que no se quieren respetar! Y esos l\u00edmites al ejercicio del poder pol\u00edtico en nuestro pa\u00eds fueron consignados en la actual Constituci\u00f3n con la expresa y deliberada voluntad, ejerci\u00f3 lib\u00e9rrimo y omn\u00edmodo del principio de la autonom\u00eda de la voluntad, del actual mandatario de la Rep\u00fablica.<\/p>\n<p>Solo el poder constituyente est\u00e1 por encima de la Constituci\u00f3n, y ese poder constituyente puede expresar a trav\u00e9s de una asamblea constituyente, cuyos miembros hayan sido escogidos en elecciones convocadas para tales fines o a trav\u00e9s de la asamblea revisora.<\/p>\n<p>No es sano ni correcto convocar el poder constituyente solo para hacerle una saco a la medida al presidente de turno, mucho menos cuando hay evidentes visos y signos de descomposici\u00f3n que apuntan en la direcci\u00f3n para la instalaci\u00f3n de un r\u00e9gimen de fuerza o autoritario o una dictadura.<\/p>\n<p>La Constituci\u00f3n del a\u00f1o 2010 -hechura de un estadista visionario, progresista y modernista como Leonel Fern\u00e1ndez- es la m\u00e1s avanzada, moderna y progresista que ha tenido el pa\u00eds en toda su historia republicana desde 1844.<\/p>\n<p>Solo en circunstancias muy especiales, que ocurren o concurren de tiempo en tiempo en una sociedad, podr\u00eda convocarse al poder constituyente, el pueblo o la asamblea revisora, para renovar o modificar art\u00edculos por necesidades comprobadas de la naci\u00f3n, del pueblo y de sus instituciones \u2013el sistema pol\u00edtico, social y democr\u00e1tico- o convocar al pueblo a elecciones para escoger los constituyentes con miras a darles una nueva Constituci\u00f3n a la Rep\u00fablica, al Estado y a la sociedad.<\/p>\n<p>Aunque hay principios en cualquier Constituci\u00f3n, los llamados inherentes o inmanentes, que no son modificables sin importar que la Constituci\u00f3n sea flexible o no.<\/p>\n<p>\u00a1Definitiva y rotundamente no al atraco y al asalto a la Constituci\u00f3n de 2015, porque una Constituci\u00f3n no debe modificarse cada cuatro a\u00f1os solo para satisfacer y complacer los apetitos y ambiciones desmedidas de perpetuaci\u00f3n o perpetuidad del actual mandatario de la Naci\u00f3n!<\/p>\n<p>\u00a1S\u00ed queremos una democracia efectiva y funcional, no una monocracia, mucho menos una dictadura o un r\u00e9gimen autoritario!<\/p>\n<p>\u00a1Nada ni nadie nos desviar\u00e1 de esta patri\u00f3tica, altruista y noble causa en defensa de la Constituci\u00f3n y de la democracia, que se ha convertido en una sacrosanta causa de la naci\u00f3n y del pueblo dominicano! \u00a1Patria libre o morir! \u00a1Hasta la victoria siempre!<\/p>\n","protected":false},"excerpt":{"rendered":"<p>La defensa de la Constituci\u00f3n y de la democracia se ha convertido en la causa de la naci\u00f3n y del pueblo dominicano en la presente coyuntura hist\u00f3rica que vive la Rep\u00fablica Dominicana. Esa causa, asumida por el estadista Leonel Fern\u00e1ndez \u2013el m\u00e1s grande l\u00edder pol\u00edtico con que cuenta el pa\u00eds en estos momentos-, ha sido [&hellip;]<\/p>\n","protected":false},"author":10,"featured_media":18961,"comment_status":"open","ping_status":"open","sticky":false,"template":"","format":"standard","meta":{"footnotes":""},"categories":[5,12],"tags":[],"class_list":["post-33784","post","type-post","status-publish","format-standard","has-post-thumbnail","hentry","category-nacionales","category-politica-3"],"_links":{"self":[{"href":"https:\/\/debateplural.net\/site\/wp-json\/wp\/v2\/posts\/33784"}],"collection":[{"href":"https:\/\/debateplural.net\/site\/wp-json\/wp\/v2\/posts"}],"about":[{"href":"https:\/\/debateplural.net\/site\/wp-json\/wp\/v2\/types\/post"}],"author":[{"embeddable":true,"href":"https:\/\/debateplural.net\/site\/wp-json\/wp\/v2\/users\/10"}],"replies":[{"embeddable":true,"href":"https:\/\/debateplural.net\/site\/wp-json\/wp\/v2\/comments?post=33784"}],"version-history":[{"count":1,"href":"https:\/\/debateplural.net\/site\/wp-json\/wp\/v2\/posts\/33784\/revisions"}],"predecessor-version":[{"id":33785,"href":"https:\/\/debateplural.net\/site\/wp-json\/wp\/v2\/posts\/33784\/revisions\/33785"}],"wp:featuredmedia":[{"embeddable":true,"href":"https:\/\/debateplural.net\/site\/wp-json\/wp\/v2\/media\/18961"}],"wp:attachment":[{"href":"https:\/\/debateplural.net\/site\/wp-json\/wp\/v2\/media?parent=33784"}],"wp:term":[{"taxonomy":"category","embeddable":true,"href":"https:\/\/debateplural.net\/site\/wp-json\/wp\/v2\/categories?post=33784"},{"taxonomy":"post_tag","embeddable":true,"href":"https:\/\/debateplural.net\/site\/wp-json\/wp\/v2\/tags?post=33784"}],"curies":[{"name":"wp","href":"https:\/\/api.w.org\/{rel}","templated":true}]}}