{"id":33786,"date":"2019-06-18T11:23:37","date_gmt":"2019-06-18T15:23:37","guid":{"rendered":"http:\/\/debateplural.com\/?p=33786"},"modified":"2019-06-18T12:20:00","modified_gmt":"2019-06-18T16:20:00","slug":"efemerides-patrias-de-la-cultura-2","status":"publish","type":"post","link":"https:\/\/debateplural.net\/site\/2019\/06\/18\/efemerides-patrias-de-la-cultura-2\/","title":{"rendered":"Efem\u00e9rides patrias de la cultura"},"content":{"rendered":"<p>Jose Rafael Lantigua, ex Ministro de Cultura de Rep\u00fablica Dominicana, (D. Libre, 1-6-13)<\/p>\n<p>&nbsp;<\/p>\n<p>El a\u00f1o en que discurrimos se acoge como jornada de aniversarios hist\u00f3ricos del patriotismo y la cultura dominicana, ideales para motivar acciones que procuren recordar la trascendencia de estas efem\u00e9rides.<\/p>\n<p>Junto al bicentenario de nacimiento de Juan Pablo Duarte, indiscutiblemente la celebraci\u00f3n conmemorativa por excelencia de este a\u00f1o, existen otras fechas de relevancia que requieren la atenci\u00f3n institucional y colectiva para que las divisas de la identidad y la proceridad dominicanas que, desde sus diferentes \u00e1ngulos, comportan las personalidades objetos de estas evocaciones, sean exaltadas y divulgadas, preferentemente en la poblaci\u00f3n joven que, por las a\u00f1ejas deficiencias de nuestro sistema educativo, ignora pormenores fundamentales de nuestra historia.<\/p>\n<p>A riesgo de olvidar algunas de estas conmemoraciones, me permito recordar seis de ellas que me parecen las m\u00e1s resaltantes. Ya se ha conmemorado una: la del cincuenta aniversario del ascenso al poder del Presidente Juan Bosch Gavi\u00f1o, el primer gobernante democr\u00e1ticamente elegido en la Rep\u00fablica Dominicana en m\u00e1s de tres d\u00e9cadas. El recordatorio de esta fecha memorable de nuestra historia -27 de febrero de 1963- me ha parecido d\u00e9bil. Esa fecha marca el inicio real del proceso democr\u00e1tico dominicano, que tendr\u00e1 m\u00e1s adelante cap\u00edtulos de largas inconveniencias para asentarse definitivamente, pero que deja, gracias al pensamiento y la pr\u00e1ctica gubernativa de su m\u00e1xima figura, un manojo de ense\u00f1anzas sobre la forma de ejercer la democracia en un pa\u00eds que todav\u00eda ignoraba sus valores, sacudido por la infame presencia durante poco m\u00e1s de seis lustros de un r\u00e9gimen f\u00e9rreo. Lamentablemente, a\u00fan persisten resquemores y malicias encubiertas en unos casos, ins\u00f3litamente abiertas en otros, en torno al Presidente Bosch y al relieve alcanzado por sus ef\u00edmeros siete meses de gesti\u00f3n gubernativa. Han pasado cinco decenios y todav\u00eda prevalecen actitudes de desd\u00e9n a ese periodo luminoso de nuestra historia entre quienes recibieron la herencia de la derrota eleccionaria de diciembre de 1962, por un lado, y los que surgieron como adversarios, y siguen ejerciendo esa posici\u00f3n en nuestros d\u00edas, a causa del Bosch posterior a 1973, los cuales se encuentran ramificados en diversos estratos sociales y pol\u00edticos. En una naci\u00f3n menos atiborrada de consignas inmaduras y con un conocimiento menos ponzo\u00f1oso sobre los valores de la realidad hist\u00f3rica, un acontecimiento como el recordado recientemente debi\u00f3 merecer una mayor y mejor cobertura nacional.<\/p>\n<p>En torno a esta figura egregia de nuestra vida pol\u00edtica y cultural se centrar\u00e1 otro aniversario dentro de cuatro meses: el triste momento en que el Presidente Bosch sale del poder a causa del insensato madrugonazo del 25 de septiembre de 1963. El primero ha debido elevar los valores y reglas de la vida en democracia, enalteciendo el ejercicio transparente de un gobernante que intent\u00f3 educar a una \"clase dirigente\" formada en el ostracismo o durante la dictadura, y a una poblaci\u00f3n sin experiencia democr\u00e1tica, sobre la forma de vivir en este sistema en un pa\u00eds cuya geograf\u00eda estaba afectada entonces por una peloner\u00eda inmensa y se mostraba aturdida, aunque esperanzada, ante la nueva realidad que viv\u00eda. El segundo aniversario mostrar\u00e1 el rostro severo de la imbecilidad pol\u00edtica que llev\u00f3 a un grupo de dirigentes partidarios y de comandantes militares a cerrar las v\u00e1lvulas de aquel proceso inici\u00e1tico con postulaciones que socavaron ese intento democr\u00e1tico. Para conmemorarlo, se soltar\u00e1n de nuevo en toda su r\u00edgida contumelia los resortes hist\u00f3ricos que apadrinaron o ejecutaron aquella acci\u00f3n abrupta de resultados que abrieron caminos de sangre, de odio y de inseguridad por largos a\u00f1os. Ren\u00e9 Fortunato, m\u00e1s que nadie, ha mantenido viva la historia y sus recovecos. Bastar\u00e1 solo refrescarla, sin avivar enconos, sino para situar el momento hist\u00f3rico en el espacio que le corresponde y recoger la semilla democr\u00e1tica sembrada en aquel hist\u00f3rico febrero de hace cincuenta a\u00f1os.<\/p>\n<p>En su ensamblaje intelectual, la historia recorre tramos diversos. No solo la vida pol\u00edtica o el engranaje social con todos sus matices, conforma el discurrir hist\u00f3rico. El arte y la literatura -que es otra forma art\u00edstica- cumplen roles determinantes en la construcci\u00f3n del devenir de los pueblos. Y en este terreno, el pa\u00eds dominicano tiene que realzar las contribuciones que, desde la escritura literaria o el ejercicio art\u00edstico, han realizado sus figuras se\u00f1eras en distintos momentos de nuestra historia, aportando con su arte o con sus letras al desarrollo de la conciencia, de la identidad y del patriotismo. En este espacio sit\u00fao cuatro conmemoraciones que se constituir\u00eda en un deshonor patrio el no tenerlas presentes en la agenda institucional dominicana de este a\u00f1o.<\/p>\n<p>La primera llega el pr\u00f3ximo lunes, cuando se conmemora el centenario de nacimiento del poeta nacional, Pedro Mir. He dicho antes que Mir integr\u00f3 el poema a su empoderamiento social, hizo que alcanzara la dimensi\u00f3n de la profec\u00eda y el aliento de esperanza en tiempos hist\u00f3ricamente dif\u00edciles y absurdos. Hace 64 a\u00f1os, en La Habana, Mir cre\u00f3 Hay un pa\u00eds en el mundo y, a partir de aquel entonces, el poema pas\u00f3 a ser la representaci\u00f3n de la esencia de la dominicanidad mancillada y la esperanza del porvenir iluminado. Nadie deber\u00eda negar que el pa\u00eds posterior a la Era de Trujillo no fue fundado en las calles ni en las plazas ni en los discursos ni en las proclamas pol\u00edticas. Ese pa\u00eds fue fundado por un poema que nos descubri\u00f3 desnudos en la orfandad de los sue\u00f1os, que nos vincul\u00f3 con la necesaria esperanza, que nos ense\u00f1\u00f3 que est\u00e1bamos colocados en el mismo trayecto del sol, que \u00e9ramos oriundos de la noche y que, en medio de una frondosa geograf\u00eda el campesino breve, seco y agrio mor\u00eda descalzo y la tierra no le alcanzaba para su bronca muerte. Todo lo dem\u00e1s vino despu\u00e9s, pero primero fue el poema de Mir y sus secuelas. Con toda justicia y derecho, Mir recibi\u00f3 en vida la excelsa distinci\u00f3n de Poeta Nacional de parte de las c\u00e1maras legislativas. El centenario de su nacimiento debiera constituirse en una org\u00eda de patri\u00f3tico lirismo en todos los rincones de la Rep\u00fablica.<\/p>\n<p>Olvido doloroso que el pa\u00eds cultural debiera resarcir, ha sido el centenario de la muerte en San Pedro de Macor\u00eds, el 18 de enero de 1913, de otro gran poeta, Gast\u00f3n Fernando Deligne. Han pasado cinco meses y poco se ha hecho para recordar esta efem\u00e9ride del patriotismo literario. Deligne fue la personalidad po\u00e9tica m\u00e1s encumbrada de la primera mitad del siglo veinte como el exponente m\u00e1s brillante de su generaci\u00f3n. Por largo tiempo, el poeta petromacorisano fue considerado en la \u00e9lite literaria dominicana como el poeta nacional, y sin dudas que lo fue (en franco debate con Salom\u00e9 Ure\u00f1a) para los que ejercieron la literatura, como escribas o lectores, hasta entrados los a\u00f1os sesenta. \"El esp\u00edritu nacional mejor dotado para la alta meditaci\u00f3n po\u00e9tica&#8230; el poeta dominicano que ha recibido, con mayor abundancia, el don supremo de la inspiraci\u00f3n verdaderamente creadora\", en palabras de Joaqu\u00edn Balaguer, quiz\u00e1 el mayor defensor de su estatura literaria. A\u00fan hay tiempo para recordar a Deligne, para reanalizar su obra y sus grandes aportes a la poes\u00eda dominicana del pasado siglo.<\/p>\n<p>El pr\u00f3ximo 14 de junio, en el marco de una gran fecha patri\u00f3tica, se ha de recordar el centenario de nacimiento de otra importante figura de las letras dominicanas, nativo de San Rafael del Yuma, el historiador y novelista Ram\u00f3n Marrero Aristy. Pocas veces recordado, Marrero es uno de los novelistas fundamentales de nuestra historia literaria. Simpatiz\u00f3 temprano con las ideas socialistas, pero se pleg\u00f3, como otros tantos intelectuales, al r\u00e9gimen trujillista, ocupando relevantes posiciones p\u00fablicas y haci\u00e9ndose cargo de la historia dominicana oficial que hab\u00eda desestimado escribir Am\u00e9rico Lugo. Al final, seguramente por profundas diferencias con la dictadura a la que serv\u00eda, fue v\u00edctima de la vesania del r\u00e9gimen, pero la importancia de su labor narrativa le otorga una dimensi\u00f3n especial a su vida. Sus novelas Over y Balsi\u00e9 son ejemplares virtuosos de la mejor narrativa dominicana, la primera dentro del espectro de las costumbres, y la segunda como obra cimera de la denominada novela de la ca\u00f1a. Ignorar a Marrero este a\u00f1o ser\u00eda imperdonable.<\/p>\n<p>Uno m\u00e1s. En esta semana que concluye, el pasado lunes 27, debi\u00f3 conmemorarse el centenario del nacimiento en Burgos, Espa\u00f1a, de Jos\u00e9 Vela Zanetti, el artista republicano que se asent\u00f3 en el pa\u00eds de la dictadura y que aqu\u00ed realiz\u00f3 una obra portentosa, diseminada por gran parte de la Rep\u00fablica, en murales y lienzos de gran valor. Algo a\u00fan debe hacerse para recordar a este gran artista. Cuando las instituciones y los ciudadanos olvidan las grandes efem\u00e9rides de un pa\u00eds (y las literarias y culturales los son), o solo recuerdan las que son pol\u00edticamente convenientes, los espacios de valoraci\u00f3n hist\u00f3rica de su discurrir se entumecen y se pervierten. No solo las militares y pol\u00edticas son efem\u00e9rides patrias. Las son tambi\u00e9n, y en igual o mayor grado, las culturales que constituyen el patrimonio engrandecedor de un pueblo.<\/p>\n","protected":false},"excerpt":{"rendered":"<p>Jose Rafael Lantigua, ex Ministro de Cultura de Rep\u00fablica Dominicana, (D. Libre, 1-6-13) &nbsp; El a\u00f1o en que discurrimos se acoge como jornada de aniversarios hist\u00f3ricos del patriotismo y la cultura dominicana, ideales para motivar acciones que procuren recordar la trascendencia de estas efem\u00e9rides. Junto al bicentenario de nacimiento de Juan Pablo Duarte, indiscutiblemente la [&hellip;]<\/p>\n","protected":false},"author":1,"featured_media":0,"comment_status":"open","ping_status":"open","sticky":false,"template":"","format":"standard","meta":{"footnotes":""},"categories":[18,5],"tags":[],"class_list":["post-33786","post","type-post","status-publish","format-standard","hentry","category-cultura","category-nacionales"],"_links":{"self":[{"href":"https:\/\/debateplural.net\/site\/wp-json\/wp\/v2\/posts\/33786"}],"collection":[{"href":"https:\/\/debateplural.net\/site\/wp-json\/wp\/v2\/posts"}],"about":[{"href":"https:\/\/debateplural.net\/site\/wp-json\/wp\/v2\/types\/post"}],"author":[{"embeddable":true,"href":"https:\/\/debateplural.net\/site\/wp-json\/wp\/v2\/users\/1"}],"replies":[{"embeddable":true,"href":"https:\/\/debateplural.net\/site\/wp-json\/wp\/v2\/comments?post=33786"}],"version-history":[{"count":1,"href":"https:\/\/debateplural.net\/site\/wp-json\/wp\/v2\/posts\/33786\/revisions"}],"predecessor-version":[{"id":33787,"href":"https:\/\/debateplural.net\/site\/wp-json\/wp\/v2\/posts\/33786\/revisions\/33787"}],"wp:attachment":[{"href":"https:\/\/debateplural.net\/site\/wp-json\/wp\/v2\/media?parent=33786"}],"wp:term":[{"taxonomy":"category","embeddable":true,"href":"https:\/\/debateplural.net\/site\/wp-json\/wp\/v2\/categories?post=33786"},{"taxonomy":"post_tag","embeddable":true,"href":"https:\/\/debateplural.net\/site\/wp-json\/wp\/v2\/tags?post=33786"}],"curies":[{"name":"wp","href":"https:\/\/api.w.org\/{rel}","templated":true}]}}