{"id":33829,"date":"2019-06-21T10:51:37","date_gmt":"2019-06-21T14:51:37","guid":{"rendered":"http:\/\/debateplural.com\/?p=33829"},"modified":"2019-06-21T10:51:37","modified_gmt":"2019-06-21T14:51:37","slug":"gobiernos-del-pld-generaciones-perdidas","status":"publish","type":"post","link":"https:\/\/debateplural.net\/site\/2019\/06\/21\/gobiernos-del-pld-generaciones-perdidas\/","title":{"rendered":"Gobiernos del PLD: Generaciones perdidas"},"content":{"rendered":"<p>Guillermo Moreno (D. Libre, 10-6-19)<\/p>\n<p>&nbsp;<\/p>\n<p>Los ni\u00f1os que ten\u00edan 10 a\u00f1os en el 1996, al volver Leonel Fern\u00e1ndez al poder en el 2004, cumplieron 18 a\u00f1os. Hoy son j\u00f3venes de 33 a\u00f1os. Los que nacieron en el 1996, hoy tienen 23 a\u00f1os y los que lo hicieron en el 2004, este a\u00f1o, est\u00e1n cumpliendo 15.<\/p>\n<p>La sociedad dominicana vive uno de los periodos de mayor inseguridad por delitos y cr\u00edmenes comunes y en muchos casos nos encontramos con j\u00f3venes pertenecientes a estos tres grupos etarios formados en los gobiernos del peled\u00e9.<\/p>\n<p>Cuando se discute el tema, unos identifican la causa del auge de la delincuencia en la falta de reales oportunidades, a lo que otros responden que en los mismos lugares en que unos delinquen, otros van a la escuela, aprenden oficios y se hacen profesionales y hombres y mujeres de bien.<\/p>\n<p>La verdad es que ambas opiniones tienen parte de la verdad pero es un problema complejo que no puede ignorar, como causa profunda, el modelo de sociedad instaurado por los gobiernos del peled\u00e9 y los patrones de conducta que se han hecho dominantes.<\/p>\n<p>Lo primero es que el peled\u00e9, desde su ascenso al poder, implant\u00f3 pol\u00edticas neoliberales y propici\u00f3 un modelo econ\u00f3mico afincado en los servicios, abandonando el campo dominicano y la agropecuaria; tambi\u00e9n la producci\u00f3n industrial y artesanal tradicional.<\/p>\n<p>La consecuencia inmediata del cambio de modelo fue una explosi\u00f3n migratoria a las principales ciudades; la formaci\u00f3n de centenares de barrios marginados de pobladores desarraigados, sin acceso a servicios b\u00e1sicos, viviendo en zonas de riesgo y en extrema pobreza. Muchos han sido asimilados por nuevos estilos de vida, sobre todo las generaciones j\u00f3venes, orientadas al consumismo, la b\u00fasqueda de dinero f\u00e1cil y r\u00e1pido, el hedonismo, el individualismo, entre otros.<\/p>\n<p>El modelo neoliberal combin\u00f3 crecimiento econ\u00f3mico sin distribuci\u00f3n equitativa de los ingresos, dando lugar a mayor concentraci\u00f3n de la riqueza, predominio de la econom\u00eda informal, los empleos precarios, los salarios de hambre y el desempleo. La otra consecuencia del modelo neoliberal fue la privatizaci\u00f3n de muchos servicios p\u00fablicos y la consagraci\u00f3n de una sociedad cada vez m\u00e1s elitista y de privilegios.<\/p>\n<p>En los gobiernos del peled\u00e9, con la complicidad de sectores oficiales, el narcotr\u00e1fico y el lavado de activos, se convirtieron en fuente de acumulaci\u00f3n y enriquecimiento r\u00e1pido. Pasamos de pa\u00eds de tr\u00e1nsito a pa\u00eds de alto consumo de droga y la proliferaci\u00f3n del microtr\u00e1fico convertido en fuente de empleo en muchos barrios y comunidades.<\/p>\n<p>En los gobiernos del peled\u00e9, como nunca antes, proliferan los juegos de azar, auspiciados por importantes dirigentes de la c\u00fapula peledeista, propietarios de cadenas de bancas y loter\u00edas.<\/p>\n<p>La acci\u00f3n de los partidos tradicionales ha convertido el ejercicio de la pol\u00edtica, de una actividad de conciencia y compromiso social, a una de las v\u00edas r\u00e1pidas de enriquecimiento. Estos partidos, para reproducirse en el poder fomentan en la poblaci\u00f3n pobre y muy pobre el clientelismo, corrompiendo su dignidad y haci\u00e9ndoles adictos a la d\u00e1diva a cambio de lealtad pol\u00edtica.<\/p>\n<p>En los gobiernos del peled\u00e9 la democracia es una caricatura. Han hecho de la Constituci\u00f3n un papel desechable. Hay un irrespeto generalizado de la ley. Las instituciones est\u00e1n secuestradas y puestas al servicio de los intereses del partido oficial. La justicia y el ministerio p\u00fablico le garantizan impunidad a la c\u00fapula peledeista.<\/p>\n<p>En los gobiernos del peled\u00e9 la familia, c\u00e9lula esencial de la sociedad, enfrenta un momento cr\u00edtico. Unas son disfuncionales con hijos abandonados a su propia suerte. Otra parte encabezadas por madres solteras. Adem\u00e1s predominan las relaciones sexuales a edad temprana deriv\u00e1ndose embarazos en adolescente, ni\u00f1as pariendo ni\u00f1as. Es una verdadera plaga la violencia y discriminaci\u00f3n contra la mujer y los feminicidios.<\/p>\n<p>Es decir: el mal de fondo que carcome nuestra sociedad es que los gobiernos del peled\u00e9 han impuesto como pautas sociales dominantes el enriquecimiento r\u00e1pido y por esa v\u00eda tener acceso a los bienes y placeres con que seduce la publicidad consumista. Nos referimos en concreto al narcotr\u00e1fico, la corrupci\u00f3n, los juegos de azar y la delincuencia.<\/p>\n<p>Resulta entonces l\u00f3gico que una sociedad dominada por este amasijo de inconductas, propiciadas desde el poder pol\u00edtico mismo, engendre un clima de inseguridad y de violencia creciente como el que vivimos.<\/p>\n<p>En el contexto social dominicano, en donde predomina un sistema generalizado de injusticias, privilegios y de antivalores es natural que se haya desprestigiado la escuela, la educaci\u00f3n y el desarrollo del talento propio como las v\u00edas leg\u00edtimas de progreso y ascenso social; que muchos no asuman el trabajo como el camino para la b\u00fasqueda de bienestar y progreso y, que cada vez, sean menos las familias que forjen hijos responsables y ciudadanos comprometidos con su pa\u00eds.<\/p>\n<p>Los gobiernos del peled\u00e9 han lanzado a la sociedad dominicana a la hoguera y en ella se vienen consumiendo varias generaciones. Para salir del abismo en que nos encontramos se va a requerir de un liderazgo en capacidad y actitud de enfrentar y cortar de ra\u00edz las causas de los males que padecemos. Todo lo otro es pura demagogia y politiquer\u00eda.<\/p>\n","protected":false},"excerpt":{"rendered":"<p>Guillermo Moreno (D. Libre, 10-6-19) &nbsp; Los ni\u00f1os que ten\u00edan 10 a\u00f1os en el 1996, al volver Leonel Fern\u00e1ndez al poder en el 2004, cumplieron 18 a\u00f1os. Hoy son j\u00f3venes de 33 a\u00f1os. Los que nacieron en el 1996, hoy tienen 23 a\u00f1os y los que lo hicieron en el 2004, este a\u00f1o, est\u00e1n cumpliendo [&hellip;]<\/p>\n","protected":false},"author":1,"featured_media":9349,"comment_status":"open","ping_status":"open","sticky":false,"template":"","format":"standard","meta":{"footnotes":""},"categories":[5,12],"tags":[],"class_list":["post-33829","post","type-post","status-publish","format-standard","has-post-thumbnail","hentry","category-nacionales","category-politica-3"],"_links":{"self":[{"href":"https:\/\/debateplural.net\/site\/wp-json\/wp\/v2\/posts\/33829"}],"collection":[{"href":"https:\/\/debateplural.net\/site\/wp-json\/wp\/v2\/posts"}],"about":[{"href":"https:\/\/debateplural.net\/site\/wp-json\/wp\/v2\/types\/post"}],"author":[{"embeddable":true,"href":"https:\/\/debateplural.net\/site\/wp-json\/wp\/v2\/users\/1"}],"replies":[{"embeddable":true,"href":"https:\/\/debateplural.net\/site\/wp-json\/wp\/v2\/comments?post=33829"}],"version-history":[{"count":1,"href":"https:\/\/debateplural.net\/site\/wp-json\/wp\/v2\/posts\/33829\/revisions"}],"predecessor-version":[{"id":33830,"href":"https:\/\/debateplural.net\/site\/wp-json\/wp\/v2\/posts\/33829\/revisions\/33830"}],"wp:featuredmedia":[{"embeddable":true,"href":"https:\/\/debateplural.net\/site\/wp-json\/wp\/v2\/media\/9349"}],"wp:attachment":[{"href":"https:\/\/debateplural.net\/site\/wp-json\/wp\/v2\/media?parent=33829"}],"wp:term":[{"taxonomy":"category","embeddable":true,"href":"https:\/\/debateplural.net\/site\/wp-json\/wp\/v2\/categories?post=33829"},{"taxonomy":"post_tag","embeddable":true,"href":"https:\/\/debateplural.net\/site\/wp-json\/wp\/v2\/tags?post=33829"}],"curies":[{"name":"wp","href":"https:\/\/api.w.org\/{rel}","templated":true}]}}