{"id":34125,"date":"2019-07-04T10:25:35","date_gmt":"2019-07-04T14:25:35","guid":{"rendered":"http:\/\/debateplural.com\/?p=34125"},"modified":"2019-07-04T11:30:04","modified_gmt":"2019-07-04T15:30:04","slug":"la-republica-espanola-fuente-de-arte-y-pensamiento","status":"publish","type":"post","link":"https:\/\/debateplural.net\/site\/2019\/07\/04\/la-republica-espanola-fuente-de-arte-y-pensamiento\/","title":{"rendered":"La Rep\u00fablica Espa\u00f1ola, fuente de arte y pensamiento"},"content":{"rendered":"<p>Delia Blanco (Hoy, 29-7-19)<\/p>\n<p>&nbsp;<\/p>\n<p><strong>Este \u00e1lbum cumple con la verdadera historia de esta aventura humana de parte del exilio espa\u00f1ol que vino a asentarse aqu\u00ed.<\/strong><\/p>\n<p>El Archivo General de la Naci\u00f3n acaba de publicar un documento titulado \u201cEl exilio espa\u00f1ol en Rep\u00fablica Dominicana, 1939-1940\u201d, CCCLXV de las interesantes y necesarias publicaciones que dicha instituci\u00f3n dirigida por el historiador doctor Roberto Cass\u00e1 Bernaldo de Quir\u00f3s, ha venido promoviendo y apoyando.<\/p>\n<p>Recibimos este obsequio de una persona fundamental en el quehacer y reconocimiento de esta historia, se trata de Monserrat Prats Vent\u00f3s, hija del maestro Antonio Prats Vent\u00f3s, quienes incluyeron una dedicatoria\u2026 En memoria de aquellos que tuvieron que volver a comenzar lejos de casa , de sus padres y abuelos entre ellos\u2026<\/p>\n<p>Esta frase dedicatoria que comparto de lleno en su significado, siempre pensamos en ella como uno de los logros profundos de la Feria del Libro de Madrid, recientemente dedicada a la Rep\u00fablica Dominicana, siendo necesario evidenciar ese puente existencial entre dominicanos y espa\u00f1oles, a trav\u00e9s de una historia que fusiona a dos naciones con un cemento humano \u00fanico en la historia contempor\u00e1nea. Saludamos aqu\u00ed el trabajo de tres descendientes de esta Historia: Natalia Gonz\u00e1lez Tejera, (historiadora e hija del famoso revolucionario espa\u00f1ol Manuel Gonz\u00e1lez, mejor conocido como Manolo el Gallego, un incansable combatiente de la Revoluci\u00f3n de Abril de 1965. Montserrat [DB1] Prats Garc\u00eda, y de Constancio Cass\u00e1 Bernaldo de Quir\u00f3s, quienes hicieron un trabajo de investigaci\u00f3n invaluable, y con el orgullo de colocar esta historia con los familiares y descendientes de los exilados espa\u00f1oles y como gran aporte al pueblo dominicano.<\/p>\n<p>Este trabajo de investigaci\u00f3n tiene el valor de colocar esta historia en contacto con familiares de exiliados espa\u00f1oles, hoy d\u00eda dominicanos, permiti\u00e9ndoles ampliar sus recuerdos y sus conocimientos a la luz de la b\u00fasqueda de documentos, fotograf\u00edas, fichas, recuerdos orales, emocionales y pol\u00edticos que ponen a flotar de nuevo esa bandera republicana por la que lucharon sus familiares, incluyendo los m\u00edos.<\/p>\n<p>Tenemos un formidable corpus hist\u00f3rico que nos realza las circunstancias en medio de las cuales los ascendientes de los autores llegaron al pa\u00eds.<\/p>\n<p>Este \u00e1lbum cumple con la verdadera historia de esta aventura humana de parte del exilio espa\u00f1ol que vino a asentarse , enfocando el proceso desde el arribo hasta la instalaci\u00f3n definitiva en Rep\u00fablica Dominicana.<br \/>\nLas fotos nos indican que los primeros a\u00f1os no fueron color de rosa, pues el pueblo dominicano, estaba amordazado por la dictadura de Trujillo, pero gracias a la Junta Pro Refugiados espa\u00f1oles, creada en agosto de 1939, se pudo coordinar y unificar la ayuda a los exiliados.<\/p>\n<p>Editado con una excelente visi\u00f3n acad\u00e9mica y educativa, el documento contiene elementos cient\u00edficos interesantes como los formularios que identificaban a estos espa\u00f1oles y a trav\u00e9s de ellos los autores han podido clasificar las y los artistas, hombres, mujeres, lo que aportaron una planilla transparente de definici\u00f3n societal.<\/p>\n<p>Los soci\u00f3logos, los historiadores, periodistas e intelectuales, encontrar\u00e1n en este \u00e1lbum informaciones precisas.<br \/>\nUna foto fascinante me permite aqu\u00ed enlazar con este episodio de la historia nacional a do\u00f1a Mar\u00eda Ugarte, con su hija Carmenchu, en la colonia Medina en San Cristobal, tambi\u00e9n llamada Villa Silveria.<\/p>\n<p>Esta etapa, dolorosa para muchos se fue borrando poco a poco gracias al reconocimiento de muchos dominicanos de gran valor art\u00edstico y cultural de esta comunidad excepcional, lo que abri\u00f3 un espacio de participaci\u00f3n en las universidades, como profesores con luces y erudici\u00f3n en el campo de las leyes y la filosof\u00eda.<\/p>\n<p>En la memoria colectiva de los dominicanos, lo que m\u00e1s se menciona e identifica es el aporte art\u00edstico y cultural. En ese sentido, el documento identifica a artista como \u00c1ngel Botello Barros con una magn\u00edfica e impresionante fotograf\u00eda del artista frente su modelo, en otra tenemos a Vela Zanetti trabajando su mural en la Logia Cuna de Am\u00e9rica, los murales de la iglesia de San Crist\u00f3bal, entre otros; pero adem\u00e1s disfrutamos de un recorrido que aporta muchas luces sobre estos grupos de refugiados que por encima de las prohibiciones del r\u00e9gimen de Trujillo, supieron con gallard\u00eda y convicci\u00f3n militante alimentar el sector anti trujilista de sus experiencias ideol\u00f3gicas y de sus praxis pol\u00edticas democr\u00e1ticas y revolucionarias.<\/p>\n<p>El cap\u00edtulo sobre los artistas ofrece lo m\u00e1s profundo de una Rep\u00fablica que enfocaba el arte y la literatura como una apuesta invencible de la democracia y de la libertad, en ese sentido Rep\u00fablica Dominicana, pertenece al concierto universal del patrimonio de los artistas republicanos al mundo, en ese concierto tenemos en el pa\u00eds el mayor patrimonio del Caribe en el Museo Bellapart que exhibe una colectiva brillante de los artistas Jos\u00e9 Gausachs, Francisco Gausachs, Prats-Ventos, Jos\u00e9 Vela Zanetti, Eugenio Fern\u00e1ndez Granell, Manolo Pascual, entre otros.<br \/>\nPor encima del marco represivo de esos a\u00f1os, apellidos de ciudadanos dominicanos ilustrados, hombres de bien, como el doctor Julio Ortega Frier, el arquitecto Jos\u00e9 Antonio Caro, hicieron posible que la inteligencia y el imaginario de estos artistas fuera protegido y sobre todo utilizado para fortalecer la academia cient\u00edfica y la academia de las Artes, colaborando con los artistas nacionales a trav\u00e9s de los nuevos lenguajes que se manifestaban en las vanguardias europeas, efectivamente, es a partir de 1940, que en la ciudad capital se celebran exposiciones de artes colectivas de artistas dominicanos con exiliados espa\u00f1oles.<\/p>\n<p>La escritora y cr\u00edtica de arte Jeannette Miller, en su libro \u201cArte dominicano 1844-2000\u201d menciona con precisi\u00f3n este legado. En 1944 se celebra el Primer Centenario de la Rep\u00fablica Dominicana; en este clima de apertura se nutren los primeros artistas que salen de la Escuela Nacional de Bellas Artes: Expresionismo, surrealismo, neorrealismo sirven para pintar el hambre y la magia, la vegetaci\u00f3n lujuriosa y el sometimiento de la dictadura a trav\u00e9s de met\u00e1foras y leyendas.<\/p>\n<p>Ahora bien, como lo expresara Antonio Prats-Vent\u00f3s, el tr\u00f3pico tuvo una influencia definitiva en estos artistas, pues la luz del tr\u00f3pico, los colores, los cuerpos humanos iniciaron una decisi\u00f3n primordial en la ejecuci\u00f3n de sus pinturas, esculturas y dibujos notables como los de Jos\u00e9 Gausachs en obras como \u201cPerfil negrita\u201d, de 1946, y en la escultura de Prats Vent\u00f3s, de 1948, \u201cSue\u00f1o mulato\u201d.<\/p>\n<p>El libro \u2026El exilio espa\u00f1ol en Rep\u00fablica Dominicana, 1939-1940, se presenta como un \u00e1lbum investigativo que ayudar\u00eda a seguir indagado, conociendo, m\u00faltiples aspectos que se quedan abiertos y pendientes.<\/p>\n<p>Publicado para circular en la Feria del Libro de Madrid 2019, es indiscutible que despu\u00e9s del inter\u00e9s suscitado en ese evento con el apoyo de la Embajada de Rep\u00fablica Dominicana en Espa\u00f1a, nos parece de inter\u00e9s nacional que se despierte este conocimiento en las bibliotecas nacionales, en las escuelas y los centros art\u00edsticos y culturales del pa\u00eds.<br \/>\nLa Embajada de Espa\u00f1a en Rep\u00fablica Dominicana apoy\u00f3 este magn\u00edfico trabajo asoci\u00e1ndose en este primer intento que ir\u00e1 m\u00e1s a fondo en una segunda parte, ya en camino.<\/p>\n","protected":false},"excerpt":{"rendered":"<p>Delia Blanco (Hoy, 29-7-19) &nbsp; Este \u00e1lbum cumple con la verdadera historia de esta aventura humana de parte del exilio espa\u00f1ol que vino a asentarse aqu\u00ed. El Archivo General de la Naci\u00f3n acaba de publicar un documento titulado \u201cEl exilio espa\u00f1ol en Rep\u00fablica Dominicana, 1939-1940\u201d, CCCLXV de las interesantes y necesarias publicaciones que dicha instituci\u00f3n [&hellip;]<\/p>\n","protected":false},"author":1,"featured_media":34126,"comment_status":"open","ping_status":"open","sticky":false,"template":"","format":"standard","meta":{"footnotes":""},"categories":[18,5],"tags":[],"class_list":["post-34125","post","type-post","status-publish","format-standard","has-post-thumbnail","hentry","category-cultura","category-nacionales"],"_links":{"self":[{"href":"https:\/\/debateplural.net\/site\/wp-json\/wp\/v2\/posts\/34125"}],"collection":[{"href":"https:\/\/debateplural.net\/site\/wp-json\/wp\/v2\/posts"}],"about":[{"href":"https:\/\/debateplural.net\/site\/wp-json\/wp\/v2\/types\/post"}],"author":[{"embeddable":true,"href":"https:\/\/debateplural.net\/site\/wp-json\/wp\/v2\/users\/1"}],"replies":[{"embeddable":true,"href":"https:\/\/debateplural.net\/site\/wp-json\/wp\/v2\/comments?post=34125"}],"version-history":[{"count":1,"href":"https:\/\/debateplural.net\/site\/wp-json\/wp\/v2\/posts\/34125\/revisions"}],"predecessor-version":[{"id":34127,"href":"https:\/\/debateplural.net\/site\/wp-json\/wp\/v2\/posts\/34125\/revisions\/34127"}],"wp:featuredmedia":[{"embeddable":true,"href":"https:\/\/debateplural.net\/site\/wp-json\/wp\/v2\/media\/34126"}],"wp:attachment":[{"href":"https:\/\/debateplural.net\/site\/wp-json\/wp\/v2\/media?parent=34125"}],"wp:term":[{"taxonomy":"category","embeddable":true,"href":"https:\/\/debateplural.net\/site\/wp-json\/wp\/v2\/categories?post=34125"},{"taxonomy":"post_tag","embeddable":true,"href":"https:\/\/debateplural.net\/site\/wp-json\/wp\/v2\/tags?post=34125"}],"curies":[{"name":"wp","href":"https:\/\/api.w.org\/{rel}","templated":true}]}}