{"id":34507,"date":"2019-07-22T13:23:16","date_gmt":"2019-07-22T17:23:16","guid":{"rendered":"http:\/\/debateplural.com\/?p=34507"},"modified":"2019-07-22T13:23:16","modified_gmt":"2019-07-22T17:23:16","slug":"5-claves-para-entender-el-escenario-electoral-en-argentina","status":"publish","type":"post","link":"https:\/\/debateplural.net\/site\/2019\/07\/22\/5-claves-para-entender-el-escenario-electoral-en-argentina\/","title":{"rendered":"5 claves para entender el escenario electoral en Argentina"},"content":{"rendered":"<p>Katu Arkonada (teleSur, 20-7-19)<\/p>\n<p>&nbsp;<\/p>\n<p>En 2015 se perd\u00eda en las urnas argentinas el primer gobierno nacional-popular desde que comenzaba el ciclo progresista en 1998. Macri ganaba con globitos de colores, pero tambi\u00e9n entendiendo mejor la pol\u00edtica que un kirchnerismo que agotaba su m\u00edstica y no encontraba reemplazo para Cristina Fern\u00e1ndez de Kirchner.<\/p>\n<div class=\"qnewworld\"><\/div>\n<p>Es por ello que las elecciones del 27 de octubre son claves para determinar si la vieja-nueva derecha neoliberal consolida una alternativa al progresismo, o si se desvanece en una Argentina que tiene m\u00e1s de 13 millones de personas en situaci\u00f3n de pobreza, la tasa (33%) m\u00e1s alta de la \u00faltima d\u00e9cada.<\/p>\n<p>Para analizar el escenario electoral, son al menos 5 los factores que debemos tener en cuenta:<\/p>\n<p>Cristina. Su decisi\u00f3n de pasar a la vicepresidencia facilita la s\u00edntesis pol\u00edtico-electoral de una fuerza de oposici\u00f3n que ya estaba en la calle desde diciembre de 2017, semanas despu\u00e9s de la contundente victoria electoral del macrismo en las elecciones de medio t\u00e9rmino, cuando se lanzan una serie de reformas neoliberales al mundo del trabajo y parec\u00eda claro que el macrismo hab\u00eda llegado para quedarse y convertirse en hegem\u00f3nico.<\/p>\n<p>El enroque con Alberto Fern\u00e1ndez logra sintetizar y encolumnar por izquierda y derecha, incorporando desde sectores empresariales del c\u00edrculo rojo (rojo por el Grupo Clar\u00edn) o el empresariado oligop\u00f3lico argentino (minero, sider\u00fargico, energ\u00e9tico o la C\u00e1mara Argentina de la Construcci\u00f3n) a la CTA aut\u00f3noma, que nunca fue kirchnerista, o al Movimiento Evita, que estaba en posiciones cr\u00edticas.<\/p>\n<p>Para completar y cerrar el movimiento, la incorporaci\u00f3n del sindicalismo peronista de la CGT de Moyano, o de Sergio Massa como primer candidato a Diputado por Buenos Aires, centra y potencia el proyecto.<\/p>\n<p>Fondo Monetario Internacional. El FMI ha sido factor de orden de la pol\u00edtica econ\u00f3mica, y por lo tanto de gobierno, macrista. El candidato a Vicepresidente Miguel \u00c1ngel Pichetto parece ser una concesi\u00f3n, o m\u00e1s bien una imposici\u00f3n del propio FMI, pues colocar a un peronista en la f\u00f3rmula implica dar estabilidad a la restituci\u00f3n neoliberal seg\u00fan la lectura gringa de la pol\u00edtica, en una especie de menemismo recargado.<\/p>\n<p>Y aunque seg\u00fan los analistas pol\u00edticos argentinos Pichetto tiene menos territorio que una maceta, su presencia en la f\u00f3rmula junto a Macri, que queda como el \u00fanico no peronista de las y los candidatos de f\u00f3rmula presidencial, garantiza una imagen de centralidad institucional que le permite competir frente al binomio Fern\u00e1ndez-Fern\u00e1ndez.<\/p>\n<p>Consenso Federal. La tercera candidatura en disputa, la f\u00f3rmula entre el ex Ministro de Econom\u00eda kirchnerista Roberto Lavagna, y el Gobernador de Salta Juan Manuel Urtubey, puede ser determinante en una hipot\u00e9tica segunda vuelta.<\/p>\n<p>Si bien esta tercera v\u00eda no va a tener la fuerza territorial que acumul\u00f3 Sergio Massa en 2015 con el 21% de los votos, un resultado entre de entre 5 y 10% de apoyo popular podr\u00eda inclinar la balanza de uno u otro lado en la segunda vuelta.<\/p>\n<p>Y aunque minoritario, el apoyo que pueda obtener el trotskismo del Frente de Izquierda (FIT), que obtuvo el 3% en 2015, y el desplazamiento del voto (a la abstenci\u00f3n o a la f\u00f3rmula FF) en una posible segunda vuelta, tambi\u00e9n es una variante a tener en cuenta.<\/p>\n<p>Buenos Aires. La elecci\u00f3n que se producir\u00e1 para gobernador de la provincia de Buenos Aires, el mayor distrito electoral del pa\u00eds, el mismo 27 de octubre ser\u00e1 otro factor determinante de las elecciones presidenciales argentinas. En las elecciones a gobernador no hay segunda vuelta, por lo que, si el candidato kirchnerista Axel Kicillof logra ganar la elecci\u00f3n, el empresariado se alinear\u00e1 autom\u00e1ticamente con la f\u00f3rmula Fern\u00e1ndez-Fern\u00e1ndez.<\/p>\n<p>Asimismo, el resultado de la propia Ciudad Aut\u00f3noma de Buenos Aires (CABA) ser\u00e1 importante. Es muy probable que el macrista Larreta revalide la jefatura de gobierno de la ciudad, pero el kirchnerismo presenta a Mat\u00edas Lammens, Presidente del Club Atl\u00e9tico San Lorenzo y muy popular entre la ciudadan\u00eda progresista. Si Lammens logra elevar el techo kirchnerista del actual 20% al 30%, la candidatura de Fern\u00e1ndez-Fern\u00e1ndez va a tener un impulso m\u00e1s a nivel nacional.<\/p>\n<p>PASO. Las elecciones primarias, tambi\u00e9n llamadas primarias, abiertas, simult\u00e1neas y obligatorias (PASO)\u200b que tendr\u00e1n lugar el domingo 11 de agosto ser\u00e1n el otro elemento clave de estas elecciones. A medio camino entre una macro encuesta y una radiograf\u00eda electoral, el hecho de que Alberto Fern\u00e1ndez pudiera obtener alrededor del 40% y sacar varios puntos de ventaja a Macri, pudiera tambi\u00e9n alinear voto empresarial de cara a octubre.<\/p>\n<p>***<\/p>\n<p>Estas son las claves que van a definir una elecci\u00f3n muy polarizada entre un kirchnerismo que se ha tenido que transformar en un meta-movimiento, una suerte de catch-all party para el centro-izquierda y progresismo, y un macrismo que se quiere mostrar como una opci\u00f3n viable de centro-derecha. Probablemente la disputa vuelva a estar de nuevo, entre las clases medias progresistas y las clases medias conservadoras. De un lado de la grieta seguir\u00e1n estando los sectores populares, y del otro, las \u00e9lites antiperonistas.<\/p>\n","protected":false},"excerpt":{"rendered":"<p>Katu Arkonada (teleSur, 20-7-19) &nbsp; En 2015 se perd\u00eda en las urnas argentinas el primer gobierno nacional-popular desde que comenzaba el ciclo progresista en 1998. Macri ganaba con globitos de colores, pero tambi\u00e9n entendiendo mejor la pol\u00edtica que un kirchnerismo que agotaba su m\u00edstica y no encontraba reemplazo para Cristina Fern\u00e1ndez de Kirchner. Es por [&hellip;]<\/p>\n","protected":false},"author":1,"featured_media":19977,"comment_status":"open","ping_status":"open","sticky":false,"template":"","format":"standard","meta":{"footnotes":""},"categories":[14,12],"tags":[],"class_list":["post-34507","post","type-post","status-publish","format-standard","has-post-thumbnail","hentry","category-internacionales","category-politica-3"],"_links":{"self":[{"href":"https:\/\/debateplural.net\/site\/wp-json\/wp\/v2\/posts\/34507"}],"collection":[{"href":"https:\/\/debateplural.net\/site\/wp-json\/wp\/v2\/posts"}],"about":[{"href":"https:\/\/debateplural.net\/site\/wp-json\/wp\/v2\/types\/post"}],"author":[{"embeddable":true,"href":"https:\/\/debateplural.net\/site\/wp-json\/wp\/v2\/users\/1"}],"replies":[{"embeddable":true,"href":"https:\/\/debateplural.net\/site\/wp-json\/wp\/v2\/comments?post=34507"}],"version-history":[{"count":1,"href":"https:\/\/debateplural.net\/site\/wp-json\/wp\/v2\/posts\/34507\/revisions"}],"predecessor-version":[{"id":34508,"href":"https:\/\/debateplural.net\/site\/wp-json\/wp\/v2\/posts\/34507\/revisions\/34508"}],"wp:featuredmedia":[{"embeddable":true,"href":"https:\/\/debateplural.net\/site\/wp-json\/wp\/v2\/media\/19977"}],"wp:attachment":[{"href":"https:\/\/debateplural.net\/site\/wp-json\/wp\/v2\/media?parent=34507"}],"wp:term":[{"taxonomy":"category","embeddable":true,"href":"https:\/\/debateplural.net\/site\/wp-json\/wp\/v2\/categories?post=34507"},{"taxonomy":"post_tag","embeddable":true,"href":"https:\/\/debateplural.net\/site\/wp-json\/wp\/v2\/tags?post=34507"}],"curies":[{"name":"wp","href":"https:\/\/api.w.org\/{rel}","templated":true}]}}