{"id":34568,"date":"2019-07-25T12:49:47","date_gmt":"2019-07-25T16:49:47","guid":{"rendered":"http:\/\/debateplural.com\/?p=34568"},"modified":"2019-07-25T12:49:47","modified_gmt":"2019-07-25T16:49:47","slug":"los-eternos-deportados","status":"publish","type":"post","link":"https:\/\/debateplural.net\/site\/2019\/07\/25\/los-eternos-deportados\/","title":{"rendered":"Los eternos deportados"},"content":{"rendered":"<p>J. Jaime Hern\u00e1ndez (La Jornada, 23-7-19)<\/p>\n<p>&nbsp;<\/p>\n<p>Desde tiempos inmemorables, los mexicanos han sido los eternos chivos expiatorios del racismo que anida en el coraz\u00f3n de aquellos supremacistas empe\u00f1ados en el reclamo del poder y sus privilegios para la raza blanca.\u2014bautizada bajo el infame nombre de WetBack o \u201cespalda mojada\u201d\u2014, casi 1.3 millones de migrantes de origen mexicano fueron expulsados de Estados Unidos.<\/p>\n<p>Trat\u00e1ndose de deportados, la expulsi\u00f3n de mexicanos desde Estados Unidos ha sido un fen\u00f3meno multigeneracional. Un historial condenado al silencio pol\u00edtico o al soslayo de gobernantes durante casi un siglo y en una herida que sigue sin cerrar en las relaciones de ambos pa\u00edses.<\/p>\n<p>Desde tiempos inmemorables, los mexicanos han sido los eternos chivos expiatorios del racismo que anida en el coraz\u00f3n de aquellos supremacistas empe\u00f1ados en el reclamo del poder y sus privilegios para la raza blanca.<\/p>\n<p>Por ello, en la mayor\u00eda de los casos, las deportaciones se han convertido en una suerte de purga c\u00edclica de raza. En un fen\u00f3meno caracterizado por su profunda discriminaci\u00f3n, por su tr\u00e1gico componente de desentra\u00f1amiento familiar y por su infame agravio comparativo frente a minor\u00edas que han nutrido durante casi tres siglos ese crisol de razas y culturas que hoy es Estados Unidos.<\/p>\n<p>Ahora que el r\u00e9gimen de Donald Trump prepara una nueva campa\u00f1a de deportaciones express, vale la pena evocar las marejadas de deportados que se han mantenido como una constante en ese viejo empe\u00f1o por revertir el cambio de paisaje demogr\u00e1fico.<\/p>\n<p>Algo que, por cierto, dif\u00edcilmente tendr\u00e1 marcha atr\u00e1s.<\/p>\n<p>Seg\u00fan el \u00faltimo censo en Estados Unidos (2010), el crecimiento de la poblaci\u00f3n total en Estados Unidos se vio impulsada por el aumento de las minor\u00edas \u00e9tnicas. En t\u00e9rminos absolutos, las minor\u00edas contribuyeron en un 91.7% del crecimiento de la poblaci\u00f3n en el per\u00edodo 2000-2010, mientras la poblaci\u00f3n blanca s\u00f3lo representa el 8.3%.<\/p>\n<p>De este gran total, la minor\u00eda hispana fue responsable por el 56% del crecimiento en la poblaci\u00f3n.<\/p>\n<p>En este contexto de recomposici\u00f3n demogr\u00e1fica, la minor\u00eda blanca se ha visto espoleada por el mensaje de aquellos que siguen predicando el mensaje de la \u201csuperioridad racial\u201d para defender cotos de poder y privilegios.<\/p>\n<p>Pero esta lucha no es nueva. Viene de mucho tiempo atr\u00e1s.<\/p>\n<p>Hacia mediados del a\u00f1o 2004, conoc\u00ed en la ciudad de Santa Ana, California, a Do\u00f1a Trinidad Rubio. Me la encontr\u00e9 en una manifestaci\u00f3n contra las redadas express que ya desde entonces azotaban a la comunidad migrante:<\/p>\n<p>\u201cMi madre me cont\u00f3 que yo s\u00f3lo ten\u00eda dos a\u00f1os cuando la polic\u00eda nos meti\u00f3 a todos en un tren como si fu\u00e9ramos ganado. Me acuerdo que mi madre iba mal herida y sangrando de la cabeza porque la polic\u00eda nos persigui\u00f3.<\/p>\n<p>\u201cDurante la persecuci\u00f3n mi padre iba manejando la troca y de repente dio un vuelco. Todos salimos volando. Mi madre, por protegerme, sac\u00f3 la peor parte. Un brazo se le rompi\u00f3 y recibi\u00f3 un golpe en la cabeza. S\u00f3lo le dieron ayuda de emergencia y le cosieron con un hilo y aguja la herida que ten\u00eda en el brazo.<\/p>\n<p>\u201cDespu\u00e9s nos subieron al tren y nos expulsaron a M\u00e9xico. Y de nada sirvi\u00f3 que mis padres les explicaran que todos nosotros \u00e9ramos ciudadanos de Estados Unidos. La polic\u00eda no nos quiso escuchar. Ten\u00edan sus \u00f3rdenes, nos dec\u00edan.<\/p>\n<p>\u201cAs\u00ed fue como nos expulsaron y nos enviaron a un rancho en Chihuahua, donde pasar\u00edamos 10 a\u00f1os olvidados y en medio de la m\u00e1s absoluta miseria antes de regresar a Estados Unidos\u201d.<\/p>\n<p>Con m\u00e1s de 90 a\u00f1os, Do\u00f1a Trinidad sigue esperando que el gobierno de Estados Unidos le pida perd\u00f3n a ella y a todos ellos que, a pesar de ser ciudadanos de Estados Unidos, se les expuls\u00f3 de sus hogares entre 1929 y 1930 para aplacar el sentimiento de odio de la mayor\u00eda blanca hacia las minor\u00edas (principalmente la mexicana) en plena recesi\u00f3n econ\u00f3mica.<\/p>\n<p>Para tratar de aplacar ese odio y resentimiento hacia la minor\u00eda hispana, el presidente Herbert Hoover orden\u00f3 la deportaci\u00f3n de m\u00e1s de un mill\u00f3n de personas de origen mexicano.<\/p>\n<p>M\u00e1s del 70% de esos deportados, seg\u00fan han se\u00f1alado varios historiadores, eran ciudadanos de Estados Unidos.<\/p>\n<p>Pero antes de ser expulsada de Estados Unidos, la familia de Trinidad Rubio hab\u00eda visto obligada a exiliarse de M\u00e9xico para pagar as\u00ed muy cara su lealtad a las fuerzas de Pancho Villa que huyeron hacia el norte empujadas por los ej\u00e9rcitos de Venustiano Carranza.<\/p>\n<p>Tras un dif\u00edcil peregrinar por Arizona y California (donde nacieron los cinco hijos de la familia Rubio), los padres de do\u00f1a Trinidad consiguieron asentarse en este \u00faltimo Estado donde el cabeza de familia consigui\u00f3 un empleo estable en un aserradero.<\/p>\n<p>Sin embargo, la tranquilidad durar\u00eda poco ya que, a partir de 1929, la recesi\u00f3n desat\u00f3 una cacer\u00eda y una expulsi\u00f3n sin precedentes de migrantes de origen mexicano para desplazarlos con trabajadores de raza blanca.<\/p>\n<p>En 1954, en una nueva fase de deportaciones ordenadas por el presidente Dwight Eisenhower \u2014bautizada bajo el infame nombre de WetBack o \u201cespalda mojada\u201d\u2014, casi 1.3 millones de migrantes de origen mexicano fueron expulsados de Estados Unidos.<\/p>\n<p>Y, m\u00e1s recientemente, bajo la presidencia de Barack Obama, el Departamento de Seguridad Interna (DHS) rompi\u00f3 el r\u00e9cord de las deportaciones recientes con m\u00e1s de 2 millones de expulsados.<\/p>\n<p>Hacer recuento de estas campa\u00f1as de redadas y deportaciones es un ejercicio que habla del cinismo y el oportunismo pol\u00edtico que ha caracterizado a los sucesivos gobiernos de Estados Unidos pero, tambi\u00e9n, de la insufrible obsecuencia que ha mantenido como una constante el gobierno de M\u00e9xico.<\/p>\n<p>Es hacer, en suma, recuento de la tragedia que siempre acecha a los mismos de siempre. A los eternos vencidos. A los migrantes deportados que siguen siendo la carnaza preferida de los racistas y los miserables.<\/p>\n","protected":false},"excerpt":{"rendered":"<p>J. Jaime Hern\u00e1ndez (La Jornada, 23-7-19) &nbsp; Desde tiempos inmemorables, los mexicanos han sido los eternos chivos expiatorios del racismo que anida en el coraz\u00f3n de aquellos supremacistas empe\u00f1ados en el reclamo del poder y sus privilegios para la raza blanca.\u2014bautizada bajo el infame nombre de WetBack o \u201cespalda mojada\u201d\u2014, casi 1.3 millones de migrantes [&hellip;]<\/p>\n","protected":false},"author":1,"featured_media":25996,"comment_status":"open","ping_status":"open","sticky":false,"template":"","format":"standard","meta":{"footnotes":""},"categories":[14,12],"tags":[],"class_list":["post-34568","post","type-post","status-publish","format-standard","has-post-thumbnail","hentry","category-internacionales","category-politica-3"],"_links":{"self":[{"href":"https:\/\/debateplural.net\/site\/wp-json\/wp\/v2\/posts\/34568"}],"collection":[{"href":"https:\/\/debateplural.net\/site\/wp-json\/wp\/v2\/posts"}],"about":[{"href":"https:\/\/debateplural.net\/site\/wp-json\/wp\/v2\/types\/post"}],"author":[{"embeddable":true,"href":"https:\/\/debateplural.net\/site\/wp-json\/wp\/v2\/users\/1"}],"replies":[{"embeddable":true,"href":"https:\/\/debateplural.net\/site\/wp-json\/wp\/v2\/comments?post=34568"}],"version-history":[{"count":1,"href":"https:\/\/debateplural.net\/site\/wp-json\/wp\/v2\/posts\/34568\/revisions"}],"predecessor-version":[{"id":34569,"href":"https:\/\/debateplural.net\/site\/wp-json\/wp\/v2\/posts\/34568\/revisions\/34569"}],"wp:featuredmedia":[{"embeddable":true,"href":"https:\/\/debateplural.net\/site\/wp-json\/wp\/v2\/media\/25996"}],"wp:attachment":[{"href":"https:\/\/debateplural.net\/site\/wp-json\/wp\/v2\/media?parent=34568"}],"wp:term":[{"taxonomy":"category","embeddable":true,"href":"https:\/\/debateplural.net\/site\/wp-json\/wp\/v2\/categories?post=34568"},{"taxonomy":"post_tag","embeddable":true,"href":"https:\/\/debateplural.net\/site\/wp-json\/wp\/v2\/tags?post=34568"}],"curies":[{"name":"wp","href":"https:\/\/api.w.org\/{rel}","templated":true}]}}