{"id":34796,"date":"2019-08-06T11:52:30","date_gmt":"2019-08-06T15:52:30","guid":{"rendered":"http:\/\/debateplural.com\/?p=34796"},"modified":"2019-08-06T11:52:30","modified_gmt":"2019-08-06T15:52:30","slug":"trump-obligado-a-denunciar-lo-que-el-mismo-fomenta-el-racismo-en-ee-uu","status":"publish","type":"post","link":"https:\/\/debateplural.net\/site\/2019\/08\/06\/trump-obligado-a-denunciar-lo-que-el-mismo-fomenta-el-racismo-en-ee-uu\/","title":{"rendered":"Trump obligado a denunciar lo que \u00e9l mismo fomenta, el racismo en EE.UU."},"content":{"rendered":"<p>David Brooks (La Jornada, 5-8-19)<\/p>\n<p>&nbsp;<\/p>\n<p><i>Nueva York<\/i>. El presidente Donald Trump se vio obligado hoy a denunciar lo que \u00e9l mismo ayud\u00f3 a fomentar: la violencia racista y terrorismo por supremacistas blancos. Aunque en sus primeros comentarios en persona sobre los dos tiroteos masivos de este fin de semana que sacudieron a este pa\u00eds conden\u00f3 las \u201cideolog\u00edas\u201d de odio, rehus\u00f3 aceptar ninguna responsabilidad en lo que ya muchos califican como un grave problema de \u201cterrorismo dom\u00e9stico\u201d de nacionalistas blancos en Estados Unidos.<\/p>\n<p>\u201cEn una voz, nuestra naci\u00f3n debe condenar el racismo, la intolerancia y la supremac\u00eda blanca. Estas ideolog\u00edas siniestras tienen que ser derrotadas. El odio no tiene lugar en Am\u00e9rica\u201d, declar\u00f3 en la Casa Blanca, leyendo de manera seca y sin gran emoci\u00f3n un texto preparado.<\/p>\n<p>Fue notable que Trump y su equipo decidieron que esta vez era pol\u00edticamente necesario condenar la supremac\u00eda blanca y el racismo, algo que casi nunca sucede. Pero el presidente no acept\u00f3 ninguna responsabilidad por los dos a\u00f1os de sus propios mensajes festejados por nacionalistas blancos, neonazis y antimigrantes entre otros.<\/p>\n<p>Tampoco ofreci\u00f3 ninguna propuesta para imponer controles m\u00ednimos sobre las armas de fuego -algo que una abrumadora mayor\u00eda de estadunidenses favorece seg\u00fan encuestas y que legisladores dem\u00f3cratas han promovido en proyectos de ley que se encuentran estancados en el Congreso por la oposici\u00f3n republicana.<\/p>\n<p>De hecho, el presidente declar\u00f3 que la culpa en este fen\u00f3menos de tiroteos masivos no son las armas sino el internet y los medios sociales. Estos canales, afirm\u00f3, ofrecen \u201cuna avenida peligrosa para radicalizar mentes perturbadas y realizar actos dementes\u201d, obviamente sin referirse a c\u00f3mo \u00e9l y su r\u00e9gimen han utilizado a estas \u201cavenidas\u201d para propagar mensajes racistas y antimigrantes.<\/p>\n<p>Tambi\u00e9n responsabiliz\u00f3 a los juegos de video violentos y a las enfermedades mentales por este tipo de actos violentos (algo que es falso -expertos han concluido que no hay tal v\u00ednculo entre enfermedad mental ni violencia en videos con tiroteos masivos).<\/p>\n<p>Descart\u00f3 que las armas sean parte del problema. \u201cLa enfermedad mental y el odio jalan el gatillo, no la arma\u201d, sostuvo.<\/p>\n<p>Poco despu\u00e9s, la Asociaci\u00f3n Nacional del Rifle -cuyos puntos en este debate repiti\u00f3 Trump- elogi\u00f3 el mensaje presidencial.<\/p>\n<p>Agrupaciones a favor de control de armas criticaron la respuesta, se\u00f1alando que otros pa\u00edses tambi\u00e9n tienen videos violentos, redes sociales, y problemas mentales, pero que Estados Unidos es \u00fanico en el mundo avanzado -y aun a nivel mundial- en su problema de frecuentes tiroteos masivos (m\u00e1s de uno cada d\u00eda en promedio) y excepcional en permitir un acceso tan f\u00e1cil de sus residentes a las armas.<\/p>\n<p>La matanza en El Paso el s\u00e1bado, ahora con un saldo de 22 muertes y m\u00e1s de dos decenas de heridos, seguida unas 13 horas despu\u00e9s con otro tiroteo masivo en Dayton, Ohio, con un saldo de nueve muertos y otros 27 heridos, contin\u00faa sacudiendo al pa\u00eds, incluyendo su clase pol\u00edtica.<\/p>\n<p>Aunque a\u00fan no se ha detectado el motivo del tiroteo de Dayton (el responsable, otro joven blanco, muri\u00f3), en el caso de El Paso, Patrick Crusius de 21 a\u00f1os dej\u00f3 en claro su motivaci\u00f3n. Anunci\u00f3 por escrito poco antes que su acci\u00f3n era en respuesta a la \u201cinvasi\u00f3n hispana\u201d de Texas, repiti\u00f3 frases del vocabulario de Trump, y se reporta que luego de su captura por polic\u00edas coment\u00f3 que su prop\u00f3sito era \u201cmatar tantos mexicanos como fuera posible\u201d.<\/p>\n<p>Por ello, las autoridades indicaron que estaban considerando el delito como un \u201ccrimen de odio\u201d racial y como un atentado de \u201cterrorismo dom\u00e9stico\u201d.<\/p>\n<p>De hecho, Trump en sus comentarios envi\u00f3 \u201ccondolencias de nuestra naci\u00f3n al presidente Obrador de M\u00e9xico y a todo el pueblo de M\u00e9xico por la p\u00e9rdida de sus ciudadanos en el tiroteo de El Paso\u201d.<\/p>\n<p>Una y otra vez, cr\u00edticos se\u00f1alaron, despu\u00e9s de los atentados en El Paso y Dayton que Trump ignor\u00f3 las advertencias de que sus palabras estaban invitando a la violencia de este tipo y reh\u00fasa reconocer el hecho de que los cr\u00edmenes de odio y actos de terrorismo dom\u00e9stico vinculado con la supremacia blanca se han incrementado durante su presidencia seg\u00fan datos de su propio Bur\u00f3 Federal de Investigaciones (FBI).<\/p>\n<p>Muchos recordaron que durante las \u00faltimas semanas Trump hab\u00eda intensificado sus ataques abiertamente racistas contra legisladores federales minoritarios y sus comunidades, acus\u00e1ndolos de \u201ctraici\u00f3n\u201d y repitiendo sus frases favoritas sobre la \u201cinvasi\u00f3n\u201d de inmigrantes latinoamericanos, vocabulario usado por el responsable de El Paso.<\/p>\n<p>En mayo, recordaron otros, en medio de un mitin pol\u00edtico en Florida, Trump pregunt\u00f3: \u201c\u00bfC\u00f3mo podemos parar a esta gente?\u201d en referencia a los migrantes, y uno de sus fan\u00e1ticos grit\u00f3: \u201cdisparen contra ellos\u201d -el presidente respondi\u00f3 s\u00f3lo con una risita.<\/p>\n<p>\u201cMientras que sus ra\u00edces modernas anteceden al gobierno de Trump por varias d\u00e9cadas, el nacionalismo blanco ha obtenido una legitimidad general durante el periodo del se\u00f1or Trump en el puesto\u201d, escribi\u00f3 hoy en su editorial el\u00a0<i>New York Times<\/i>\u00a0al argumentar que el pa\u00eds tiene que enfrentar el \u201cproblema de terrorismo de nacionalistas blancos\u201d tanto aqu\u00ed como a nivel internacional. Recomienda que debe ser atacado de la misma manera e intensidad como se ha hecho contra los \u201cterroristas isl\u00e1micos radicales\u201d desde el 11-S.<\/p>\n<p>Vale reportar en este contexto que este mismo lunes, Cesar Sayoc, ferviente fan\u00e1tico del presidente quien envi\u00f3 dispositivos explosivos a cr\u00edticos y opositores de Trump en 2018 -incluyendo a Barack Obama, George Soros, CNN, Hillary Clinton, varios legisladores federales dem\u00f3cratas, y el actor Robert De Niro entre otros-, fue sentenciado a una condena de 20 a\u00f1os de prisi\u00f3n. Sus abogados hab\u00edan argumentado que, como fan\u00e1tico seguidor de Trump con problemas mentales, \u201cla ret\u00f3rica del presidente contribuy\u00f3 al comportamiento del se\u00f1or Sayoc\u201d.<\/p>\n<p>Despu\u00e9s de dos a\u00f1os de declaraciones sobre el grave peligro, incluso de \u201cterrorismo\u201d, que representan los inmigrantes que \u201cinvaden\u201d Estados Unidos, con el atentado en El Paso resulta que el peligro real a este pa\u00eds son hombres angloestadunidenses nutridos por la ret\u00f3rica de odio, nacionalismo blanco y antimigrante del r\u00e9gimen en Washington.<\/p>\n","protected":false},"excerpt":{"rendered":"<p>David Brooks (La Jornada, 5-8-19) &nbsp; Nueva York. El presidente Donald Trump se vio obligado hoy a denunciar lo que \u00e9l mismo ayud\u00f3 a fomentar: la violencia racista y terrorismo por supremacistas blancos. Aunque en sus primeros comentarios en persona sobre los dos tiroteos masivos de este fin de semana que sacudieron a este pa\u00eds [&hellip;]<\/p>\n","protected":false},"author":1,"featured_media":27355,"comment_status":"open","ping_status":"open","sticky":false,"template":"","format":"standard","meta":{"footnotes":""},"categories":[14,12],"tags":[],"class_list":["post-34796","post","type-post","status-publish","format-standard","has-post-thumbnail","hentry","category-internacionales","category-politica-3"],"_links":{"self":[{"href":"https:\/\/debateplural.net\/site\/wp-json\/wp\/v2\/posts\/34796"}],"collection":[{"href":"https:\/\/debateplural.net\/site\/wp-json\/wp\/v2\/posts"}],"about":[{"href":"https:\/\/debateplural.net\/site\/wp-json\/wp\/v2\/types\/post"}],"author":[{"embeddable":true,"href":"https:\/\/debateplural.net\/site\/wp-json\/wp\/v2\/users\/1"}],"replies":[{"embeddable":true,"href":"https:\/\/debateplural.net\/site\/wp-json\/wp\/v2\/comments?post=34796"}],"version-history":[{"count":1,"href":"https:\/\/debateplural.net\/site\/wp-json\/wp\/v2\/posts\/34796\/revisions"}],"predecessor-version":[{"id":34797,"href":"https:\/\/debateplural.net\/site\/wp-json\/wp\/v2\/posts\/34796\/revisions\/34797"}],"wp:featuredmedia":[{"embeddable":true,"href":"https:\/\/debateplural.net\/site\/wp-json\/wp\/v2\/media\/27355"}],"wp:attachment":[{"href":"https:\/\/debateplural.net\/site\/wp-json\/wp\/v2\/media?parent=34796"}],"wp:term":[{"taxonomy":"category","embeddable":true,"href":"https:\/\/debateplural.net\/site\/wp-json\/wp\/v2\/categories?post=34796"},{"taxonomy":"post_tag","embeddable":true,"href":"https:\/\/debateplural.net\/site\/wp-json\/wp\/v2\/tags?post=34796"}],"curies":[{"name":"wp","href":"https:\/\/api.w.org\/{rel}","templated":true}]}}