{"id":34873,"date":"2019-08-09T06:01:47","date_gmt":"2019-08-09T10:01:47","guid":{"rendered":"http:\/\/debateplural.com\/?p=34873"},"modified":"2019-08-08T14:55:59","modified_gmt":"2019-08-08T18:55:59","slug":"la-rehabilitacion-del-monumento-a-fray-antonio-de-montesino-amplia-la-recuperacion-del-malecon","status":"publish","type":"post","link":"https:\/\/debateplural.net\/site\/2019\/08\/09\/la-rehabilitacion-del-monumento-a-fray-antonio-de-montesino-amplia-la-recuperacion-del-malecon\/","title":{"rendered":"La rehabilitaci\u00f3n del Monumento a Fray Antonio de Montesino ampl\u00eda la recuperaci\u00f3n del Malec\u00f3n"},"content":{"rendered":"<div class=\"paragraph\">\n<p>In\u00e9s Aizp\u00fan (D. Libre, 27-6-19)<\/p>\n<p>&nbsp;<\/p>\n<p>La recuperaci\u00f3n del Monumento a Montesino es una gran obra. No solo por la belleza del conjunto o por su significado hist\u00f3rico, dos motivos que son suficiente argumento para empren- derla. Es un gran proyecto porque lanza el mensaje de que la decadencia no es una opci\u00f3n aceptable. No es verdad que estamos condenados a vivir entre basura, con las fuentes p\u00fablicas secas, los monumentos despreciados, abandonados, las aceras ocupadas, los parques arrabalizados.<\/p>\n<p>Santo Domingo se puede recuperar para el ciudadano, para el peat\u00f3n y a veces es cuesti\u00f3n no tanto de dinero (que tambi\u00e9n) como de decisi\u00f3n.<\/p>\n<p>El dedicado a Fray Antonio de Montesino es un monumento hermoso, de gran escala, de perfecta ubicaci\u00f3n, con un significado hondo y universal. Es, debe ser, el s\u00edmbolo de la ciudad porque no existe ning\u00fan otro que sea m\u00e1s adecuado, representativo de la historia y del futuro que podemos labrar. Del papel que jug\u00f3 y debe proponerse jugar Santo Domingo en Am\u00e9rica.<\/p>\n<p>Pero tambi\u00e9n es un entorno. Recuperado el espacio que serv\u00eda de parqueo a los camiones de Fenatrado, se recupera la vista al mar, la peque\u00f1a playa, el pulso de ciudad marinera. Y al recobrar las estancias que originalmente se pensaron en la estructura base, se devuelven a la comunidad espacios de utilidad p\u00fablica.<\/p>\n<p>Esta es la obsesi\u00f3n del equipo de urbanistas y arquitectos del Ayuntamiento. Am\u00edn Abel Hasb\u00fan, Jes\u00fas D\u2019Alessandro y Juan Mubarak encabezan este grupo de locos por la ciudad que se ha propuesto como objetivo de esta gesti\u00f3n recuperar los espacios p\u00fablicos para el gobierno municipal, para los vecinos. El malec\u00f3n recuperado parece dirigir los pasos del caminante hacia Montesino y de ah\u00ed, la entrada a la Zona Colonial es casi inducida. Un corredor tur\u00edstico que se pone en valor cuadra por cuadra.<\/p>\n<\/div>\n<div class=\"entretitulo\">Ciudad de turistas<\/div>\n<div class=\"paragraph\">\n<p>Eduardo Selman, ministro de Cultura y David Collado, alcalde del Distrito Nacional tuvieron mensajes muy similares en el acto de la inauguraci\u00f3n del \u201cnuevo\u201d Montesino. Desde sus respectivos despachos han entendido que la colaboraci\u00f3n suprapartidaria es esencial para la ciudad de Santo Domingo. No hay espacio, especialmente en el proyecto de recuperaci\u00f3n de la Ciudad Coloial, en que no converjan diferentes instituciones. Selman tuvo grandes elogios para Collado y \u00e9ste para el ministro. Quiz\u00e1 son dos versos sueltos en sus respectivos partidos o quiz\u00e1 se est\u00e9 abriendo paso una v\u00eda de pragmatismo y sentido de la institucionalidad en la pol\u00edtica que beneficie de manera real a los mun\u00edcipes.<\/p>\n<p>La obra tendr\u00e1 una gobernadora, Rosanna Rivera, vecina de la Zona Colonial. Y el entorno tendr\u00e1 vigilancia garantizada por el Ej\u00e9rcito, lo que deber\u00e1 dar al espacio una garant\u00eda de seguridad. El historiador Manuel Garc\u00eda Ar\u00e9valo estar\u00e1 al frente de los proyectos de museolog\u00eda que albergar\u00e1 el monumeto y habr\u00e1 opci\u00f3n para alquiler de salas para actividades particulares, porque usar la ciudad es la mejor manera de cuidarla. Comienza pues, una nueva vida para esta monumental figura.<\/p>\n<\/div>\n<div id=\"container-1184224\" class=\"mt-3 mb-4 p-3 insert_headline content-capsule\">\n<div class=\"insertBlock\">\n<div class=\"insert_title\">Por qu\u00e9 importa tanto<\/div>\n<div class=\"Insert_text\">\n<p>Fray Antonio de Montesino (ser\u00e1 dif\u00edcil adoptar el apellido as\u00ed, sin la S final) fue el primero en gritar en contra de los abusos de los colonizadores. El mensaje dado en un serm\u00f3n en el cuarto domingo de Adviento de 1511 se lee hoy sin que el tiempo haya pasado. Es actual, es incisivo, es desafiante. Al Fray le cost\u00f3 algunos disgistos y a Diego Col\u00f3n no le gust\u00f3 nada. O sea, como podr\u00eda pasar ahora cuando un cura de un pueblo le enrostra al mandatario de turno el abandono de su comunidad o el maltrato a su feligres\u00eda. Esta obra importa por el mensaje y por la forma. Recuperar los monumentos y las zonas p\u00fablicas es una urgencia de la ciudad. Somos como vivimos, y la ciudad es la casa com\u00fan.<\/p>\n<\/div>\n<\/div>\n<\/div>\n","protected":false},"excerpt":{"rendered":"<p>In\u00e9s Aizp\u00fan (D. Libre, 27-6-19) &nbsp; La recuperaci\u00f3n del Monumento a Montesino es una gran obra. No solo por la belleza del conjunto o por su significado hist\u00f3rico, dos motivos que son suficiente argumento para empren- derla. Es un gran proyecto porque lanza el mensaje de que la decadencia no es una opci\u00f3n aceptable. No [&hellip;]<\/p>\n","protected":false},"author":1,"featured_media":25639,"comment_status":"open","ping_status":"open","sticky":false,"template":"","format":"standard","meta":{"footnotes":""},"categories":[5,17],"tags":[],"class_list":["post-34873","post","type-post","status-publish","format-standard","has-post-thumbnail","hentry","category-nacionales","category-sociedad"],"_links":{"self":[{"href":"https:\/\/debateplural.net\/site\/wp-json\/wp\/v2\/posts\/34873"}],"collection":[{"href":"https:\/\/debateplural.net\/site\/wp-json\/wp\/v2\/posts"}],"about":[{"href":"https:\/\/debateplural.net\/site\/wp-json\/wp\/v2\/types\/post"}],"author":[{"embeddable":true,"href":"https:\/\/debateplural.net\/site\/wp-json\/wp\/v2\/users\/1"}],"replies":[{"embeddable":true,"href":"https:\/\/debateplural.net\/site\/wp-json\/wp\/v2\/comments?post=34873"}],"version-history":[{"count":1,"href":"https:\/\/debateplural.net\/site\/wp-json\/wp\/v2\/posts\/34873\/revisions"}],"predecessor-version":[{"id":34874,"href":"https:\/\/debateplural.net\/site\/wp-json\/wp\/v2\/posts\/34873\/revisions\/34874"}],"wp:featuredmedia":[{"embeddable":true,"href":"https:\/\/debateplural.net\/site\/wp-json\/wp\/v2\/media\/25639"}],"wp:attachment":[{"href":"https:\/\/debateplural.net\/site\/wp-json\/wp\/v2\/media?parent=34873"}],"wp:term":[{"taxonomy":"category","embeddable":true,"href":"https:\/\/debateplural.net\/site\/wp-json\/wp\/v2\/categories?post=34873"},{"taxonomy":"post_tag","embeddable":true,"href":"https:\/\/debateplural.net\/site\/wp-json\/wp\/v2\/tags?post=34873"}],"curies":[{"name":"wp","href":"https:\/\/api.w.org\/{rel}","templated":true}]}}