{"id":35042,"date":"2019-08-19T17:18:51","date_gmt":"2019-08-19T21:18:51","guid":{"rendered":"http:\/\/debateplural.com\/?p=35042"},"modified":"2019-08-19T17:18:51","modified_gmt":"2019-08-19T21:18:51","slug":"no-estaba-muerto-estaba-de-parranda-el-ciclo-progresista","status":"publish","type":"post","link":"https:\/\/debateplural.net\/site\/2019\/08\/19\/no-estaba-muerto-estaba-de-parranda-el-ciclo-progresista\/","title":{"rendered":"No estaba muerto, estaba de parranda (el ciclo progresista)"},"content":{"rendered":"<p>Katu Arkonada (teleSur, 17-8-19)<\/p>\n<p>&nbsp;<\/p>\n<p>Lo quisieron dar por muerto. La derrota del kirchnerismo en la segunda vuelta de las elecciones generales (noviembre 2015), unido a la derrota del chavismo en Venezuela en las elecciones legislativas (diciembre 2015) y la p\u00e9rdida del refer\u00e9ndum por la repostulaci\u00f3n de Evo Morales (febrero 2016) llevaron a muchos analistas de derecha, pero tambi\u00e9n de algunos sectores de la izquierda progre y acad\u00e9mica, a decretar el fin del ciclo progresista iniciado por Ch\u00e1vez, Lula y N\u00e9stor Kirchner en Venezuela, Brasil y Argentina en los \u00faltimos a\u00f1os del siglo XX y primeros del XXI.<\/p>\n<div class=\"qnewworld\"><\/div>\n<p>El argumento principal era que estos gobiernos progresistas, de izquierda y\/o nacional-populares, se aprovecharon del alto precio de los commodities, y lograron apoyo popular mediante medidas asistencialistas de redistribuci\u00f3n parcial de la riqueza. No tomaban en cuenta que los mismos precios altos que pudieron tener los gobiernos del ciclo progresista tambi\u00e9n los tuvieron gobiernos como Per\u00fa, Colombia, o un M\u00e9xico donde la tasa de extrema pobreza en 2018 (16\u20198%) es la misma que hab\u00eda en 2008, 10 a\u00f1os en los que la pobreza patrimonial se \u201creduc\u00eda\u201d del 49% al 48\u20198%. Mientras tanto, en Bolivia, y en un lapso de tiempo muy similar, la extrema pobreza pasaba del 38\u20194% al 15%. Es decir, la reducci\u00f3n de la pobreza y la desigualdad en cada pa\u00eds de Am\u00e9rica Latina no depend\u00eda tanto de los precios de las materias primas, como de una determinada voluntad y pol\u00edticas econ\u00f3micas y sociales.<\/p>\n<p>Echando la vista atr\u00e1s, Macri fue el primer, y \u00fanico, candidato de la derecha que pudo ganar por la v\u00eda electoral a un gobierno del ciclo progresista. Los dem\u00e1s gobiernos fueron desalojados del poder mediante golpes de Estado (Honduras 2009) o golpes parlamentarios (Paraguay 2012 y Brasil 2016), a los que se le sum\u00f3 el lawfare, la persecuci\u00f3n judicial en Ecuador (agravada por la traici\u00f3n del se\u00f1or apellidado Moreno) contra Rafael Correa y Jorge Glas, en Brasil contra Lula, y en la propia Argentina contra Cristina. En Colombia no necesitan perseguir judicialmente a la disidencia, porque asesinarla o desaparecerla sale tan barato como la impunidad.<\/p>\n<p>Por ese mismo motivo, la posible reelecci\u00f3n de Macri en la presidencia argentina era un factor clave y determinante en este momento hist\u00f3rico. Revalidar en las urnas el proyecto pol\u00edtico de restauraci\u00f3n neoliberal hubiera supuesto un duro golpe al ciclo progresista.<\/p>\n<p>Sin embargo, la aplastante victoria de la uni\u00f3n entre kirchnerismo y peronismo en las PASO, obteniendo m\u00e1s de 15 puntos de ventaja sobre el macrismo (casi 20 en el caso de Axel Kicillof sobre la actual gobernadora de la provincia de Buenos Aires Mar\u00eda Eugenia Vidal), y asegurando, salvo fraude electoral, la victoria en primera vuelta, vuelve a dar un impulso al ciclo progresista latinoamericano.<\/p>\n<p>El inminente desalojo del macrismo de un gobierno del G20 deja m\u00e1s solo que nunca a Bolsonaro en Brasil, y entorpece la injerencia de Trump en Am\u00e9rica Latina en la medida en que el tercer pa\u00eds latinoamericano del G20, M\u00e9xico, ha recuperado la soberan\u00eda y ha dejado de tener una pol\u00edtica internacional subordinada al Departamento de Estado.<\/p>\n<p>La derrota del macrismo es la derrota de un modelo neoliberal que no encuentra un l\u00edder ni proyecto pol\u00edtico que pueda darle continuidad. La victoria del kirchnerismo y el peronismo en las PASO nos ense\u00f1a adem\u00e1s la importancia de la unidad del campo nacional-popular y de centrarse en lo que de verdad le importa a la gente: educaci\u00f3n, sanidad, empleo o pensiones. Los bienes comunes que el despojo neoliberal va recortando.<\/p>\n<p>En cualquier caso, si bien es verdad que nunca hubo tal fin del ciclo progresista, y que la historia es dial\u00e9ctica, un constante ir y venir de flujos y reflujos, una guerra de posiciones entre distintos proyectos, es necesario reconocer que por momentos el ciclo progresista se \u201cfue de parranda\u201d. Los gobiernos progresistas se acomodaron, y si bien es cierto que redistribuyeron la riqueza y democratizaron el Estado, no generaron cambios culturales para sostener dichos procesos. Se durmieron festejando los cambios en la lucha institucional, dejando de lado la lucha ideol\u00f3gica o de masas.<\/p>\n<p>Pero siempre hay tiempo para corregir los errores, aunque sea, como en el caso de la Argentina, volviendo despu\u00e9s de una traves\u00eda del desierto como la que han pasado el kirchnerismo y el peronismo. Traves\u00eda en la que se ha demostrado la importancia determinante de los liderazgos hist\u00f3ricos, en este caso el de Cristina Fern\u00e1ndez de Kirchner.<\/p>\n<p>Si a una Argentina en la que, como dijo M\u00e1ximo Kirchner la noche del triunfo en las PASO, \u201cno se trata de reconstruir lo que fue, sino de construir lo que viene\u201d, se le suma el M\u00e9xico de L\u00f3pez Obrador en pleno proceso de transformaci\u00f3n, y se mantienen los gobiernos de Bolivia y Uruguay en este mismo 2019, ciertamente encararemos un 2020 donde Trump tiene muchas posibilidades de reelegirse, surfeando de nuevo una ola ascendente del ciclo progresista.<\/p>\n<p>Y aun as\u00ed, \u00bfse imaginan que no hubieran encarcelado de manera injusta a Lula y entr\u00e1ramos en 2020 con los 3 pa\u00edses latinoamericanos del G20, M\u00e9xico, Brasil y Argentina, en manos de gobiernos progresistas?.<\/p>\n","protected":false},"excerpt":{"rendered":"<p>Katu Arkonada (teleSur, 17-8-19) &nbsp; Lo quisieron dar por muerto. La derrota del kirchnerismo en la segunda vuelta de las elecciones generales (noviembre 2015), unido a la derrota del chavismo en Venezuela en las elecciones legislativas (diciembre 2015) y la p\u00e9rdida del refer\u00e9ndum por la repostulaci\u00f3n de Evo Morales (febrero 2016) llevaron a muchos analistas [&hellip;]<\/p>\n","protected":false},"author":1,"featured_media":34918,"comment_status":"open","ping_status":"open","sticky":false,"template":"","format":"standard","meta":{"footnotes":""},"categories":[14,12],"tags":[],"class_list":["post-35042","post","type-post","status-publish","format-standard","has-post-thumbnail","hentry","category-internacionales","category-politica-3"],"_links":{"self":[{"href":"https:\/\/debateplural.net\/site\/wp-json\/wp\/v2\/posts\/35042"}],"collection":[{"href":"https:\/\/debateplural.net\/site\/wp-json\/wp\/v2\/posts"}],"about":[{"href":"https:\/\/debateplural.net\/site\/wp-json\/wp\/v2\/types\/post"}],"author":[{"embeddable":true,"href":"https:\/\/debateplural.net\/site\/wp-json\/wp\/v2\/users\/1"}],"replies":[{"embeddable":true,"href":"https:\/\/debateplural.net\/site\/wp-json\/wp\/v2\/comments?post=35042"}],"version-history":[{"count":1,"href":"https:\/\/debateplural.net\/site\/wp-json\/wp\/v2\/posts\/35042\/revisions"}],"predecessor-version":[{"id":35043,"href":"https:\/\/debateplural.net\/site\/wp-json\/wp\/v2\/posts\/35042\/revisions\/35043"}],"wp:featuredmedia":[{"embeddable":true,"href":"https:\/\/debateplural.net\/site\/wp-json\/wp\/v2\/media\/34918"}],"wp:attachment":[{"href":"https:\/\/debateplural.net\/site\/wp-json\/wp\/v2\/media?parent=35042"}],"wp:term":[{"taxonomy":"category","embeddable":true,"href":"https:\/\/debateplural.net\/site\/wp-json\/wp\/v2\/categories?post=35042"},{"taxonomy":"post_tag","embeddable":true,"href":"https:\/\/debateplural.net\/site\/wp-json\/wp\/v2\/tags?post=35042"}],"curies":[{"name":"wp","href":"https:\/\/api.w.org\/{rel}","templated":true}]}}