{"id":35228,"date":"2019-08-28T06:23:36","date_gmt":"2019-08-28T10:23:36","guid":{"rendered":"http:\/\/debateplural.com\/?p=35228"},"modified":"2019-08-28T11:26:09","modified_gmt":"2019-08-28T15:26:09","slug":"los-desvarios-del-prm","status":"publish","type":"post","link":"https:\/\/debateplural.net\/site\/2019\/08\/28\/los-desvarios-del-prm\/","title":{"rendered":"Los desvar\u00edos del PRM"},"content":{"rendered":"<p>Guillermo Moreno (D. Libre, 19-8-19)<\/p>\n<p>&nbsp;<\/p>\n<p>Una vez m\u00e1s el Partido Revolucionario Moderno se descalifica para liderar la oposici\u00f3n. As\u00ed lo pone de manifiesto el hecho de que una parte de sus diputados se haya alineado con la facci\u00f3n de Danilo Medina para garantizar la reelecci\u00f3n de Radham\u00e9s Camacho en la presidencia de la C\u00e1mara de Diputados, en vez de presentar junto a los dem\u00e1s diputados de la oposici\u00f3n una plancha para presidir esa c\u00e1mara y con una agenda legislativa propia.<\/p>\n<p>Pero no vaya a creerse que se trata de una conducta pol\u00edtica nueva del perreeme.<\/p>\n<p>A ra\u00edz de que Danilo Medina se viera obligado a desistir de su prop\u00f3sito de modificar la Constituci\u00f3n para posibilitar una segunda reelecci\u00f3n, una de las primeras voces que se levantaron en el pa\u00eds, propugnando por la rehabilitaci\u00f3n de Danilo Medina, fue la de Hip\u00f3lito Mej\u00eda, uno de los jefes pol\u00edticos del perreeme. Es sabido que la rehabilitaci\u00f3n de Danilo Medina conlleva que \u00e9ste se mantenga como jefe pol\u00edtico del peled\u00e9 y desde esa condici\u00f3n contin\u00fae tutelando los poderes p\u00fablicos, que ha puesto en manos de leales pol\u00edticos hasta su eventual retorno en el 2024.<\/p>\n<p>\u00bfQu\u00e9 sentido tiene que el perreeme haga causa com\u00fan con la facci\u00f3n de Danilo Medina, que tiene el control del peled\u00e9 y del Gobierno y es el responsable del progresivo deterioro institucional del pa\u00eds y del actual estado de cosas?<\/p>\n<p>De igual forma, el comportamiento del perreeme en el Consejo Nacional de la Magistratura en la elecci\u00f3n de la nueva Suprema Corte de Justicia, no estuvo ni por asomo a la altura de un partido que se proclama como el principal de la oposici\u00f3n. Como se recuerda, en la reuni\u00f3n del consejo, el Procurador General de la Rep\u00fablica, en violaci\u00f3n de la Ley, articul\u00f3 un conjunto de falsas acusaciones contra la Magistrada Miriam Germ\u00e1n, con el evidente prop\u00f3sito de descalificarla y sacarla de la Suprema Corte de Justicia, como reprimenda por su trayectoria de jueza honesta y no sometida a los intereses del poder. La representaci\u00f3n del perreeme en el Consejo, con su actitud pusil\u00e1nime, termin\u00f3 legitimando no solo el abuso de poder cometido contra Miriam Germ\u00e1n, sino el atropello cometido contra la independencia de la Justicia. Pero hay m\u00e1s. Luego vino la selecci\u00f3n de los integrantes de la Suprema y elecci\u00f3n de su presidente. El perreeme fue incapaz de \u201cpararse en dos patas\u201d y denunciar ante el pa\u00eds que otra vez se estaba llevando a la presidencia de la Suprema a un activista pol\u00edtico. La Justicia sigui\u00f3 secuestrada. De la suprema de Leonel, encabezada por Mariano Germ\u00e1n, pasamos a la suprema de Danilo, encabezada por Luis Henry Molina. Y lo que es peor, el perreeme particip\u00f3 en la asignaci\u00f3n de cuotas de jueces en la composici\u00f3n de la nueva suprema. \u00bfEs esa la Justicia independiente a que aspiramos?<\/p>\n<p>De igual modo, el perreeme por m\u00e1s de dos a\u00f1os, junto a otros partidos, form\u00f3 parte de la Mesa de Oposici\u00f3n que se articul\u00f3 para desarrollar propuestas y acciones para garantizar una nueva legalidad electoral que evitara la repetici\u00f3n del fraude e irregularidades de las elecciones de 2016. A prop\u00f3sito de la discusi\u00f3n en el Congreso del proyecto de ley de partidos, una mayor\u00eda de los partidos de la Mesa de Oposici\u00f3n consensu\u00f3 unas 15 modificaciones a dicho proyecto. Incluso una delegaci\u00f3n de la mesa de la oposici\u00f3n le someti\u00f3 la propuesta a la comisi\u00f3n bicameral y la difundi\u00f3 en formato de libro, suscrito por el conjunto de partidos incluyendo el perreeme. Resulta que un tiempo despu\u00e9s, el perreeme desconoci\u00f3 los acuerdos firmados y se ali\u00f3 a la facci\u00f3n de Danilo Medina y propici\u00f3 la aprobaci\u00f3n de ese adefesio que result\u00f3 la Ley 15-18 sobre partidos pol\u00edticos, que busca consagrar el bipartidismo y obstaculiza el surgimiento y desarrollo de propuestas alternativas. El texto aprobado, en menos de un a\u00f1o de vigencia lleva cuatro sentencias del Tribunal Constitucional, revoc\u00e1ndolo en parte y actualmente hay pendiente ocho recursos de inconstitucionalidad. \u00bfC\u00f3mo confiar en un partido que no es capaz de cumplir con los acuerdos? \u00bfQu\u00e9 garant\u00edas hay de que este partido cumplir\u00e1 cualquier compromiso program\u00e1tico si eventualmente llegara al Gobierno?<\/p>\n<p>Son estos desvar\u00edos del perreeme, sus componendas con las facciones del peled\u00e9, su incoherencia entre lo que dice y lo que hace, su no respeto de los acuerdos, lo que poco a poco ha minado la confianza para la conformaci\u00f3n de una s\u00f3lida unidad opositora con la determinaci\u00f3n de sacar al peled\u00e9 del poder y sobre todo de desmontar su modelo pol\u00edtico de corrupci\u00f3n, impunidad, clientelismo y secuestro de los poderes p\u00fablicos. Si el perreeme rectificara autocr\u00edticamente esta conducta, otro pudiera ser el papel que pasar\u00eda a jugar en la oposici\u00f3n pol\u00edtica en el pa\u00eds.<\/p>\n<p>Es claro pues que en el escenario pol\u00edtico est\u00e1 pendiente la articulaci\u00f3n de una oposici\u00f3n alternativa, verdaderamente comprometida en palabras y acci\u00f3n en sacar al peled\u00e9 del poder. M\u00e1s aun, que asuma la responsabilidad de hacer el cambio democr\u00e1tico, esto es, las reformas y transformaciones que aseguren la participaci\u00f3n y control ciudadanos, el imperio de la ley, la transparencia, la justicia social y nuestra soberan\u00eda e independencia.<\/p>\n","protected":false},"excerpt":{"rendered":"<p>Guillermo Moreno (D. Libre, 19-8-19) &nbsp; Una vez m\u00e1s el Partido Revolucionario Moderno se descalifica para liderar la oposici\u00f3n. As\u00ed lo pone de manifiesto el hecho de que una parte de sus diputados se haya alineado con la facci\u00f3n de Danilo Medina para garantizar la reelecci\u00f3n de Radham\u00e9s Camacho en la presidencia de la C\u00e1mara [&hellip;]<\/p>\n","protected":false},"author":1,"featured_media":31442,"comment_status":"open","ping_status":"open","sticky":false,"template":"","format":"standard","meta":{"footnotes":""},"categories":[5,12],"tags":[],"class_list":["post-35228","post","type-post","status-publish","format-standard","has-post-thumbnail","hentry","category-nacionales","category-politica-3"],"_links":{"self":[{"href":"https:\/\/debateplural.net\/site\/wp-json\/wp\/v2\/posts\/35228"}],"collection":[{"href":"https:\/\/debateplural.net\/site\/wp-json\/wp\/v2\/posts"}],"about":[{"href":"https:\/\/debateplural.net\/site\/wp-json\/wp\/v2\/types\/post"}],"author":[{"embeddable":true,"href":"https:\/\/debateplural.net\/site\/wp-json\/wp\/v2\/users\/1"}],"replies":[{"embeddable":true,"href":"https:\/\/debateplural.net\/site\/wp-json\/wp\/v2\/comments?post=35228"}],"version-history":[{"count":1,"href":"https:\/\/debateplural.net\/site\/wp-json\/wp\/v2\/posts\/35228\/revisions"}],"predecessor-version":[{"id":35229,"href":"https:\/\/debateplural.net\/site\/wp-json\/wp\/v2\/posts\/35228\/revisions\/35229"}],"wp:featuredmedia":[{"embeddable":true,"href":"https:\/\/debateplural.net\/site\/wp-json\/wp\/v2\/media\/31442"}],"wp:attachment":[{"href":"https:\/\/debateplural.net\/site\/wp-json\/wp\/v2\/media?parent=35228"}],"wp:term":[{"taxonomy":"category","embeddable":true,"href":"https:\/\/debateplural.net\/site\/wp-json\/wp\/v2\/categories?post=35228"},{"taxonomy":"post_tag","embeddable":true,"href":"https:\/\/debateplural.net\/site\/wp-json\/wp\/v2\/tags?post=35228"}],"curies":[{"name":"wp","href":"https:\/\/api.w.org\/{rel}","templated":true}]}}