{"id":35304,"date":"2019-08-31T06:02:53","date_gmt":"2019-08-31T10:02:53","guid":{"rendered":"http:\/\/debateplural.com\/?p=35304"},"modified":"2019-08-30T12:34:25","modified_gmt":"2019-08-30T16:34:25","slug":"la-geopolitica-del-amazonas","status":"publish","type":"post","link":"https:\/\/debateplural.net\/site\/2019\/08\/31\/la-geopolitica-del-amazonas\/","title":{"rendered":"La Geopol\u00edtica del amazonas"},"content":{"rendered":"<p>Mision Verdad (29-8-19)<\/p>\n<p>&nbsp;<\/p>\n<p>En la \u00faltima semana hubo una oleada medi\u00e1tica sobre los fat\u00eddicos incendios en la Amazon\u00eda. Diferentes personalidades del mundo pol\u00edtico y del espect\u00e1culo se pronunciaron en sus redes sociales ante este hecho. Miles de im\u00e1genes, falsas o no, se propagaron en todos los medios globales de comunicaci\u00f3n, mostrando c\u00f3mo los\u00a0incendios se hab\u00edan salido de control.<\/p>\n<p>La destrucci\u00f3n de la Amazon\u00eda lleva tiempo, y se intensific\u00f3 de forma pronunciada en la era preparatoria del saqueo corporativo de la administraci\u00f3n de Michel Temer.<\/p>\n<p>Hoy, este incendio asoma una aceleraci\u00f3n en la maniobra de despejar el camino para el capital corporativo extractivista, siendo evidente que la Amazon\u00eda es una zona de inter\u00e9s estrat\u00e9gico mundial por el sinf\u00edn de recursos que posee.<\/p>\n<h4>MICHEL TEMER PREPAR\u00d3 EL TERRENO<\/h4>\n<p>Michel Temer, luego del\u00a0<em>impeachment<\/em>\u00a0a Dilma Rousseff, aprob\u00f3 diferentes decretos, apoyado por diputados, que facilitaban autorizaciones a empresas mineras privadas, principalmente canadienses, para la extracci\u00f3n de m\u00faltiples recursos en la Amazon\u00eda.<\/p>\n<p>Conjuntamente, contaba con el apoyo de otra bancada de diputados ruralistas del sector del agronegocio, que deseaban conservar sus tierras, acumular m\u00e1s terreno y disminuir hasta la m\u00ednima expresi\u00f3n las reservas ind\u00edgenas, afectando considerablemente a la Amazon\u00eda.<\/p>\n<p>D\u00edas despu\u00e9s, Temer anunci\u00f3 modificar el decreto que daba apertura a la explotaci\u00f3n minera luego de duras cr\u00edticas, manifestaciones en contra de esa implementaci\u00f3n y presiones de\u00a0algunos congresistas. Sin embargo, fue una m\u00ednima edici\u00f3n, mientras abr\u00eda\u00a0la\u00a0Reserva Nacional do Cobre e Associados (Renca)\u00a0para\u00a0las actividades mineras, pero ofreciendo supuestas garant\u00edas ambientales.<\/p>\n<p>Cabe recordar\u00a0que la Renca es una regi\u00f3n de la Amazon\u00eda en la que se estableci\u00f3 la protecci\u00f3n de diversos minerales estrat\u00e9gicos en 1984, en la que solo una empresa p\u00fablica del Estado brasile\u00f1o pod\u00eda extraer los minerales de esa \u00e1rea.<\/p>\n<p>Ahora bien, Temer, solo estaba adecuando la esfera legal, casi por debajo de la mesa, para la extracci\u00f3n demoledora que estaba por venir.<\/p>\n<p>Con una llegada al poder pol\u00edtico carente de legitimidad popular, era menester para el brasile\u00f1o operar de formas totalmente diferentes a como hoy lo hace\u00a0Jair Bolsonaro.<\/p>\n<p>El presidente brasile\u00f1o, horas despu\u00e9s de tomar posesi\u00f3n de su cargo,\u00a0aprob\u00f3 un decreto\u00a0para que sea el Ministerio de Agricultura de Brasil el ente que certifica la protecci\u00f3n de los territorios ancestrales de los ind\u00edgenas, que anteriormente se encargaba la Fundaci\u00f3n Nacional del Indio.<\/p>\n<p>Con este paso, al estilo\u00a0<em>hard power<\/em>, Bolsonaro le otorg\u00f3 privilegios a las corporaciones mineras y del agronegocio para realizar sus actividades propias.<\/p>\n<p>As\u00ed, Temer dej\u00f3 el terreno abonado a Bolsonaro para que concluyera el trabajo sucio transnacional.<\/p>\n<h4>EL CALDO DE CULTIVO CORPORATIVO<\/h4>\n<p>Ya para julio hab\u00eda un caldo de cultivo con el tema de la Amazon\u00eda, porque a principios de ese mes, el Instituto Nacional de Investigaci\u00f3n Espacial (INPE) inform\u00f3 sobre focos de incendios en lo que va de a\u00f1o y la aceleraci\u00f3n de la deforestaci\u00f3n en la Amazon\u00eda respecto al a\u00f1o pasado a m\u00e1s de 1 mil kil\u00f3metros cuadrados, aumentando pronunciadamente.<\/p>\n<p>Ante esto, en una conferencia de prensa con periodistas extranjeros, Bolsonaro desminti\u00f3 la informaci\u00f3n y le respondi\u00f3 a un periodista europeo que \"La Amazon\u00eda es nuestra, no suya\".<\/p>\n<p>En agosto,\u00a0Bolsonaro destituy\u00f3 al director del INPE, Ricardo Galvao, tras la publicaci\u00f3n de los datos de deforestaci\u00f3n de la Amazon\u00eda y, a su vez, abri\u00f3 un concurso para contratar a una empresa privada\u00a0que realice el monitoreo satelital en el \u00e1rea.<\/p>\n<div class=\"media media-element-container media-article_full\">\n<div id=\"file-8813\" class=\"file file-image file-image-png\">\n<div class=\"content\"><img loading=\"lazy\" decoding=\"async\" class=\"media-element file-article-full\" title=\"Ha habido unos 40 mil incendios m\u00e1s que en el mismo per\u00edodo de 2018\" src=\"http:\/\/misionverdad.com\/sites\/default\/files\/styles\/mv2_820\/public\/incendios_amazonia_graficos.png?itok=9B_Hgz2L\" alt=\"\" width=\"624\" height=\"520\" data-delta=\"1\" \/><\/p>\n<div class=\"field field-name-field-file-image-title-text field-type-text field-label-hidden\">\n<div class=\"field-items\">\n<div class=\"field-item even\">Ha habido unos 40 mil incendios m\u00e1s que en el mismo per\u00edodo de 2018<\/div>\n<\/div>\n<\/div>\n<div class=\"field field-name-field-file-image-credit-text field-type-text field-label-hidden\">\n<div class=\"field-items\">\n<div class=\"field-item even\">BBC Mundo<\/div>\n<\/div>\n<\/div>\n<\/div>\n<\/div>\n<\/div>\n<p>Tras este reporte, fue poco o casi nulo el pronunciamiento de los medios; el tema no era tendencia para el momento.<\/p>\n<p>D\u00edas despu\u00e9s fue cuando este hecho obtuvo una amplia cobertura medi\u00e1tica. Desde celebridades hasta pol\u00edticos del mundo se pronunciaron lamentando lo ocurrido.<\/p>\n<p>Entre los \"preocupados\" estaba el presidente de Francia, Emmanuel Macron, que a trav\u00e9s de su cuenta Twitter, previo a la Cumbre del G7, public\u00f3 que \"nuestra casa est\u00e1 en llamas\", extrapolando el asunto a una crisis internacional, y agreg\u00f3 que\u00a0el tema deb\u00eda tratarse en la agenda del G7 que estaba por realizarse en Biarritz, Francia.<\/p>\n<p>Horas despu\u00e9s, el Primer Ministro de Canad\u00e1, Justin Trudeau,\u00a0mostr\u00f3\u00a0su apoyo a la iniciativa de Macron, en actuar por la Amazon\u00eda.<\/p>\n<p>Ambos actores pol\u00edticos muestran un claro inter\u00e9s. Desde marzo, Trudeau esgrimi\u00f3 lo\u00a0fundamental que es la miner\u00eda\u00a0para la econom\u00eda canadiense y su participaci\u00f3n en otras regiones. Ni hablar de los controvertidos\u00a0planes mineros en la Guayana Francesa, por parte de la administraci\u00f3n de Macron, en la que participan empresas francesas y la Columbus Gold de Canad\u00e1.<\/p>\n<p>Con los letales incendios, el despeje de esos grandes espacios en la Amazon\u00eda facilita las venideras actividades de las corporaciones que all\u00ed participen.<\/p>\n<p>Luego el\u00a0presidente Donald Trump\u00a0se pronunci\u00f3 sobre este hecho\u00a0ofreciendo ayuda para el incendio. Resalta la s\u00f3lida alianza entre ambos mandatarios, en la que tienen perspectivas comerciales futuras.<\/p>\n<p>Aquello contin\u00faa correspondiendo a las l\u00edneas del Consenso de Washington, no solo articulando megaempresas mineras sino tambi\u00e9n las que forman parte del agronegocio, como Monsanto.<\/p>\n<h4>EL INCENDIO LETAL EN LA AMAZON\u00cdA CAMBIA EL PANORAMA<\/h4>\n<p>Por redes y medios de comunicaci\u00f3n se propaga que la Amazon\u00eda es el pulm\u00f3n del planeta, brotando nuevamente el discurso sobre la internacionalizaci\u00f3n de esta zona que es considerada como prioridad estrat\u00e9gica nacional de Brasil.<\/p>\n<p>Pero, \u00bfpor qu\u00e9 hay tanto auge discursivo actual en torno a\u00a0una zona que lleva tiempo devastada por los grandes capitales extractivistas, ganaderas y agr\u00edcolas?<\/p>\n<p>La extensiva Amazon\u00eda cuenta con la mayor biodiversidad del mundo, el reservorio m\u00e1s grande de agua dulce y, por supuesto, minerales. Al haber tantos recursos, la presi\u00f3n internacional, ONG, lobbys transnacionales y financieros, van de la mano con la innegable intenci\u00f3n de internacionalizar lo sucedido en esta zona y crear la matriz de la reducci\u00f3n de la capacidad de acci\u00f3n del Estado brasile\u00f1o.<\/p>\n<p>Al cierre de la Cumbre del G7, el anfitri\u00f3n franc\u00e9s\u00a0calific\u00f3 al incendio como una cat\u00e1strofe y anunci\u00f3 la movilizaci\u00f3n de 20 millones de d\u00f3lares y apoyo militar en la Amazon\u00eda.<\/p>\n<p>Bolsonaro respondi\u00f3 a Macron, que no aceptar\u00e1 el dinero, y agreg\u00f3 que los temas de la Amazon\u00eda no deben entrar en la agenda del G7 sin contar con la participaci\u00f3n de Brasil, ya que esa pr\u00e1ctica corresponde a un pensamiento colonialista.<\/p>\n<p>Ahora es que inicia una nueva etapa en el escenario amaz\u00f3nico en la que diferentes \u00e9lites corporativas se jugar\u00e1n su puesto en esta amplia zona llena de recursos. As\u00ed, Bolsonaro sin disimulo muestra su acercamiento con la \u00e9lite estadounidense, triangulando a su vez con el presidente de Colombia, Iv\u00e1n Duque, para crear un plan conjunto que garantice, aparentemente, la soberan\u00eda de sus Estados y de sus riquezas naturales.<\/p>\n<p>Simplemente, el incendio es un s\u00edntoma a todo lo que se ha llevado a cabo en estos \u00faltimos a\u00f1os en la Amazon\u00eda. Las preocupaciones son la pantomima a los verdaderos intereses pol\u00edticos y econ\u00f3micos que orbitan en esa extensa zona rica en recursos.<\/p>\n","protected":false},"excerpt":{"rendered":"<p>Mision Verdad (29-8-19) &nbsp; En la \u00faltima semana hubo una oleada medi\u00e1tica sobre los fat\u00eddicos incendios en la Amazon\u00eda. Diferentes personalidades del mundo pol\u00edtico y del espect\u00e1culo se pronunciaron en sus redes sociales ante este hecho. Miles de im\u00e1genes, falsas o no, se propagaron en todos los medios globales de comunicaci\u00f3n, mostrando c\u00f3mo los\u00a0incendios se [&hellip;]<\/p>\n","protected":false},"author":1,"featured_media":35247,"comment_status":"open","ping_status":"open","sticky":false,"template":"","format":"standard","meta":{"footnotes":""},"categories":[14,13],"tags":[],"class_list":["post-35304","post","type-post","status-publish","format-standard","has-post-thumbnail","hentry","category-internacionales","category-medio-ambiente"],"_links":{"self":[{"href":"https:\/\/debateplural.net\/site\/wp-json\/wp\/v2\/posts\/35304"}],"collection":[{"href":"https:\/\/debateplural.net\/site\/wp-json\/wp\/v2\/posts"}],"about":[{"href":"https:\/\/debateplural.net\/site\/wp-json\/wp\/v2\/types\/post"}],"author":[{"embeddable":true,"href":"https:\/\/debateplural.net\/site\/wp-json\/wp\/v2\/users\/1"}],"replies":[{"embeddable":true,"href":"https:\/\/debateplural.net\/site\/wp-json\/wp\/v2\/comments?post=35304"}],"version-history":[{"count":1,"href":"https:\/\/debateplural.net\/site\/wp-json\/wp\/v2\/posts\/35304\/revisions"}],"predecessor-version":[{"id":35305,"href":"https:\/\/debateplural.net\/site\/wp-json\/wp\/v2\/posts\/35304\/revisions\/35305"}],"wp:featuredmedia":[{"embeddable":true,"href":"https:\/\/debateplural.net\/site\/wp-json\/wp\/v2\/media\/35247"}],"wp:attachment":[{"href":"https:\/\/debateplural.net\/site\/wp-json\/wp\/v2\/media?parent=35304"}],"wp:term":[{"taxonomy":"category","embeddable":true,"href":"https:\/\/debateplural.net\/site\/wp-json\/wp\/v2\/categories?post=35304"},{"taxonomy":"post_tag","embeddable":true,"href":"https:\/\/debateplural.net\/site\/wp-json\/wp\/v2\/tags?post=35304"}],"curies":[{"name":"wp","href":"https:\/\/api.w.org\/{rel}","templated":true}]}}