{"id":35608,"date":"2019-09-14T06:00:51","date_gmt":"2019-09-14T10:00:51","guid":{"rendered":"http:\/\/debateplural.com\/?p=35608"},"modified":"2019-09-13T13:41:48","modified_gmt":"2019-09-13T17:41:48","slug":"son-inevitables-una-nuevas-elecciones-en-espana","status":"publish","type":"post","link":"https:\/\/debateplural.net\/site\/2019\/09\/14\/son-inevitables-una-nuevas-elecciones-en-espana\/","title":{"rendered":"\u00bfSon inevitables una nuevas Elecciones en Espa\u00f1a?"},"content":{"rendered":"<p>Germ\u00e1n Gorr\u00e1iz L\u00f3pez (teleSur, 13-9-19)<\/p>\n<p>&nbsp;<\/p>\n<p>La utop\u00eda de Pablo Iglesias tras las Elecciones del 28-A era la formaci\u00f3n de un Gobierno de Cambio PSOE-Unidas Podemos que diera prioridad a la implementaci\u00f3n del llamado Estado social y democr\u00e1tico de Derecho y a una regeneraci\u00f3n democr\u00e1tica (mediante la extirpaci\u00f3n del c\u00e1ncer metast\u00e1sico de la corrupci\u00f3n que habr\u00eda fagocitado todos los estamentos del Estado espa\u00f1ol), aunado con una reforma posibilista de la Constituci\u00f3n del 78, intento fallido debido a la impaciencia de Pablo Iglesias por \u201calcanzar los cielos por asalto\u201d en lugar de transitar por la senda marcada por il poverello D\u00b4Assisi: \u201cComienza haciendo lo que es necesario, despu\u00e9s lo que es posible y de repente estar\u00e1s haciendo lo imposible\u201d.<\/p>\n<p>\u00bfIntenta Pedro S\u00e1nchez condenar al ostracismo a Podemos?<\/p>\n<p>Seg\u00fan Edward L. Bernays, sobrino de Sigmund Freud y uno de pioneros en el estudio de la psicolog\u00eda de masas, \u201cla mente del grupo no piensa, en el sentido estricto de la palabra. En lugar de pensamientos tiene impulsos, h\u00e1bitos y emociones y a la hora de decidir su primer impulso es normalmente seguir el ejemplo de un l\u00edder en quien conf\u00eda\u201d. As\u00ed, la propaganda del PSOE va dirigida no al sujeto individual sino al Grupo en el que la personalidad del individuo unidimensional se diluye y queda envuelta en retazos de falsas expectativas creadas y anhelos comunes que lo sustentan, sirvi\u00e9ndose de la dictadura invisible del temor al caos que generar\u00eda la llegada al Poder de Podemos (considerado por EEUU como de \u201cfiliaci\u00f3n chavista\u201d) y que tendr\u00eda su plasmaci\u00f3n en \u201cel caos econ\u00f3mico de Grecia y Venezuela\u201d.<\/p>\n<p>As\u00ed, la estrategia electoral de Pedro S\u00e1nchez en las \u00faltimas Elecciones se bas\u00f3 en el mantra de la recuperaci\u00f3n econ\u00f3mica edulcorada con sibilinas promesas de aumento del techo de gasto auton\u00f3mico, subidas salariales a funcionarios y jubilados as\u00ed como reducciones fiscales al estar la sociedad espa\u00f1ola integrada por individuos unidimensionales que no dudaron en primar el \u201cpanem et circenses\u201d frente al v\u00e9rtigo que suscitaba la utop\u00eda propugnada por Podemos.<\/p>\n<p>La negativa de Pablo Iglesias a facilitar la investidura de Pedro S\u00e1nchez como Presidente del Gobierno dejar\u00eda abierta la posibilidad de unas nuevas elecciones en Noviembre que tendr\u00edan como efecto colateral la condena al ostracismo de Unidas Podemos tras la posterior formaci\u00f3n de un Gobierno de Salvaci\u00f3n PSOE-PP que implementar\u00e1 un Estado mon\u00e1rquico, jacobino y euroc\u00e9ntrico, siguiendo la m\u00e1xima del gatopardismo (\u201cCambiar todo para que nada cambie\u201d).<\/p>\n<p>La jugada maquiav\u00e9lica de Pablo Iglesias<\/p>\n<p>En esta coyuntura, Pablo Iglesias deber\u00eda aparcar su estrategia maximalista para incorporar a su bagaje pol\u00edtico la llamada inteligencia maquiav\u00e9lica, consistente el uso de comportamiento cooperativos o combativos que le puedan reportar mayores posibilidades de adaptaci\u00f3n en funci\u00f3n de una situaci\u00f3n concreta. Asimismo, la inteligencia medi\u00e1tica se distingue por una extraordinaria capacidad para encontrar las debilidades ajenas y utilizarlas en beneficio propio as\u00ed como de realizar acciones complejas que pueden no ser entendidas en un principio por sus votantes pues sus metas se proyectan hacia un futuro mediato.<\/p>\n<p>As\u00ed, en la pr\u00f3xima reuni\u00f3n de Pablo Iglesias con el Jefe del Estado, le transmitir\u00eda la decisi\u00f3n de su grupo de apoyar sin contraprestaciones al PSOE en una posible nueva investidura de Pedro S\u00e1nchez, lo que aunado con el voto favorable de PNV y la abstenci\u00f3n de Bildu y ERC obligar\u00eda a Pedro S\u00e1nchez a presentarse como candidato al contar con los votos necesarios para lograr ser investido, erigi\u00e9ndose posteriormente Podemos en el garante de la ortodoxia izquierdista desde la oposici\u00f3n.<\/p>\n","protected":false},"excerpt":{"rendered":"<p>Germ\u00e1n Gorr\u00e1iz L\u00f3pez (teleSur, 13-9-19) &nbsp; La utop\u00eda de Pablo Iglesias tras las Elecciones del 28-A era la formaci\u00f3n de un Gobierno de Cambio PSOE-Unidas Podemos que diera prioridad a la implementaci\u00f3n del llamado Estado social y democr\u00e1tico de Derecho y a una regeneraci\u00f3n democr\u00e1tica (mediante la extirpaci\u00f3n del c\u00e1ncer metast\u00e1sico de la corrupci\u00f3n que [&hellip;]<\/p>\n","protected":false},"author":1,"featured_media":29357,"comment_status":"open","ping_status":"open","sticky":false,"template":"","format":"standard","meta":{"footnotes":""},"categories":[14,12],"tags":[],"class_list":["post-35608","post","type-post","status-publish","format-standard","has-post-thumbnail","hentry","category-internacionales","category-politica-3"],"_links":{"self":[{"href":"https:\/\/debateplural.net\/site\/wp-json\/wp\/v2\/posts\/35608"}],"collection":[{"href":"https:\/\/debateplural.net\/site\/wp-json\/wp\/v2\/posts"}],"about":[{"href":"https:\/\/debateplural.net\/site\/wp-json\/wp\/v2\/types\/post"}],"author":[{"embeddable":true,"href":"https:\/\/debateplural.net\/site\/wp-json\/wp\/v2\/users\/1"}],"replies":[{"embeddable":true,"href":"https:\/\/debateplural.net\/site\/wp-json\/wp\/v2\/comments?post=35608"}],"version-history":[{"count":1,"href":"https:\/\/debateplural.net\/site\/wp-json\/wp\/v2\/posts\/35608\/revisions"}],"predecessor-version":[{"id":35609,"href":"https:\/\/debateplural.net\/site\/wp-json\/wp\/v2\/posts\/35608\/revisions\/35609"}],"wp:featuredmedia":[{"embeddable":true,"href":"https:\/\/debateplural.net\/site\/wp-json\/wp\/v2\/media\/29357"}],"wp:attachment":[{"href":"https:\/\/debateplural.net\/site\/wp-json\/wp\/v2\/media?parent=35608"}],"wp:term":[{"taxonomy":"category","embeddable":true,"href":"https:\/\/debateplural.net\/site\/wp-json\/wp\/v2\/categories?post=35608"},{"taxonomy":"post_tag","embeddable":true,"href":"https:\/\/debateplural.net\/site\/wp-json\/wp\/v2\/tags?post=35608"}],"curies":[{"name":"wp","href":"https:\/\/api.w.org\/{rel}","templated":true}]}}