{"id":3569,"date":"2016-02-01T17:48:48","date_gmt":"2016-02-01T17:48:48","guid":{"rendered":"http:\/\/debateplural.com\/?p=3569"},"modified":"2016-06-23T14:08:37","modified_gmt":"2016-06-23T14:08:37","slug":"casi-500-000-alemanes-de-origen-ruso-desean-volver-a-rusia","status":"publish","type":"post","link":"https:\/\/debateplural.net\/site\/2016\/02\/01\/casi-500-000-alemanes-de-origen-ruso-desean-volver-a-rusia\/","title":{"rendered":"Casi 500.000 alemanes de origen ruso desean volver a Rusia"},"content":{"rendered":"<div id=\"attachment_3570\" style=\"width: 715px\" class=\"wp-caption aligncenter\"><img loading=\"lazy\" decoding=\"async\" aria-describedby=\"caption-attachment-3570\" class=\"size-full wp-image-3570\" src=\"http:\/\/tripletecnologia.com\/website\/debateplural\/wp-content\/uploads\/2016\/02\/gente-en-berlin-1.jpg\" alt=\"Gente en Berlin\" width=\"705\" height=\"381\" \/><p id=\"caption-attachment-3570\" class=\"wp-caption-text\">Gente en Berlin<\/p><\/div>\n<p class=\"b-article__lead\" style=\"text-align:justify;\">Unos 500.000 alemanes expatriados de origen ruso en <a href=\"http:\/\/localhost\/debateplural\/tag\/alemania\">Alemania<\/a> expresaron su deseo de regresar a la Federaci\u00f3n Rusa, inform\u00f3 este lunes el l\u00edder del partido ENHEIT, Dmitri Rempel.<\/p>\n<div class=\"b-article__text\">\n<p style=\"text-align:justify;\">\"Seg\u00fan nuestros datos, unas 500.000 personas muestran inter\u00e9s y est\u00e1n dispuestas a trasladarse a <a href=\"http:\/\/localhost\/debateplural\/tag\/rusia\">Rusia<\/a>, se trata de una cifra aproximada\", dijo el pol\u00edtico en un programa de la emisora Rossiya Segodnya en Crimea.<\/p>\n<p><!--more--><\/p>\n<p style=\"text-align:justify;\">Rempel, que defiende la necesidad de crear un programa para garantizar el retorno de los alemanes de origen ruso, prev\u00e9 visitar la pen\u00ednsula pr\u00f3ximamente para debatir cuestiones relacionadas con la cooperaci\u00f3n en turismo, deporte y la diplomacia popular.<\/p>\n<\/div>\n<p style=\"text-align:justify;\">\"Una parte de la gente ya se est\u00e1 trasladando hoy en d\u00eda de forma ca\u00f3tica, encuentran de forma aut\u00f3noma un lugar para vivir, pero se enfrentan con problemas al recibir el permiso de residencia o el seguro m\u00e9dico\", indic\u00f3 el activista, agregando que un programa oficial permitir\u00eda evitar esas trabas.<\/p>\n<p style=\"text-align:justify;\">Seg\u00fan Rempel, una de las causas que provoca el regreso de los antiguos emigrantes consiste en la llegada masiva de refugiados, y Rusia resulta un pa\u00eds id\u00f3neo, pues ya conocen su idioma, tradiciones y cultura.<\/p>\n<p style=\"text-align:justify;\">Anteriormente el pol\u00edtico asegur\u00f3 que Alemania perdi\u00f3 m\u00e1s de un mill\u00f3n de empleos al imponer <a href=\"http:\/\/mundo.sputniknews.com\/trend\/Sanciones_contra_Rusia_2014\/\">sanciones contra Rusia<\/a>.<\/p>\n<p style=\"text-align:justify;\">Crimea y Sebastopol, ciudad con estatus especial situada en la pen\u00ednsula, <a href=\"http:\/\/mundo.sputniknews.com\/trend\/retorno_crimea_rusia_2015\/\">pasaron a ser regiones de Rusia<\/a> en marzo de 2014 tras un referendo, en que la aplastante mayor\u00eda de sus habitantes vot\u00f3 a favor de la adhesi\u00f3n a Rusia.<\/p>\n<p style=\"text-align:justify;\">Mosc\u00fa subraya que la celebraci\u00f3n del referendo en Crimea est\u00e1 en pleno acuerdo con las normas del derecho internacional y los estatutos de la <a href=\"http:\/\/localhost\/debateplural\/tag\/onu\">ONU<\/a>, pero Kiev sigue considerando Crimea parte de Ucrania.<\/p>\n<p style=\"text-align:justify;\">Los alemanes es uno de los pueblos tradicionales de Rusia desde que la emperatriz Catalina II de Rusia, oriunda de Alemania, invit\u00f3 a sus antiguos compatriotas a trasladarse a Rusia y colonizar las orillas del r\u00edo Volga en el siglo XVIII.<\/p>\n<p style=\"text-align:justify;\">Con el surgimiento de la Uni\u00f3n Sovi\u00e9tica los alemanes del Volga obtuvieron su propia rep\u00fablica aut\u00f3noma siendo parte de la Rep\u00fablica Socialista Federativa Sovi\u00e9tica de Rusia. La autonom\u00eda fue abolida cuando comenz\u00f3 la Gran Guerra Patria (t\u00e9rmino utilizado en Rusia con relaci\u00f3n a la guerra contra la Alemania nazi durante la Segunda Guerra Mundial).<\/p>\n<p style=\"text-align:justify;\">En 1991, cuando la URSS se disolvi\u00f3, los alemanes de Rusia empezaron a migrar hacia su patria hist\u00f3rica. Hoy en d\u00eda el n\u00famero de alemanes que viven en Rusia est\u00e1 estimado en 500.000 personas.<\/p>\n","protected":false},"excerpt":{"rendered":"<p>Unos 500.000 alemanes expatriados de origen ruso en Alemania expresaron su deseo de regresar a la Federaci\u00f3n Rusa, inform\u00f3 este lunes el l\u00edder del partido ENHEIT, Dmitri Rempel. \"Seg\u00fan nuestros datos, unas 500.000 personas muestran inter\u00e9s y est\u00e1n dispuestas a trasladarse a Rusia, se trata de una cifra aproximada\", dijo el pol\u00edtico en un programa [&hellip;]<\/p>\n","protected":false},"author":1,"featured_media":7808,"comment_status":"open","ping_status":"open","sticky":false,"template":"","format":"standard","meta":{"footnotes":""},"categories":[14],"tags":[7,43,40],"class_list":["post-3569","post","type-post","status-publish","format-standard","has-post-thumbnail","hentry","category-internacionales","tag-alemania","tag-onu","tag-rusia"],"_links":{"self":[{"href":"https:\/\/debateplural.net\/site\/wp-json\/wp\/v2\/posts\/3569"}],"collection":[{"href":"https:\/\/debateplural.net\/site\/wp-json\/wp\/v2\/posts"}],"about":[{"href":"https:\/\/debateplural.net\/site\/wp-json\/wp\/v2\/types\/post"}],"author":[{"embeddable":true,"href":"https:\/\/debateplural.net\/site\/wp-json\/wp\/v2\/users\/1"}],"replies":[{"embeddable":true,"href":"https:\/\/debateplural.net\/site\/wp-json\/wp\/v2\/comments?post=3569"}],"version-history":[{"count":1,"href":"https:\/\/debateplural.net\/site\/wp-json\/wp\/v2\/posts\/3569\/revisions"}],"predecessor-version":[{"id":7809,"href":"https:\/\/debateplural.net\/site\/wp-json\/wp\/v2\/posts\/3569\/revisions\/7809"}],"wp:featuredmedia":[{"embeddable":true,"href":"https:\/\/debateplural.net\/site\/wp-json\/wp\/v2\/media\/7808"}],"wp:attachment":[{"href":"https:\/\/debateplural.net\/site\/wp-json\/wp\/v2\/media?parent=3569"}],"wp:term":[{"taxonomy":"category","embeddable":true,"href":"https:\/\/debateplural.net\/site\/wp-json\/wp\/v2\/categories?post=3569"},{"taxonomy":"post_tag","embeddable":true,"href":"https:\/\/debateplural.net\/site\/wp-json\/wp\/v2\/tags?post=3569"}],"curies":[{"name":"wp","href":"https:\/\/api.w.org\/{rel}","templated":true}]}}