{"id":35696,"date":"2019-09-18T06:05:35","date_gmt":"2019-09-18T10:05:35","guid":{"rendered":"http:\/\/debateplural.com\/?p=35696"},"modified":"2019-09-17T16:25:09","modified_gmt":"2019-09-17T20:25:09","slug":"motivos-de-la-emigracion-a-eeuu","status":"publish","type":"post","link":"https:\/\/debateplural.net\/site\/2019\/09\/18\/motivos-de-la-emigracion-a-eeuu\/","title":{"rendered":"Motivos de la emigraci\u00f3n a EEUU"},"content":{"rendered":"<div>Manuel E. Yepe (Por Esto, 17-9-19)<\/div>\n<div><\/div>\n<div><\/div>\n<div><\/div>\n<div>La ideolog\u00eda determinante en el \u201cPrimer Mundo\u201d defiende la<br \/>\nliberalizaci\u00f3n de los movimientos de mercanc\u00edas y capitales pero<br \/>\nexcluye enf\u00e1ticamente la posibilidad de que la fuerza laboral disfrute<br \/>\nde esa misma libertad. Condena toda acci\u00f3n gubernamental en los pa\u00edses<br \/>\npobres para proteger sus producciones de los efectos de un<br \/>\nenfrentamiento desigual en el mercado externo pero rechaza la<br \/>\nposibilidad de que se desplace internacionalmente la mano de obra<br \/>\nseg\u00fan la misma ley de oferta y demanda que ellos reclaman para sus<br \/>\nmercanc\u00edas, capitales y dem\u00e1s factores de la producci\u00f3n.<\/p>\n<p>En condiciones de absoluta libertad de movimiento de las mercanc\u00edas en<br \/>\nel mercado mundial, vence quien produzca a menor costo y eso solo se<br \/>\nlogra con una productividad m\u00e1s elevada, que es siempre aquella a la<br \/>\nque acceden las grandes corporaciones de los pa\u00edses desarrollados<br \/>\nmediante una tecnolog\u00eda m\u00e1s eficiente nacida de su superioridad<br \/>\nfinanciera, dejando a los pa\u00edses pobres el \u00fanico recurso de competir a<br \/>\nbase de una fuerza de trabajo m\u00e1s barata.<\/p>\n<p>Una globalizaci\u00f3n econ\u00f3mica genuinamente liberal, que enarbole el<br \/>\nprincipio de competitividad y fije en el mercado las posibilidades de<br \/>\ntodas las partes, deb\u00eda incluir la libertad de movimiento de todos los<br \/>\nfactores de la producci\u00f3n, incluida la fuerza de trabajo, pero esta<br \/>\nposibilidad ni siquiera es mencionada en el discurso neoliberal.<\/p>\n<p>En Am\u00e9rica Latina, el polo receptor fundamental de los intercambios<br \/>\ncomerciales, Estados Unidos, cierra sus fronteras a la inmigraci\u00f3n<br \/>\nespont\u00e1nea que promueven las leyes del mercado y proyecta programas<br \/>\ndestinados a captar inmigrantes con calificaciones espec\u00edficas o<br \/>\nrefugiados pol\u00edticos (reales o simulados) que convengan a sus<br \/>\nprop\u00f3sitos pol\u00edticos de dominaci\u00f3n, obviando que es evidente que la<br \/>\neconom\u00eda de Estados Unidos necesita objetivamente de mano de obra, en<br \/>\nespecial la no calificada.<\/p>\n<p>Tal inconsistencia refleja la voluntad de evitar los conflictos<br \/>\nderivados de la competencia entre los inmigrantes y sus propios<br \/>\ntrabajadores, sin olvidar las manifestaciones de xenofobia y<br \/>\ndiscriminaci\u00f3n de las minor\u00edas que se manifiestan en esa sociedad, por<br \/>\nm\u00faltiples factores hist\u00f3ricos.<\/p>\n<p>Desde el punto de vista de los empresarios estadounidenses que<br \/>\nexplotan la mano de obra inmigrante, si bien sus intereses por la<br \/>\nproscripci\u00f3n legal de los ingresos de inmigrantes son afectados, la<br \/>\ncontinuidad del ingreso de trabajadores indocumentados -con derechos<br \/>\ndeprimidos- resuelve sus necesidades. Los grandes perdedores resultan<br \/>\nlos inmigrantes indocumentados, perseguidos, maltratados y s\u00faper<br \/>\nexplotados. La emigraci\u00f3n a Estados Unidos pasa a ser el hecho<br \/>\ndominante del panorama migratorio regional.<\/p>\n<p>Pero, a partir de las \u00faltimas d\u00e9cadas del siglo XX, el proceso<br \/>\nmigratorio latinoamericano y del Caribe, que desde la \u00e9poca de la<br \/>\nconquista hasta entonces hab\u00eda dejado un saldo positivo, pasa a ser<br \/>\nnegativo. Es decir, m\u00e1s emigrantes que inmigrantes.<\/p>\n<p>En los a\u00f1os 80, con el auge del neoliberalismo impulsado por el<br \/>\ngobierno de Ronald Reagan en los Estados Unidos, Am\u00e9rica Latina se<br \/>\nsume, como todo el Tercer Mundo, en un per\u00edodo caracterizado por los<br \/>\nefectos de una deuda externa impagable que frena su desarrollo,<br \/>\nagravado por el auge de la corrupci\u00f3n, la malversaci\u00f3n y el descr\u00e9dito<br \/>\nde los pol\u00edticos tradicionales.<\/p>\n<p>El desmoronamiento de la Uni\u00f3n Sovi\u00e9tica y del sistema socialista de<br \/>\nEuropa oriental priv\u00f3 a los pa\u00edses subdesarrollados del mundo de una<br \/>\nalternativa de asistencia econ\u00f3mica y t\u00e9cnica, as\u00ed como de mercados<br \/>\nrelativamente seguros y ventajosos.<\/p>\n<p>Los pa\u00edses ricos aprovecharon la coyuntura para imponer una<br \/>\norientaci\u00f3n neoliberal a la objetiva tendencia a la globalizaci\u00f3n que<br \/>\nlos avances tecnol\u00f3gicos determinan para la econom\u00eda de las naciones:<br \/>\nAminoraron la asistencia al desarrollo, forzaron el debilitamiento de<br \/>\nlos aparatos estatales, la desestatificaci\u00f3n de los recursos naturales<br \/>\ny la privatizaci\u00f3n de las empresas estatales, preferentemente por<br \/>\nadquisici\u00f3n de \u00e9stas por corporaciones estadounidenses.<\/p>\n<p>Fue as\u00ed que Am\u00e9rica Latina, que por siglos fue receptora de migraci\u00f3n<br \/>\nse convirti\u00f3 en regi\u00f3n de flujo emigrante.<br \/>\nDecenas de millones de latinoamericanos se han visto forzados a<br \/>\nemigrar en los \u00faltimos 20 a\u00f1os.<br \/>\nTodo ello ha conducido a un fuerte incremento de las desigualdades y<br \/>\nla concentraci\u00f3n de las riquezas en un reducido n\u00famero de personas y<br \/>\nentidades en los pa\u00edses del Tercer Mundo.<\/p>\n<p>As\u00ed como Inglaterra, cuando su flota era la mayor y m\u00e1s eficiente del<br \/>\nmundo, reclamaba libertad de los mares sin medidas de protecci\u00f3n que<br \/>\nelevaran la competitividad a las flotas de otros pa\u00edses, hoy los<br \/>\npa\u00edses altamente desarrollados reclaman libertad para el movimiento de<br \/>\nsus mercanc\u00edas y capitales, sin barreras que protejan las<br \/>\nproducciones de los pa\u00edses de menor desarrollo econ\u00f3mico. Pero no<br \/>\nincluyen esa libertad para la mano de obra.<\/p><\/div>\n","protected":false},"excerpt":{"rendered":"<p>Manuel E. Yepe (Por Esto, 17-9-19) La ideolog\u00eda determinante en el \u201cPrimer Mundo\u201d defiende la liberalizaci\u00f3n de los movimientos de mercanc\u00edas y capitales pero excluye enf\u00e1ticamente la posibilidad de que la fuerza laboral disfrute de esa misma libertad. Condena toda acci\u00f3n gubernamental en los pa\u00edses pobres para proteger sus producciones de los efectos de un [&hellip;]<\/p>\n","protected":false},"author":1,"featured_media":8782,"comment_status":"open","ping_status":"open","sticky":false,"template":"","format":"standard","meta":{"footnotes":""},"categories":[14,12],"tags":[],"class_list":["post-35696","post","type-post","status-publish","format-standard","has-post-thumbnail","hentry","category-internacionales","category-politica-3"],"_links":{"self":[{"href":"https:\/\/debateplural.net\/site\/wp-json\/wp\/v2\/posts\/35696"}],"collection":[{"href":"https:\/\/debateplural.net\/site\/wp-json\/wp\/v2\/posts"}],"about":[{"href":"https:\/\/debateplural.net\/site\/wp-json\/wp\/v2\/types\/post"}],"author":[{"embeddable":true,"href":"https:\/\/debateplural.net\/site\/wp-json\/wp\/v2\/users\/1"}],"replies":[{"embeddable":true,"href":"https:\/\/debateplural.net\/site\/wp-json\/wp\/v2\/comments?post=35696"}],"version-history":[{"count":1,"href":"https:\/\/debateplural.net\/site\/wp-json\/wp\/v2\/posts\/35696\/revisions"}],"predecessor-version":[{"id":35697,"href":"https:\/\/debateplural.net\/site\/wp-json\/wp\/v2\/posts\/35696\/revisions\/35697"}],"wp:featuredmedia":[{"embeddable":true,"href":"https:\/\/debateplural.net\/site\/wp-json\/wp\/v2\/media\/8782"}],"wp:attachment":[{"href":"https:\/\/debateplural.net\/site\/wp-json\/wp\/v2\/media?parent=35696"}],"wp:term":[{"taxonomy":"category","embeddable":true,"href":"https:\/\/debateplural.net\/site\/wp-json\/wp\/v2\/categories?post=35696"},{"taxonomy":"post_tag","embeddable":true,"href":"https:\/\/debateplural.net\/site\/wp-json\/wp\/v2\/tags?post=35696"}],"curies":[{"name":"wp","href":"https:\/\/api.w.org\/{rel}","templated":true}]}}