{"id":35699,"date":"2019-09-18T12:19:52","date_gmt":"2019-09-18T16:19:52","guid":{"rendered":"http:\/\/debateplural.com\/?p=35699"},"modified":"2019-09-18T12:21:03","modified_gmt":"2019-09-18T16:21:03","slug":"35699","status":"publish","type":"post","link":"https:\/\/debateplural.net\/site\/2019\/09\/18\/35699\/","title":{"rendered":"Justicia para Lula"},"content":{"rendered":"<p align=\"justify\">Emir Sader (Rebelion, 18-9-19)<\/p>\n<p align=\"justify\">Las entrevistas de Lula con los medios brasile\u00f1os e internacionales consolidan la versi\u00f3n de que se trata de una condena sin pruebas, de una persecuci\u00f3n pol\u00edtica al ex presidente brasile\u00f1o y de que \u00e9l\u00a0 es un preso pol\u00edtico. No solo eso, tambi\u00e9n que la historia pol\u00edtica de Brasil fue distorsionada por la decisi\u00f3n de impedir que Lula fuera candidato a la presidencia de Brasil, elecci\u00f3n en la cual, seg\u00fan todas las encuestas, Lula ser\u00eda elegido presidente del pa\u00eds en primera vuelta. Asimismo, que el candidato lanzado por Lula, Fernando Haddad, habr\u00eda triunfado, si no fuera la monstruosa campa\u00f1a de\u00a0<em>fake news<\/em>, con escandalosas mentiras propagadas por robots.<\/p>\n<p align=\"justify\">Desde el golpe sin razones constitucionales\u00a0 en contra de Dilma Rousseff, reelegida presidenta de Brasil en 2014, se fue poniendo en pr\u00e1ctica la guerra h\u00edbrida, el nuevo tipo de golpe, la estrategia actual de la derecha\u00a0 a escala internacional, basada en la guerra de la leyes, en la judicializaci\u00f3n de la pol\u00edtica y en la persecuci\u00f3n pol\u00edtica de l\u00edderes democr\u00e1ticos. Una guerra que tuvo continuidad en la prisi\u00f3n y el impedimento ilegales de la candidatura de Lula y desembarco en la farsa de la elecci\u00f3n de Bolsonaro.<\/p>\n<p align=\"justify\">La justicia para Lula no es solo reparar las injusticias que se cometen en contra de \u00e9l.\u00a0 Es denunciar la farsa de la Lava Jato \u2013reiteradamente comprobadas por las revelaciones hechas por\u00a0<i>Intercept Brasil<\/i>-, desenmascarar su falso combate en contra de la corrupci\u00f3n, procesar, acusar y condenar a los que la pusieron en pr\u00e1ctica, al servicio de la ruptura de la democracia, de la destrucci\u00f3n del patrimonio p\u00fablico brasile\u00f1o en favor de los intereses de EEUU, la liquidaci\u00f3n de las pol\u00edticas sociales de los gobiernos del PT y de los derechos de los trabajadores.<\/p>\n<p align=\"justify\">Como resultado de la Lava Jato, Brasil tiene el gobierno m\u00e1s desprestigiado de su historia en el plano internacional, el presidente m\u00e1s ridiculizado dentro y fuera del pa\u00eds, el que m\u00e1s declaraciones rid\u00edculas realiza todos los d\u00edas y m\u00e1s desprestigia el cargo que tiene, mientras promueve la recesi\u00f3n y mantiene a 14 millones de personas en el desempleo.<\/p>\n<p align=\"justify\">Mientras tanto, la imagen de Lula solo crece dentro y fuera de Brasil. Incluso gente que se hab\u00eda dejado llevar por las acusaciones de corrupci\u00f3n que habr\u00edan involucrado a Lula, ahora se dan cuenta, informados de las condiciones jur\u00eddicas y pol\u00edticas de su condena, de que Lula es absolutamente inocente, que no hay un centavo indebido en sus cuentas, que su proceso es pol\u00edtico. Que \u00e9l fue condenado no por pruebas, sino por convicciones. No hay derecho que no se apoye en pruebas.<\/p>\n<p align=\"justify\">Lula reafirma, por todo ello, que solo saldr\u00e1 de la prisi\u00f3n con su inocencia reconocida. No acepta acogerse a ning\u00fan otro mecanismo, ni siquiera la prisi\u00f3n domiciliaria, a la que tendr\u00eda derecho a partir de octubre. Porque significar\u00eda reconocer la condena y apelar para la prisi\u00f3n domiciliaria a que tiene derecho un condenado despu\u00e9s de cumplir 1\/6 de la pena. Lula no reconoce la condena. Solo acepta salir absolutamente inocente.<\/p>\n<p align=\"justify\">Posibilidad que se no se ve\u00eda por donde podr\u00eda ocurrir. Hasta que las revelaciones de\u00a0<i>Intercept<\/i>\u00a0desmienten uno de los m\u00e1s grandes absurdos judiciales de Brasil: que el Supremo Tribunal Federal haya declarado, en reiteradas veces, que el juez Sergio Moro no tendr\u00eda potestad para juzgar a Lula. Despu\u00e9s de denuncias circunstanciadas en la direcci\u00f3n contraria, las conversaciones de Moro confirman fehacientemente como \u00e9l y los otros jueces de la Lava Jato han actuado de forma mancomunada pol\u00edticamente, incluso falsificando datos, para condenar a Lula sin pruebas, como una operaci\u00f3n de car\u00e1cter pol\u00edtico.<\/p>\n<p align=\"justify\">El clima se vuele insoportable para el STF, que no puede mantener la supuesta aptitud de Moro. Pasa que, si acaso el STF agarra coraje y declara a Moro no apto, simplemente anula todos los procesos que \u00e9l ha comandado en contra de Lula, que saldr\u00eda libre. Hay dos decisiones a tomar en las pr\u00f3ximas semanas o meses sobre este tema.<\/p>\n<p align=\"justify\">Mientras tanto, el gobierno se desgasta cada vez m\u00e1s, pelea de manera cada vez m\u00e1s dura con los mismos medios, vacila en ir o no ir a dar el discurso inaugural en la Asamblea General de Naciones Unidas, con el riesgo de manifestaciones de repudio dentro y fuera de la ONU, y deja el pa\u00eds sin gobierno, preocup\u00e1ndose m\u00e1s en obtener los votos para que su hijo pueda ser embajador en EEUU y maniobrar para que los otros dos hijos puedan escapar de los procesos por corrupci\u00f3n.<\/p>\n","protected":false},"excerpt":{"rendered":"<p>Emir Sader (Rebelion, 18-9-19) Las entrevistas de Lula con los medios brasile\u00f1os e internacionales consolidan la versi\u00f3n de que se trata de una condena sin pruebas, de una persecuci\u00f3n pol\u00edtica al ex presidente brasile\u00f1o y de que \u00e9l\u00a0 es un preso pol\u00edtico. No solo eso, tambi\u00e9n que la historia pol\u00edtica de Brasil fue distorsionada por [&hellip;]<\/p>\n","protected":false},"author":1,"featured_media":23885,"comment_status":"open","ping_status":"open","sticky":false,"template":"","format":"standard","meta":{"footnotes":""},"categories":[14,12],"tags":[],"class_list":["post-35699","post","type-post","status-publish","format-standard","has-post-thumbnail","hentry","category-internacionales","category-politica-3"],"_links":{"self":[{"href":"https:\/\/debateplural.net\/site\/wp-json\/wp\/v2\/posts\/35699"}],"collection":[{"href":"https:\/\/debateplural.net\/site\/wp-json\/wp\/v2\/posts"}],"about":[{"href":"https:\/\/debateplural.net\/site\/wp-json\/wp\/v2\/types\/post"}],"author":[{"embeddable":true,"href":"https:\/\/debateplural.net\/site\/wp-json\/wp\/v2\/users\/1"}],"replies":[{"embeddable":true,"href":"https:\/\/debateplural.net\/site\/wp-json\/wp\/v2\/comments?post=35699"}],"version-history":[{"count":3,"href":"https:\/\/debateplural.net\/site\/wp-json\/wp\/v2\/posts\/35699\/revisions"}],"predecessor-version":[{"id":35702,"href":"https:\/\/debateplural.net\/site\/wp-json\/wp\/v2\/posts\/35699\/revisions\/35702"}],"wp:featuredmedia":[{"embeddable":true,"href":"https:\/\/debateplural.net\/site\/wp-json\/wp\/v2\/media\/23885"}],"wp:attachment":[{"href":"https:\/\/debateplural.net\/site\/wp-json\/wp\/v2\/media?parent=35699"}],"wp:term":[{"taxonomy":"category","embeddable":true,"href":"https:\/\/debateplural.net\/site\/wp-json\/wp\/v2\/categories?post=35699"},{"taxonomy":"post_tag","embeddable":true,"href":"https:\/\/debateplural.net\/site\/wp-json\/wp\/v2\/tags?post=35699"}],"curies":[{"name":"wp","href":"https:\/\/api.w.org\/{rel}","templated":true}]}}