{"id":36059,"date":"2019-10-04T10:15:54","date_gmt":"2019-10-04T14:15:54","guid":{"rendered":"http:\/\/debateplural.com\/?p=36059"},"modified":"2019-10-04T10:15:54","modified_gmt":"2019-10-04T14:15:54","slug":"intelectuales-de-america-latina-y-el-caribe-siglos-xix-y-xx-81","status":"publish","type":"post","link":"https:\/\/debateplural.net\/site\/2019\/10\/04\/intelectuales-de-america-latina-y-el-caribe-siglos-xix-y-xx-81\/","title":{"rendered":"Intelectuales de Am\u00e9rica Latina y El Caribe (siglos XIX y XX)"},"content":{"rendered":"<h4 style=\"text-align: center;\">Thomas Madiou (1814-1884)<\/h4>\n<p>&nbsp;<\/p>\n<p>Fue un historiador\u00a0haitiano\u00a0.\u00a0Su obra\u00a0<em>Histoire d\u2019Ha\u00efti<\/em>\u00a0(Ingl\u00e9s:\u00a0<em>Historia de Hait\u00ed<\/em>\u00a0) es la primera historia completa de Hait\u00ed desde 1492 hasta 1846 (el presente de Madiou).\u00a0Es considerado uno de los documentos m\u00e1s valiosos de la historia y literatura haitiana.<\/p>\n<p>Nacido en\u00a0Port-au-Prince\u00a0de \u00abpadres bastante ricos\u00bb,\u00a0Madiou dej\u00f3 Hait\u00ed a los diez a\u00f1os para estudiar en Francia en el Royal College of Angers\u00a0(\u00a0<em>Coll\u00e8ge Royal d\u2019Angers<\/em>\u00a0).\u00a0M\u00e1s tarde estudi\u00f3 en\u00a0Rennes\u00a0, Francia, y se licenci\u00f3 en letras all\u00ed.\u00a0Luego asisti\u00f3 a la Escuela de Derecho de Par\u00eds durante dos a\u00f1os antes de regresar a Hait\u00ed.\u00a0Durante su estancia en Francia, Madiou conoci\u00f3 a Isaac Louverture, el hijo del h\u00e9roe revolucionario de Hait\u00ed,\u00a0Toussaint Louverture\u00a0.\u00a0Este encuentro supuestamente provoc\u00f3 el inter\u00e9s de Madiou en el pasado de su pa\u00eds, y regres\u00f3 a Hait\u00ed con la intenci\u00f3n de escribir su historia.\u00a0<sup><a href=\"https:\/\/translate.googleusercontent.com\/translate_c?depth=1&amp;hl=es&amp;prev=search&amp;rurl=translate.google.com&amp;sl=en&amp;sp=nmt4&amp;u=https:\/\/en.wikipedia.org\/wiki\/Thomas_Madiou&amp;xid=17259,15700023,15700186,15700190,15700248&amp;usg=ALkJrhjlzqodzMEw_Larmj5zP0jWY8UC3A#cite_note-2\">[<\/a><\/sup>M\u00e1s de una d\u00e9cada despu\u00e9s, Madiou public\u00f3 tres vol\u00famenes que cubren la historia de Hait\u00ed desde 1492 hasta 1807 con la publicaci\u00f3n de Puerto Pr\u00edncipe J. Courtois.\u00a0Un cuarto volumen (1843\u201346) apareci\u00f3 como parte del centenario de Hait\u00ed en 1904. 150 a\u00f1os despu\u00e9s de la impresi\u00f3n inicial del texto, la editorial haitiana Henri Deschamps public\u00f3 la historia completa, ocho vol\u00famenes que abarcan desde 1492 hasta 1846.<\/p>\n<p>En\u00a0<em>Histoire d\u2019Ha\u00efti,<\/em>\u00a0Madiou continu\u00f3 el trabajo de autores haitianos anteriores para combatir las representaciones racializadas del pasado de Hait\u00ed, en particular la fundaci\u00f3n del pa\u00eds.\u00a0Se vio a s\u00ed mismo llenando un vac\u00edo crucial al escribir la primera historia nacional completa de un autor haitiano.\u00a0La historia fue valiosa no solo para los haitianos sino tambi\u00e9n para todos los miembros de la di\u00e1spora africana.\u00a0<sup>[<\/sup>\u00a0Para construir, su historia de m\u00faltiples vol\u00famenes, Madiou se bas\u00f3 en gran medida en las fuentes escritas francesas;\u00a0sin embargo, tambi\u00e9n reconoci\u00f3 la importancia de las historias orales como complemento del archivo escrito.\u00a0Entrevist\u00f3 a veteranos veteranos revolucionarios durante sus viajes por todo el pa\u00eds con el general\u00a0Joseph Balthazar Inginac\u00a0, el secretario general para el presidente del siglo XIX en\u00a0funciones\u00a0de Hait\u00ed, Jean-Pierre Boyer.\u00a0Su historia trat\u00f3 de reparar la reputaci\u00f3n de los l\u00edderes negros de la\u00a0Revoluci\u00f3n haitiana, especialmente de\u00a0Toussaint Louverture\u00a0, presentando la lucha como una rebeli\u00f3n justificada contra la terrible opresi\u00f3n de la esclavitud.\u00a0Esto puso su trabajo en contraste con la historia escrita por\u00a0Beaubrun Ardouin\u00a0, apareciendo algunos a\u00f1os despu\u00e9s de Madiou\u2019s, que trat\u00f3 de ubicar la Revoluci\u00f3n haitiana en el contexto de otras luchas por la independencia en Am\u00e9rica Latina y negarle un car\u00e1cter racial o de clase.\u00a0Ardouin estaba tratando de hacer que Hait\u00ed se ajustara a la comunidad de naciones de las Am\u00e9ricas en la d\u00e9cada de 1830, mientras que Madiou destacaba lo que hac\u00eda a Hait\u00ed \u00fanico.<\/p>\n<p>Adem\u00e1s de sus escritos, Madiou se desempe\u00f1\u00f3 en varios cargos gubernamentales, incluido el de director de la escuela secundaria nacional y ministro plenipotenciario en Espa\u00f1a. Tambi\u00e9n trabaj\u00f3 como Director de\u00a0<em>Le Moniteur<\/em>\u00a0, la publicaci\u00f3n oficial del gobierno, y colabor\u00f3 \u200b\u200bcon la peque\u00f1a pero vibrante prensa de Hait\u00ed.<\/p>\n<h3>Referencias<\/h3>\n<ol>\n<li><strong>^<\/strong>\u00a0Trouillot, Ernst;\u00a0Trouillot, H\u00e9nock;\u00a0Pressoir, Catts (1953).\u00a0<em>Historiographie d\u2019Ha\u00efti<\/em>\u00a0.\u00a0Instituto Panamericano de Geograf\u00eda e Historia.\u00a0pag.\u00a0137.<\/li>\n<li><strong>^<\/strong>\u00a0Lescouflair, Arthur (1950).\u00a0<em>Thomas Madiou: Homme d\u2019\u00e9tat et historien ha\u00eftien<\/em>\u00a0.\u00a0Instituto Panamericano de Geograf\u00eda e Historia.\u00a0pp. 13-15.<\/li>\n<li><strong>^<\/strong>\u00a0Madiou, Thomas (1988).\u00a0<em>Histoire d\u2019Ha\u00efti<\/em>\u00a0.\u00a0Henri Deschamps.\u00a0pp. iii, xii.<\/li>\n<li><strong>^<\/strong>\u00a0Trouillot, Ernst;\u00a0Trouillot, H\u00e9nock;\u00a0Pressoir, Catts (1953).\u00a0<em>Historiographie d\u2019Ha\u00efti<\/em>\u00a0.\u00a0Instituto Panamericano de Geograf\u00eda e Historia.\u00a0pp. 137\u201338.<\/li>\n<\/ol>\n<ul>\n<li>Lescouflair, Arthur (1950).\u00a0<em>Thomas Madiou: Homme d\u2019\u00e9tat et historien ha\u00eftien<\/em>\u00a0.\u00a0Instituto Panamericano de Geograf\u00eda e Historia.<\/li>\n<li>Schutt-Ain\u00e9, Patricia (1994).\u00a0<em>Hait\u00ed: un libro de referencia b\u00e1sico<\/em>\u00a0.\u00a0Miami, Florida: Librairie Au Service de la Culture.\u00a0pag.\u00a092.\u00a0ISBN\u00a00-9638599-0-0\u00a0.<\/li>\n<li>Trouillot, Ernst;\u00a0Trouillot, H\u00e9nock;\u00a0Pressoir, Catts (1953).\u00a0<em>Historiographie d\u2019Ha\u00efti<\/em>\u00a0.\u00a0Instituto Panamericano de Geograf\u00eda e Historia.<\/li>\n<\/ul>\n<h3>Lectura adicional<\/h3>\n<ul>\n<li>Marlene Daut (2015),\u00a0<em>Tr\u00f3picos de Hait\u00ed: la raza y la historia literaria de la revoluci\u00f3n haitiana en el mundo atl\u00e1ntico, 1790-1865<\/em>\u00a0, Liverpool University Press.<\/li>\n<li>Thomas Madiou (1847),\u00a0<em>Histoire d\u2019Haiti<\/em>\u00a0(en franc\u00e9s), Puerto Pr\u00edncipe: Impr.\u00a0de J. Courtois,\u00a0OCLC\u00a06413840\u00a0.\n<ul>\n<li>v.1\u00a0, 1492-1799<\/li>\n<li>v.2\u00a0, 1799-1803<\/li>\n<li>v.3\u00a0, 1803-1807<\/li>\n<\/ul>\n<\/li>\n<\/ul>\n","protected":false},"excerpt":{"rendered":"<p>Thomas Madiou (1814-1884) &nbsp; Fue un historiador\u00a0haitiano\u00a0.\u00a0Su obra\u00a0Histoire d\u2019Ha\u00efti\u00a0(Ingl\u00e9s:\u00a0Historia de Hait\u00ed\u00a0) es la primera historia completa de Hait\u00ed desde 1492 hasta 1846 (el presente de Madiou).\u00a0Es considerado uno de los documentos m\u00e1s valiosos de la historia y literatura haitiana. Nacido en\u00a0Port-au-Prince\u00a0de \u00abpadres bastante ricos\u00bb,\u00a0Madiou dej\u00f3 Hait\u00ed a los diez a\u00f1os para estudiar en Francia en [&hellip;]<\/p>\n","protected":false},"author":1,"featured_media":30465,"comment_status":"open","ping_status":"open","sticky":false,"template":"","format":"standard","meta":{"footnotes":""},"categories":[18,14],"tags":[],"class_list":["post-36059","post","type-post","status-publish","format-standard","has-post-thumbnail","hentry","category-cultura","category-internacionales"],"_links":{"self":[{"href":"https:\/\/debateplural.net\/site\/wp-json\/wp\/v2\/posts\/36059"}],"collection":[{"href":"https:\/\/debateplural.net\/site\/wp-json\/wp\/v2\/posts"}],"about":[{"href":"https:\/\/debateplural.net\/site\/wp-json\/wp\/v2\/types\/post"}],"author":[{"embeddable":true,"href":"https:\/\/debateplural.net\/site\/wp-json\/wp\/v2\/users\/1"}],"replies":[{"embeddable":true,"href":"https:\/\/debateplural.net\/site\/wp-json\/wp\/v2\/comments?post=36059"}],"version-history":[{"count":1,"href":"https:\/\/debateplural.net\/site\/wp-json\/wp\/v2\/posts\/36059\/revisions"}],"predecessor-version":[{"id":36060,"href":"https:\/\/debateplural.net\/site\/wp-json\/wp\/v2\/posts\/36059\/revisions\/36060"}],"wp:featuredmedia":[{"embeddable":true,"href":"https:\/\/debateplural.net\/site\/wp-json\/wp\/v2\/media\/30465"}],"wp:attachment":[{"href":"https:\/\/debateplural.net\/site\/wp-json\/wp\/v2\/media?parent=36059"}],"wp:term":[{"taxonomy":"category","embeddable":true,"href":"https:\/\/debateplural.net\/site\/wp-json\/wp\/v2\/categories?post=36059"},{"taxonomy":"post_tag","embeddable":true,"href":"https:\/\/debateplural.net\/site\/wp-json\/wp\/v2\/tags?post=36059"}],"curies":[{"name":"wp","href":"https:\/\/api.w.org\/{rel}","templated":true}]}}