{"id":36061,"date":"2019-10-04T10:20:14","date_gmt":"2019-10-04T14:20:14","guid":{"rendered":"http:\/\/debateplural.com\/?p=36061"},"modified":"2019-10-04T10:20:14","modified_gmt":"2019-10-04T14:20:14","slug":"venezuela-pone-el-freno-al-sueno-trump-faller","status":"publish","type":"post","link":"https:\/\/debateplural.net\/site\/2019\/10\/04\/venezuela-pone-el-freno-al-sueno-trump-faller\/","title":{"rendered":"Venezuela pone el freno al sue\u00f1o Trump-Faller"},"content":{"rendered":"<p>Antonio Maira (Sin Permiso, 4-10-19)<\/p>\n<p>&nbsp;<\/p>\n<p><b>El primer sue\u00f1o con nubarrones, Trump- Faller: Colombia, posible plataforma para el despliegue r\u00e1pido del ej\u00e9rcito de los EEUU<\/b><\/p>\n<p>Los gobiernos de EEUU y de Colombia est\u00e1n estudiando las posibilidades de que el segundo de ellos se convierta en un gigantesco portaviones para el ej\u00e9rcito de los Estados Unidos. Este \u00faltimo encontrar\u00eda varios puertos para la entrada de sus buques y soldados, en cantidades masivas. La mayor parte de las fuerzas militares operativas ser\u00edan estadounidenses o mercenarias; contratadas por los dos pa\u00edses, o por terceros que se sumen a la empresa recolonizadora. Obviamente, en el ataque a Venezuela, se incorporar\u00edan con todos sus efectivos movilizables, las FF.AA. colombianas.<\/p>\n<p>Es tambi\u00e9n evidente que Colombia implosionar\u00eda bajo la enorme presi\u00f3n de todos los conflictos pendientes. Es decir: las FARC, el ELN y -en general-, la lucha de los campesinos contra los terratenientes que los desalojan; sirvi\u00e9ndose, estos \u00faltimos, de un estado narco-paramilitar al servicio de los EEUU.<\/p>\n<p>Reaparecer\u00edan las fuerzas guerrilleras a ambos lados del pa\u00eds. El propio \u201c<i>establecimiento<\/i>\u201d colombiano encontrar\u00eda su temido premio por tantos a\u00f1os de represi\u00f3n sistem\u00e1tica que ha roto con los Acuerdos de Paz de La Habana y ha vuelto a los \u201c<i>falsos positivos<\/i>\u201d y al asesinato de l\u00edderes y lideresas sociales. La implosi\u00f3n en Colombia se extender\u00eda, ante la perplejidad de los Estados Unidos, por todo el continente. En el sue\u00f1o Trump-Faller no aparece todav\u00eda la irrupci\u00f3n del Eje Continental<sup><a href=\"https:\/\/www.rebelion.org\/noticia.php?id=261119#sdendnote1sym\" name=\"sdendnote1anc\">i<\/a><\/sup>\u00a0de rebeld\u00eda.<\/p>\n<p><b>El segundo sue\u00f1o de Trump-Faller: la fuerza incontenible del Imperio<\/b><\/p>\n<p>Seg\u00fan afirma prepotente y ufano el Jefe del Comando Sur almirante Craig Faller que, como tal, es Jefe de la IV Flota; \u00e9l activar\u00eda a todos los buques e instalaciones que est\u00e1n bajo su jurisdicci\u00f3n, fundamentalmente las asignadas a la IV Flota con la movilizaci\u00f3n operativa de todos los buques e instalaciones que pueden operar bajo su mando.<\/p>\n<p>La zona de responsabilidad de la IV Flota es el de todas las operaciones que \u201cpuedan realizarse en el Caribe, Am\u00e9rica Central y Am\u00e9rica del Sur\u201d; de modo que el Jefe del Comando Sur (que es tambi\u00e9n el Comandante en Jefe de la IV Flota), puede utilizar todos los recursos navales a\u00e9reos y terrestres de las bases norteamericanas en el Continente.<\/p>\n<p>Solo en Am\u00e9rica Latina se calcula la existencia de unas 80 bases de todo tipo.<\/p>\n<p>Eso no es todo, evidentemente. El asunto es complejo porque el Pent\u00e1gono y su comando naval pueden asignar fuerzas desde otras Flotas, fundamentalmente grupos de Portaviones, buques de transportes de tropas de infanter\u00eda de marina, fuerzas especiales, y unidades de los mandos terrestre y a\u00e9reo para consolidar las posiciones y ocupar finalmente los pa\u00edses agredidos.<\/p>\n<p><b>El tercer sue\u00f1o Trump-Faller<\/b><\/p>\n<p>Faller \u2013bajo el mando de Trump- podr\u00eda recurrir a los efectivos militares presentes en todas las bases a\u00e9reas, terrestres y navales de los EEUU extendidas por el mundo.<\/p>\n<p>Tambi\u00e9n tratar\u00eda de reclamar al Pent\u00e1gono a todas las fuerzas necesarias de los pa\u00edses de la OTAN, fundamentalmente los que conservan colonias en el Caribe y en la Guyana; y aquellos, como Espa\u00f1a, que se sienten llamados por su pasado imperial y por su propio apropiamiento neocolonial de algunas de grandes empresas venezolanas. Como desean los EEUU que suceda en Venezuela -y como existe ya en Colombia-, Washington ordena al presidente del estado espa\u00f1ol y a sus posibles sucesores o coaligados que paguen la elevad\u00edsima cuota de la OTAN y retiren, simult\u00e1neamente, los gastos sociales. Tambi\u00e9n, por supuesto, que mantengan silencio sobre este delicado asunto que empa\u00f1a hasta la opacidad m\u00e1s absoluta, la reiterada transparencia de casi todos los partidos.<\/p>\n<p>&nbsp;<\/p>\n<p>Dicha usurpaci\u00f3n secundaria y subordinada al de las empresas estadounidenses, se reactivar\u00eda, con las migajas decididas por el Imperio, con la vuelta del fascismo a Venezuela y con la reactivaci\u00f3n del fascismo en Espa\u00f1a. En cuanto al fascismo -entendido como imperialismo armado y como uso indiscriminado de la violencia sin limitaciones-, hace ya mucho tiempo que se ha reactivado en los EEUU.<\/p>\n<p>La puesta en marcha de sus doctrinas primarias, elementales en su falsedad, pero muy eficaces: del \u201cPatio Trasero\u201d o del \u201cDestino Manifiesto\u201d, lo han puesto en evidencia. Tambi\u00e9n lo han hecho as\u00ed con las brutales intervenciones armadas que implican el uso de armas de destrucci\u00f3n masiva, muy reales aunque distintas a las que no ten\u00eda Sadam Husein.<\/p>\n<p>Toda la pol\u00edtica exterior del estado espa\u00f1ol durante el bipartidismo PP-PSOE, ha sido muy belicosa con la Rep\u00fablica Bolivariana en el terreno pol\u00edtico, econ\u00f3mico e ideol\u00f3gico. El Gobierno espa\u00f1ol se ha identificado -sin grandes problemas de legitimidad ni freno ante el genocidio-, con la \u201ccomunidad inviolable\u201d de intereses compartidos con la Alianza Atl\u00e1ntica, la UE y con sus aparatos armados. Estos se forman en grupo operativo (<i>Task Group<\/i>) de la propia Alianza Atl\u00e1ntica; o en alg\u00fan conglomerado de alianza variable de varios miembros de la OTAN, con los EEUU y sus aliados locales. La flexibilidad pol\u00edtica, armada y jur\u00eddica internacional es absoluta; tal como se\u00f1alaba hace dos d\u00edas Delcy Rodr\u00edguez, Vicepresidenta de Venezuela, ante la Asamblea General de las Naciones Unidas.<\/p>\n<p>En ese contubernio con los EEUU, al margen de la bipolaridad sin fisuras en los llamados \u201c<i>asuntos de estado<\/i>\u201d y del mayor o menor \u00e9nfasis p\u00fablico, el elemento fundamental en Espa\u00f1a ha sido el PSOE. Su importancia es que ha colocado el sello \u201c<i>progresista<\/i>\u201d en la creaci\u00f3n de una \u201c<i>opini\u00f3n p\u00fablica<\/i>\u201d muy agresiva contra Cuba y Venezuela a trav\u00e9s del conjunto org\u00e1nico y funcional de los medios de comunicaci\u00f3n: de\u00a0<i>Falsimedia<\/i>.<\/p>\n<p>Dicho logro, parcial, ha sido posible al asentarse sobre una informaci\u00f3n tendenciosa y falsa, y un desconocimiento grave de los procesos de dominaci\u00f3n del Imperio. El objetivo principal del Gobierno ha sido la despolitizaci\u00f3n total y esencial de la poblaci\u00f3n, que sirve de cobertura a la ausencia de solidaridad interna e internacional entre grupos que se sienten afectados y movilizados solo por los problemas que les afectan directamente.<\/p>\n<p>La frase, muy usada por todos los partidos pol\u00edticos: \u201ctrabajamos protegiendo los intereses que m\u00e1s afectan a la poblaci\u00f3n\u201d, o con m\u00e1s crueldad. \u201ctrabajamos seg\u00fan las demandas de nuestros votantes\u201d, resumen este proyecto compartido de dominaci\u00f3n, control exclusivo de la informaci\u00f3n, y de insolidaridad.<\/p>\n<p>Para ellos, apoyar el derecho de Venezuela y de Cuba, entre otros, a su propia soberan\u00eda y autodeterminaci\u00f3n, ser\u00eda tanto como reconocer su traici\u00f3n al pueblo por la continua represi\u00f3n en Euskadi y Catalu\u00f1a, la cesi\u00f3n de soberan\u00eda ante los EEUU; y su silencio ante las acciones genocidas de la Alianza Atl\u00e1ntica.<\/p>\n<p><b>Gobernar Venezuela con \u00d3rdenes Ejecutivas del Presidente de los EE.UU.<\/b><\/p>\n<p>Esta avalancha militar del tercer sue\u00f1o Trump-Faller supondr\u00eda la eliminaci\u00f3n de todas las instituciones pol\u00edticas (empezando por la odiada Constituci\u00f3n bolivariana), militares y civiles en Venezuela. Llevar\u00eda a la consolidaci\u00f3n de una nueva\u00a0<i>psedoconstituci\u00f3n<\/i>\u00a0formada por la acumulaci\u00f3n de \u00d3rdenes Ejecutivas ya redactadas en ingl\u00e9s por la Oficina de Destrucci\u00f3n y Reconstrucci\u00f3n que manejan los Secretarios de Estado a trav\u00e9s del futuro virrey de Venezuela (alg\u00fan delegado de Mike Pompeo).<\/p>\n<p>Inmediatamente ser\u00edan traducidas al castellano por el al mando militar (si hay resistencia), o por alguna figura que responda con obediencia a los intereses de Washington. Ese ser\u00eda el ya viejo presidente autonombrado: Guaid\u00f3, u otro cualquiera de los varios que han rendido pleites\u00eda, y han demostrado su fidelidad a EEUU. Todos ellos han afirmado, como prueba de fuego, la necesidad de imponer y mantener el embargo econ\u00f3mico y el robo de bienes y divisas a pesar del costo econ\u00f3mico terrible y el hambre que est\u00e1n sufriendo las clases populares en Venezuela. Todo ello a pesar de los enormes esfuerzos del gobierno de Nicol\u00e1s Maduro.<\/p>\n<p>Ya he dicho en otros art\u00edculos que los EEUU tienen varios l\u00edmites a su proyecto global de dominaci\u00f3n del mundo. Pese a los sue\u00f1os de \u201c<i>TrumpFaller<\/i>\u201d no habr\u00eda fuerza pol\u00edtica o militar capaz de contener a los pueblos del continente.<\/p>\n<p><b>El gran proyecto Latinoamericanista de Bol\u00edvar, Mart\u00ed, Fidel y Maduro<\/b><\/p>\n<p>El Gobierno de EEUU y el gobierno interpuesto de Colombia \u2013gobierno \u201cquisling-<sup><a href=\"https:\/\/www.rebelion.org\/noticia.php?id=261119#sdendnote2sym\" name=\"sdendnote2anc\">ii<\/a><\/sup>), supieron que las palabras del general Pedro Carre\u00f1o no iban en broma y que uno de los capitanes de Ch\u00e1vez en la rebeli\u00f3n del martes 2 de febrero de 1992, estaba recordando el curso probable de la guerra en territorio colombiano si este pa\u00eds se met\u00eda en \u201c<i>camisa de once varas<\/i>\u201d.<\/p>\n<p>Por ejemplo: autorizar el uso de las 8 bases militares de los EEUU en territorio colombiano con el supuesto mismo con el que la Comisi\u00f3n Permanente del Grupo de Lima ha convocado la activaci\u00f3n del TIAR. La activaci\u00f3n de tales bases necesita la aprobaci\u00f3n del Congreso de Colombia pero todo el mundo sabe que esto es un \u201crequisito formal\u201d.<\/p>\n<p><b>Militares y contratistas norteamericanos por todas partes<\/b><\/p>\n<p>\u201cLo que s\u00ed hay son bases colombianas con una presencia casi constante de personal militar y contratistas estadounidenses\u201d, dijo a la agencia francesa AFP, Adam Isacson, director del Programa de Veedur\u00eda de Defensa de la Oficina de Washington para Asuntos Latinoamericanos (WOLA). \u201cEn ninguna base en Colombia hay un comandante estadounidense, ni se iza la bandera de Estados Unidos\u201d, agreg\u00f3.<\/p>\n<p>Los\u00a0<i>buenos chicos<\/i>\u00a0\u2013a\u00f1ado yo- llevan bandera norteamericana en sus uniformes pero en la puerta de las bases e instalaciones ondea -\u201c<i>soberana y libre<\/i>\u201d por supuesto-, la bandera de Colombia. As\u00ed ocurre en las bases e instalaciones espa\u00f1olas.<\/p>\n<p><b>Venezuela activa el Consejo de Defensa de la Naci\u00f3n<\/b><\/p>\n<p>La reacci\u00f3n del Gobierno de Venezuela al observar los movimientos de tropas en la frontera colombiana, las anunciadas maniobras conjuntas (otra vez con la excusa humanitaria), y su acompa\u00f1amiento en las amenazas continuas de invasi\u00f3n del binomio Trump-Faller; ha sido contundente:<\/p>\n<p><b>-La primera<\/b>\u00a0es el bloqueo inmediato de la jugada de Guaid\u00f3 para entregar una parte del territorio venezolano La Guyana-Esequivo a la actual colonia holandesa pasando por encima de las resoluciones de la ONU.<\/p>\n<p><b>-La segunda<\/b>\u00a0es la puesta en marcha inmediata del Consejo de Defensa de la Naci\u00f3n por el Presidente Nicol\u00e1s Maduro:<\/p>\n<p>\u201c<b>He entregado como Jefe de Estado al Consejo de Defensa de la Naci\u00f3n la conducci\u00f3n colectiva de esta coyuntura de amenaza real, de violencia, de conflicto armado y de ataque de parte del Gobierno guerrerista y criminal de Colombia contra nuestra pac\u00edfica Rep\u00fablica Bolivariana de Venezuela\u201d<\/b>, asever\u00f3 este lunes el presidente\u00a0<b>Nicol\u00e1s Maduro<\/b>\u00a0en el Sal\u00f3n Sim\u00f3n Bol\u00edvar, Palacio de Miraflores, Caracas.<\/p>\n<p>Explic\u00f3 que esa instancia de m\u00e1ximo nivel del Estado venezolano se activ\u00f3 como lo contempla el t\u00edtulo VII,\u00a0<b>art\u00edculo 323 de la Constituci\u00f3n de la Rep\u00fablica Bolivariana de Venezuela<\/b>, para abordar situaciones estrat\u00e9gicas, estructurales, coyunturales de la m\u00e1s alta importancia para el pa\u00eds. (Resumen latinoamericano).<\/p>\n<p>\u201c<i>Art\u00edculo 323. El Consejo de Defensa de la Naci\u00f3n es el m\u00e1ximo \u00f3rgano de consulta para la planificaci\u00f3n y asesoramiento del Poder P\u00fablico en los asuntos relacionados con la defensa integral de la Naci\u00f3n, su soberan\u00eda y la integridad de su espacio geogr\u00e1fico. A tales efectos, le corresponde tambi\u00e9n establecer el concepto estrat\u00e9gico de la Naci\u00f3n. Presidido por el Presidente o Presidenta de la Rep\u00fablica, lo conforman, adem\u00e1s, el Vicepresidente Ejecutivo o Vicepresidenta Ejecutiva, el Presidente o Presidenta de la Asamblea Nacional, el Presidente o Presidenta del Tribunal Supremo de Justicia, el Presidente o Presidenta del Consejo Moral Republicano y los Ministros o Ministras de los sectores de la defensa, la seguridad interior, las relaciones exteriores y la planificaci\u00f3n, y otros cuya participaci\u00f3n se considere pertinente. La ley org\u00e1nica respectiva fijar\u00e1 su organizaci\u00f3n y atribuciones\u201d.<\/i><\/p>\n<p><b>-La tercera<\/b>\u00a0es el desmontaje, ya el 9 de septiembre (seg\u00fan public\u00f3 Resumen Latinoamericano del d\u00eda 10) del complejo de desinformaciones que public\u00f3 un medio de comunicaci\u00f3n colombiano a instancias de la oligarqu\u00eda de ese pa\u00eds y, en definitiva del gobierno de Bogot\u00e1.<\/p>\n<p>El d\u00eda anterior a la publicaci\u00f3n 80 embajadores presentes en Caracas asistieron a una convocatoria en la que recibieron un\u00a0<i>dossier<\/i>\u00a0las denuncias efectuadas por el Gobierno de Venezuela.<\/p>\n<p>El presidente Maduro afirm\u00f3: \u201cTenemos pruebas de c\u00f3mo desde Colombia se conspira para atacar a los Poderes P\u00fablicos y sedes militares en el pa\u00eds\u201d. A continuaci\u00f3n Maduro explic\u00f3 que el gobierno colombiano est\u00e1 comprometido a nivel operativo en la captaci\u00f3n de oficiales y suboficiales venezolanos con el objetivo de atacar el sistema a\u00e9reo, misil\u00edstico y antimisil\u00edstico que tiene el pa\u00eds. Esa captaci\u00f3n est\u00e1 apoyada por un grupo de civiles \u201cque cobran por vender a su patria\u201d<\/p>\n<p>El presidente Maduro afirm\u00f3 tambi\u00e9n que los servicios de Inteligencia y Contrainteligencia venezolanos han podido impedir los objetivos de la oligarqu\u00eda que gobierna Colombia desde la Casa de Nari\u00f1o, que no son otros que propiciar una escalada que finalice en una guerra entre los dos pa\u00edses con el apoyo pleno de los Estados Unidos a las FF.AA. de Colombia y a sus paramilitares.<\/p>\n<p>&nbsp;<\/p>\n<p>\u201cColombia tiene un Estado fallido que odia a Venezuela, como nunca antes hab\u00eda existido y que responde a l\u00edneas que le llegan de sectores guerreristas que aspiran a un conflicto\u201d, afirm\u00f3 el mandatario venezolano.<\/p>\n<p>En su intervenci\u00f3n Nicol\u00e1s Maduro, despu\u00e9s de afirmar su pol\u00edtica de paz repiti\u00f3 su denuncia contra el Gobierno de Iv\u00e1n Duque del que afirm\u00f3 que, \u201cinfluenciado por las \u00f3rdenes de \u00c1lvaro Uribe V\u00e9lez, ha insistido en que el fracaso del Acuerdo de Paz ha sido tomado como excusa el recrudecimiento de la guerra para atacar a Venezuela: \u201cVan 42 acciones contra Venezuela en tres meses\u201d, concluy\u00f3 Maduro. Con m\u00e1s precisi\u00f3n y contundencia afirm\u00f3 que \u201csolamente en un a\u00f1o han asesinado a casi 600 l\u00edderes sociales.<\/p>\n<p>\u201cDos gobiernos que estamos obligados a mantener relaciones de respeto, pero es imposible porque desde que lleg\u00f3 al Gobierno \u00c1lvaro Uribe le declararon la guerra a Venezuela\u201d, exclam\u00f3.<\/p>\n<p><b>La cuarta<\/b>\u00a0es la declaraci\u00f3n completa de la Vicepresidenta Delcy Rodr\u00edguez en la Asamblea General de las Naciones Unidas. Despu\u00e9s de hacer un resumen pormenorizado de la actuaci\u00f3n de EEUU para derribar al Presidente constitucional de Venezuela, Nicol\u00e1s Maduro; la Vicepresidenta hizo varias afirmaciones muy importantes.<\/p>\n<p>La primera fue una advertencia a la propia ONU de perder su funci\u00f3n primordial: evitar la guerra entre los pa\u00edses, si se somet\u00eda al mandato unilateral de los EEUU; la segunda, dirigida a todos y cada uno de los pa\u00edses miembros: si aceptaban el atentado contra la soberan\u00eda de los pueblos y su derecho a autodeterminar su sistema pol\u00edtico con pleno respeto a los derechos humanos, alguna vez les llegar\u00eda el turno de someterse y obedecer al poder absoluto, hegem\u00f3nico del mundo: los EEUU.<\/p>\n","protected":false},"excerpt":{"rendered":"<p>Antonio Maira (Sin Permiso, 4-10-19) &nbsp; El primer sue\u00f1o con nubarrones, Trump- Faller: Colombia, posible plataforma para el despliegue r\u00e1pido del ej\u00e9rcito de los EEUU Los gobiernos de EEUU y de Colombia est\u00e1n estudiando las posibilidades de que el segundo de ellos se convierta en un gigantesco portaviones para el ej\u00e9rcito de los Estados Unidos. [&hellip;]<\/p>\n","protected":false},"author":1,"featured_media":31213,"comment_status":"open","ping_status":"open","sticky":false,"template":"","format":"standard","meta":{"footnotes":""},"categories":[14,12],"tags":[],"class_list":["post-36061","post","type-post","status-publish","format-standard","has-post-thumbnail","hentry","category-internacionales","category-politica-3"],"_links":{"self":[{"href":"https:\/\/debateplural.net\/site\/wp-json\/wp\/v2\/posts\/36061"}],"collection":[{"href":"https:\/\/debateplural.net\/site\/wp-json\/wp\/v2\/posts"}],"about":[{"href":"https:\/\/debateplural.net\/site\/wp-json\/wp\/v2\/types\/post"}],"author":[{"embeddable":true,"href":"https:\/\/debateplural.net\/site\/wp-json\/wp\/v2\/users\/1"}],"replies":[{"embeddable":true,"href":"https:\/\/debateplural.net\/site\/wp-json\/wp\/v2\/comments?post=36061"}],"version-history":[{"count":1,"href":"https:\/\/debateplural.net\/site\/wp-json\/wp\/v2\/posts\/36061\/revisions"}],"predecessor-version":[{"id":36062,"href":"https:\/\/debateplural.net\/site\/wp-json\/wp\/v2\/posts\/36061\/revisions\/36062"}],"wp:featuredmedia":[{"embeddable":true,"href":"https:\/\/debateplural.net\/site\/wp-json\/wp\/v2\/media\/31213"}],"wp:attachment":[{"href":"https:\/\/debateplural.net\/site\/wp-json\/wp\/v2\/media?parent=36061"}],"wp:term":[{"taxonomy":"category","embeddable":true,"href":"https:\/\/debateplural.net\/site\/wp-json\/wp\/v2\/categories?post=36061"},{"taxonomy":"post_tag","embeddable":true,"href":"https:\/\/debateplural.net\/site\/wp-json\/wp\/v2\/tags?post=36061"}],"curies":[{"name":"wp","href":"https:\/\/api.w.org\/{rel}","templated":true}]}}