{"id":36073,"date":"2019-10-05T06:02:25","date_gmt":"2019-10-05T10:02:25","guid":{"rendered":"http:\/\/debateplural.com\/?p=36073"},"modified":"2019-10-04T15:28:52","modified_gmt":"2019-10-04T19:28:52","slug":"catalunya-y-la-arcadia-idilica-de-la-transicion-en-espana","status":"publish","type":"post","link":"https:\/\/debateplural.net\/site\/2019\/10\/05\/catalunya-y-la-arcadia-idilica-de-la-transicion-en-espana\/","title":{"rendered":"Catalunya y la Arcadia id\u00edlica de la Transici\u00f3n en Espa\u00f1a"},"content":{"rendered":"<div>\n<p>\u00a0Germ\u00e1n Gorr\u00e1iz L\u00f3pez\u00a0 (teleSur, 4-10-19)<\/p>\n<p>&nbsp;<\/p>\n<p>El relato oficial dice que entre la muerte de Franco en 1975 y el fallido golpe de Estado de Tejero (23 de febrero de 1981), Espa\u00f1a ser\u00eda una Arcadia id\u00edlica (de apellido Transici\u00f3n), en la que los l\u00edderes de la oposici\u00f3n al r\u00e9gimen de Franco y los reformistas del interior pactaron una agenda para preparar al Estado espa\u00f1ol para su anhelada entrada en Europa as\u00ed como garantizar la democracia y el progreso generalizado, todo ello bajo la supervisi\u00f3n del rey Juan Carlos I como valedor de la balbuciente democracia. Sin embargo, al cabo de 4 d\u00e9cadas,la crisis econ\u00f3mica, la desafecci\u00f3n pol\u00edtica de la sociedad espa\u00f1ola motivada por los sangrantes casos de corrupci\u00f3n de la \u00e9lite pol\u00edtico-econ\u00f3mica y el creciente descr\u00e9dito de la instituci\u00f3n Mon\u00e1rquica han hecho revisar tales esquemas, incluida la tesis de la supuesta reconciliaci\u00f3n nacional propagada por la \"mass media\" de la \u00e9poca de la Transici\u00f3n, todav\u00eda pendiente de su finiquito legal.<\/p>\n<p>As\u00ed, el grupo de trabajo de la ONU sobre desapariciones forzadas ha concluido en su informe preliminar que \"el Estado espa\u00f1ol deber\u00eda asumir la tarea de esclarecer las m\u00e1s de 114.000 desapariciones forzadas que se produjeron en Espa\u00f1a durante la guerra civil y la dictadura franquista\" y ha lamentado que no haya \"ninguna investigaci\u00f3n judicial efectiva en curso ni ninguna persona condenada\", lo que atribuyen a \"una combinaci\u00f3n de diversos factores, como la interpretaci\u00f3n de la Ley de Amnist\u00eda de 1977&#8243;, (conocida como Ley de la Reconciliaci\u00f3n en la terminolog\u00eda transicionista).<\/p>\n<p><b>La deriva totalitaria del Estado Espa\u00f1ol<\/b><\/p>\n<p>La deriva totalitaria del Estado Espa\u00f1ol arranca con la implementaci\u00f3n de la doctrina de la alternancia en el Poder del bipartidismo PP-PSOE como defensa y garante del citado establishment dominante, fruto del acuerdo t\u00e1cito entre los partidos pol\u00edticos tras el simulacro de golpe de mano de Tejero (23-F del 1981) y alcanz\u00f3 su mayor\u00eda de edad con la llegada al poder del PSOE y el nombramiento como Presidente del Gobierno de Felipe Gonz\u00e1lez (1982), con quien asistimos al finiquito de la id\u00edlica Transici\u00f3n y al inicio de la deriva totalitaria del sistema mediante la implementaci\u00f3n del llamado \"terrorismo de Estado\" o \"guerra sucia\" contra ETA y su entorno, del que ser\u00edan paradigma los Grupos Armados de Liberaci\u00f3n (GAL). Ya en 1989, el Comit\u00e9 de Encuesta sobre las violaciones de los Derechos Humanos en Europa (CEDRI), elabor\u00f3 un duro manifiesto en el que denunciaba la deriva totalitaria y el \"terrorismo de Estado\" implementado por el Gobierno de Felipe Gonz\u00e1lez con las siguientes palabras: \"el GAL con su cadena de cr\u00edmenes, su impunidad y sus evidentes ra\u00edces en las m\u00e1s altas instancias del Estado, descubren los cimientos enfermos<\/p>\n<p>Un hito fundamental en la espiral involucionista del r\u00e9gimen del 78 ser\u00eda la implantaci\u00f3n por el Gobierno socialista de Felipe Gonz\u00e1lez de la Ley Antiterrorista de 1985, definida por Jos\u00e9 Manuel Bandr\u00e9s en su art\u00edculo \"La Ley antiterrorista: un estado de excepci\u00f3n encubierto\", publicado en el diario \"El Pa\u00eds\", como \"la aplicaci\u00f3n de facto del estado de excepci\u00f3n encubierto\".<\/p>\n<p>Dicha Ley Anti-terrorista (todav\u00eda vigente a pesar de la ausencia de actividad por parte de ETA), ser\u00eda un anacronismo propio de la dictadura franquista, un limbo jur\u00eddico que habr\u00eda convertido los s\u00f3tanos de cuartelillos y comisar\u00edas en escenarios dist\u00f3picos de naturaleza real (no ficitica) y en Guant\u00e1namos virtuales refractarios al control de jueces, fiscales y abogados y que facilitar\u00edan la labor de los Cuerpos de Seguridad del Estado para obtener evidencias delictivas mediante pr\u00e1cticas inadecuadas (l\u00e9ase tortura), pr\u00e1cticas confirmadas por las declaraciones de Luis Rold\u00e1n, Director General de la Guardia Civil con Felipe Gonz\u00e1lez.<\/p>\n<p>La deriva regresiva tendr\u00eda su continuaci\u00f3n con la Ley Org\u00e1nica 7\/2000 del Gobierno Aznar que incluy\u00f3 como novedad la aparici\u00f3n del llamado \"delito de exaltaci\u00f3n del terrorismo\" y prosigui\u00f3 su escalada con la firma por Aznar y Zapatero del llamado \"Pacto por la Justicia y las Libertades\" de 2003 que instauraba de facto \"la cadena perpetua estratosf\u00e9rica\" al elevar la pena m\u00e1xima de c\u00e1rcel hasta cuarenta a\u00f1os, superando la \"crueldad del r\u00e9gimen de Franco \" que contemplaba los 30 a\u00f1os de c\u00e1rcel como pena m\u00e1xima. En el paroxismo de la involuci\u00f3n, hemos asistido a la reciente modificaci\u00f3n del C\u00f3digo Penal para constri\u00f1ir hasta su nimiedad los derechos de expresi\u00f3n (Ley Mordaza) y a la firma entre Rajoy y S\u00e1nchez del llamado \"pacto antiyihadista\" que bajo la falacia de combatir el terrorismo yihadista \"convierte en delitos terroristas infracciones menores o conductas l\u00edcitas y supone un ataque a la l\u00ednea de flotaci\u00f3n del sistema constitucional\" en palabras de Manuel Cancio Meli\u00e1.<\/p>\n<p><b>Reforma vs. Ruptura<\/b><\/p>\n<p>El puzzle inconexo del caos ordenado puede esbozarse mediante la llamada \"Teor\u00eda de las Cat\u00e1strofes\" del cient\u00edfico franc\u00e9s Ren\u00e9 Thom y se basar\u00eda en dos conceptos antin\u00f3micos para intentar \"comprender el orden jer\u00e1rquico de la complejidad biol\u00f3gica\".As\u00ed, el concepto de estabilidad o equilibrio se refiere a un sistema que permanece estable aunque registre un cambio, principio que trasladado a la esfera pol\u00edtica se traducir\u00eda en la Reforma del R\u00e9gimen del 78 sin alterar sus principios esenciales (Mon\u00e1rquico, jacobino y neoliberal), tesis que defender\u00edan los partidos del establishment dominante del Estado espa\u00f1ol (PP, PSOE y Ciudadanos).<\/p>\n<p>En la orilla ant\u00f3nima, encontramos el concepto de cambio cualitativo o discontinuidad que se produce cuando simples cambios cuantitativos pasan a ser otra cosa diferente y el sistema se transforma internamente de modo radical en una nueva realidad que modifica su situaci\u00f3n de equilibro interno y se crea una situaci\u00f3n nueva (Estado confederal), tesis defendida tan s\u00f3lo por los grupos independentistas perif\u00e9ricos y que es asociada por el aparato medi\u00e1tico del sistema dominante (mass media) con el advenimiento del caos. Por caos (Khaos o \"vac\u00edo que ocupa un hueco en la nada\") entendemos algo impredecible y que se escapa a la miope visi\u00f3n que \u00fanicamente pueden esbozar nuestros ojos ante hechos que se escapan de los par\u00e1metros conocidos pues nuestra mente es capaz de secuenciar \u00fanicamente fragmentos de la secuencia total del inmenso genoma del caos.<\/p>\n<p><b>La vigencia del Gatopardismo en Espa\u00f1a<\/b><\/p>\n<p>El bi\u00f3logo Lyan Watson en su obra \"Lifetide\" publicada en 1979 afirma que \" si un n\u00famero suficientemente grande de personas (Masa Cr\u00edtica) adquieren un nuevo conocimiento o forma de ver las cosas, esto se propagar\u00e1 por toda la humanidad\", para lo que es necesario que un determinado n\u00famero de personas (Masa Cr\u00edtica), alcance una conciencia m\u00e1s elevada , momento en que el individuo es capaz ya de realizar un salto evolutivo y lograr un cambio de mentalidad , tesis conocida como \"Teor\u00eda del Cent\u00e9simo Mono\".<\/p>\n<p>Sin embargo, el actual sistema dominante o establishment de las sociedades occidentales utilizar\u00eda la dictadura invisible del consumismo compulsivo de bienes materiales para anular los ideales del individuo primigenio y transformarlo en un ser acr\u00edtico, miedoso y conformista que pasar\u00e1 a engrosar ineludiblemente las filas de una sociedad homog\u00e9nea, uniforme y f\u00e1cilmente manipulable mediante las t\u00e9cnicas de manipulaci\u00f3n de masas.<\/p>\n<p>Por su parte, el soci\u00f3logo y fil\u00f3sofo alem\u00e1n Herbert Marcuse, en su libro \"El hombre Unidimensional (1.964), explica que \"la funci\u00f3n b\u00e1sica de los medios es desarrollar pseudo-necesidades de bienes y servicios fabricados por las corporaciones gigantes, atando a los individuos al carro del consumo y la pasividad pol\u00edtica\". En consecuencia, la estrategia electoral de los partidos del establishment dominante, se basar\u00e1 en sibilinas promesas de aumento del techo de gasto auton\u00f3mico, subidas salariales a funcionarios y jubilados as\u00ed como reducciones fiscales al estar la sociedad espa\u00f1ola integrada por individuos unidimensionales que no dudar\u00e1n en primar el \"panem et circenses\" frente al v\u00e9rtigo que suscita la utop\u00eda.<\/p>\n<p>As\u00ed, tras las pr\u00f3ximas elecciones Generales, es previsible un Pacto de Estado PSOE-PP que contar\u00e1 con las bendiciones del establishment europeo que escenificar\u00e1 la metamorfosis del R\u00e9gimen del 78 mediante una reforma edulcorada de la actual Constituci\u00f3n vigente para implementar un Estado mon\u00e1rquico, jacobino y euroc\u00e9ntrico, siguiendo la m\u00e1xima del gatopardismo (\"Cambiar todo para que nada cambie\") y que significar\u00e1 el retorno del Bipartidismo PSOE-PP.<\/p>\n<p><b>La Catalu\u00f1a invertebrada<\/b><\/p>\n<p>Estamos asistiendo en Catalu\u00f1a a la aparici\u00f3n de un nuevo individuo reafirmado en una s\u00f3lida conciencia de pertenencia a la Naci\u00f3n Catalana, dispuesto a quebrantar las normas y las leyes impuestas por el Estado espa\u00f1ol y que no cejar\u00e1 en su empe\u00f1o de logar la Rep\u00fablica Catalana. Sin embargo, tras la sentencia del Tribunal Supremo sobre los imputados por el proc\u00e9s, asistiremos a la ruptura de los puentes del di\u00e1logo con el Gobierno central y ante la imposibilidad legal de celebrar un Refer\u00e9ndum sobre la Autodeterminaci\u00f3n de Catalu\u00f1a, no ser\u00eda descartable la Declaraci\u00f3n Unilateral de Independencia por el Parlament catal\u00e1n y la posterior implementaci\u00f3n por el Gobierno Central del 155. Ello implicar\u00e1 la suspensi\u00f3n\u00a0<i>sine die<\/i>\u00a0de la Autonom\u00eda catalana, el control total por el Gobierno central de los Mossos y de los medios de comunicaci\u00f3n as\u00ed como el ingreso en prisi\u00f3n de los miembros de la Generalitat y Presidente del Parlament, proceso que degenerar\u00e1 en huelga general y en violentos altercados que podr\u00edan reeditar los tr\u00e1gicos sucesos de octubre de 1934 acaecidos en la II Rep\u00fablica durante la presidencia de Alcal\u00e1-Zamora.<\/p>\n<\/div>\n","protected":false},"excerpt":{"rendered":"<p>\u00a0Germ\u00e1n Gorr\u00e1iz L\u00f3pez\u00a0 (teleSur, 4-10-19) &nbsp; El relato oficial dice que entre la muerte de Franco en 1975 y el fallido golpe de Estado de Tejero (23 de febrero de 1981), Espa\u00f1a ser\u00eda una Arcadia id\u00edlica (de apellido Transici\u00f3n), en la que los l\u00edderes de la oposici\u00f3n al r\u00e9gimen de Franco y los reformistas del [&hellip;]<\/p>\n","protected":false},"author":1,"featured_media":20103,"comment_status":"open","ping_status":"open","sticky":false,"template":"","format":"standard","meta":{"footnotes":""},"categories":[14,12],"tags":[],"class_list":["post-36073","post","type-post","status-publish","format-standard","has-post-thumbnail","hentry","category-internacionales","category-politica-3"],"_links":{"self":[{"href":"https:\/\/debateplural.net\/site\/wp-json\/wp\/v2\/posts\/36073"}],"collection":[{"href":"https:\/\/debateplural.net\/site\/wp-json\/wp\/v2\/posts"}],"about":[{"href":"https:\/\/debateplural.net\/site\/wp-json\/wp\/v2\/types\/post"}],"author":[{"embeddable":true,"href":"https:\/\/debateplural.net\/site\/wp-json\/wp\/v2\/users\/1"}],"replies":[{"embeddable":true,"href":"https:\/\/debateplural.net\/site\/wp-json\/wp\/v2\/comments?post=36073"}],"version-history":[{"count":1,"href":"https:\/\/debateplural.net\/site\/wp-json\/wp\/v2\/posts\/36073\/revisions"}],"predecessor-version":[{"id":36074,"href":"https:\/\/debateplural.net\/site\/wp-json\/wp\/v2\/posts\/36073\/revisions\/36074"}],"wp:featuredmedia":[{"embeddable":true,"href":"https:\/\/debateplural.net\/site\/wp-json\/wp\/v2\/media\/20103"}],"wp:attachment":[{"href":"https:\/\/debateplural.net\/site\/wp-json\/wp\/v2\/media?parent=36073"}],"wp:term":[{"taxonomy":"category","embeddable":true,"href":"https:\/\/debateplural.net\/site\/wp-json\/wp\/v2\/categories?post=36073"},{"taxonomy":"post_tag","embeddable":true,"href":"https:\/\/debateplural.net\/site\/wp-json\/wp\/v2\/tags?post=36073"}],"curies":[{"name":"wp","href":"https:\/\/api.w.org\/{rel}","templated":true}]}}