{"id":36244,"date":"2019-10-12T13:32:15","date_gmt":"2019-10-12T17:32:15","guid":{"rendered":"http:\/\/debateplural.com\/?p=36244"},"modified":"2019-10-12T13:32:15","modified_gmt":"2019-10-12T17:32:15","slug":"12-de-octubre-de-donde-venimos-hacia-donde-vamos-y-hasta-donde-queremos-llegar","status":"publish","type":"post","link":"https:\/\/debateplural.net\/site\/2019\/10\/12\/12-de-octubre-de-donde-venimos-hacia-donde-vamos-y-hasta-donde-queremos-llegar\/","title":{"rendered":"12 de octubre: \u00bfDe d\u00f3nde venimos, hacia d\u00f3nde vamos y hasta d\u00f3nde queremos llegar?"},"content":{"rendered":"<div>\n<p>Eduardo Marapacuto (Sin Permiso, 12-10-19)<\/p>\n<p>&nbsp;<\/p>\n<p>Debemos tener conciencia que venimos del destino, de la concepci\u00f3n, del nacimiento, de la vida que transcurre en el transitar de la corriente c\u00f3smica y las ondas terrenales. De eso debemos tener pleno conocimiento y claridad meridiana para saber de d\u00f3nde venimos, hacia d\u00f3nde vamos y hasta d\u00f3nde queremos llegar como pueblo y as\u00ed poder situarnos dentro de la perspectiva del tiempo y de la historia.<\/p>\n<p>El 12 de octubre debe ser un d\u00eda de firmeza y de respirar profundo para contener las calenturas de los recuerdos que nos asaltan cada vez que nos asomamos a ese vibrante pasado, donde la lucha de resistencia de nuestros pueblos originarios fue por m\u00e1s de un siglo. La verdad es que nuestros guerreros lucharon -quiz\u00e1s con mucha m\u00e1s conciencia de la que pudi\u00e9ramos imaginar-, en defensa de la dignidad de su pueblo y de su tierra.<\/p>\n<p>Esa es la verdadera historia, la no contada, la silenciada durante 500 a\u00f1os; es decir, la verdad fue secuestrada y sepultada en las odiosas escenas del silencio, donde el viento se vuelve seco y cuya brisa no escarba las letras perdidas. Durante cinco siglos la verdad lloraba en medio de la incertidumbre y la inclemencia, esperando siempre que alguien quitara las l\u00e1pidas de la mentira y germinara la verdadera historia y as\u00ed desmantelar la farsa que contaba que nuestros ind\u00edgenas cambiaban perlas, diamantes y oro, por espejitos. Vaya que desprecio y bajeza de los opresores espa\u00f1oles, discurso que todav\u00eda se escucha por all\u00ed en los relatos y prosas burlescas de los enrazados.<\/p>\n<p>Hay que recordar que el proceso de colonizaci\u00f3n de nuestros pueblos originarios por parte de los espa\u00f1oles comienza hacia el a\u00f1o 1600, porque la etapa anterior fue el de la conquista, la cual dur\u00f3 pr\u00e1cticamente desde el 12 de octubre de 1498 hasta el a\u00f1o 1600. Entonces, esos 102 a\u00f1os fueron de saqueo, de muerte y terror; pero tambi\u00e9n de lucha y dignidad de nuestros l\u00edderes nativos, que lucharon hasta el \u00faltimo aliento para defender y rescatar a su gente de las garras de los ej\u00e9rcitos de rapi\u00f1a que hab\u00eda enviado el imperio espa\u00f1ol, para someter, conquistar y colonizar a esos seres que \"no tienen alma\". As\u00ed se refer\u00edan de nuestra gente los depravados invasores, cuando con el filo de las espada atravesaban el coraz\u00f3n de hombres, mujeres, ni\u00f1os y ancianos, tal como lo hab\u00edan hecho con los incas y los aztecas.<\/p>\n<p>Respecto a todo eso, nunca se habl\u00f3 de genocidio ni de exterminio, sino de descubrimiento, de encuentro de dos mundos, de evangelizaci\u00f3n, de la Pinta, de la Ni\u00f1a y de la Santa Mar\u00eda. Hubo una complicidad extrema entre los poderes dominantes de esa Espa\u00f1a asesina y la Iglesia Cat\u00f3lica; primero, para acabar con la vida de millones de ind\u00edgenas, con la consecuente desaparici\u00f3n de civilizaciones enteras y el saqueo de las riquezas existentes en los territorios invadidos; y segundo, para silenciar el crimen y el brutal saqueo. En raz\u00f3n de ese exterminio, el actual Papa llamado Francisco hasta pidi\u00f3 perd\u00f3n por todos los actos y ofensas a la vida humana. Dijo: \"Pido perd\u00f3n, no s\u00f3lo por las ofensas de la Iglesia Cat\u00f3lica, sino por los cr\u00edmenes contra los pueblos originarios durante la llamada Conquista de Am\u00e9rica\".<\/p>\n<p>Precisamente, para reivindicar la lucha de los pueblos ind\u00edgenas que se enfrentaron a los sanguinarios conquistadores y colonizadores espa\u00f1oles, el gobierno revolucionario del Comandante Supremo Hugo Ch\u00e1vez, declar\u00f3 el 12 de octubre como D\u00eda de la Resistencia Ind\u00edgena. Fue el en el a\u00f1o 2002, cuando en un alto grado de conciencia humana, pol\u00edtica y revolucionaria, Ch\u00e1vez produce esa ruptura con el mal llamado \"d\u00eda de la raza\" para darle verdadero sentido a esta fecha.<\/p>\n<p>Con esa misma intenci\u00f3n se promulga la Ley Org\u00e1nica de Pueblos y comunidades ind\u00edgenas (LOPCI), en el a\u00f1o 2005, como herramienta jur\u00eddica para brindarles mayor protecci\u00f3n a los pueblos originarios y terminar de blindar lo establecido en la carta Magna de 1999.<\/p>\n<p>Hoy, a 521 cuando se inici\u00f3 la lucha de resistencia, el pueblo venezolano est\u00e1 m\u00e1s firme que nunca en la consolidaci\u00f3n de su destino victorioso, so\u00f1ado por Guaicaipuro, Bol\u00edvar y Ch\u00e1vez. Por ello, no podemos andar dispersos, en la nostalgia excesiva del peregrino, sino so\u00f1ando como pueblo, caminando erguido por las sendas de la raz\u00f3n y con la mirada puesta en el horizonte de la libertad. Nada de delirios desesperados y andar buscando atajos intrincados que nos puedan dispersar; m\u00e1s bien debemos apurar los pasos del movimiento y con la fuerza del alma y del esp\u00edritu construir la verdadera unidad.<\/p>\n<p>Hay que fecundar el porvenir y con ello asegurar los valores m\u00e1s preciados de la dignidad del ser humano, para que todos nos alimentemos de las esperanzas y no de las mortajas de la sepultura; para que nos alimentemos de los pensamientos enaltecedores de la verdad y no de los recuerdos. As\u00ed, en cada zancada iremos marcando la ruta y caminando seguros bajo el sol de la realidad ardiente, esa que quema pero que tambi\u00e9n te da las energ\u00edas para continuar la marcha hasta all\u00e1, hasta el horizonte de las horas, con sus luces y sus sombras. Que nos hable la voz de la eternidad y nos guie siempre el sentimiento de la solidaridad; que despu\u00e9s de estos 521 a\u00f1os de largo recorrido, nos encontremos con la primavera, llena de ternura; que nos encontremos con la esencia de nosotros mismos, con nuestros nuestra tierra, con nuestra amada patria y dejemos de andar buscando la oscuridad en medio de la luz.<\/p>\n<p>A pesar de todos los obst\u00e1culos que nos quiera imponer el nuevo imperio, no detengamos la marcha. Con los ojos de la fe y de la certidumbre, no perdamos el brillo de la existencia. Nada de mirar por rendijas oscuras y querer pisar terrenos de falsos linderos, porque esos pudieran ser los caminos de las tierras bald\u00edas, de los pantanos peligrosos y los bosques de los \u00e1rboles talados. Nuestro andar debe estar marcado por el deseo de vivir y so\u00f1ar, de luchar por los ideales de nuestra patria donde hemos nacido, de esa patria que tambi\u00e9n sue\u00f1a con la libertad; porque -aunque usted no lo crea- la patria tambi\u00e9n respira y sue\u00f1a con la libertad.<\/p>\n<p>Ese el verdadero orgullo que podemos sentir en esta fecha de hoy, que podamos decir \u00a1Qu\u00e9 bueno es vivir por la patria! \u00a1Qu\u00e9 bueno es morir por la patria! Eso, m\u00e1s que un compromiso y un sentimiento, debe ser la dulzura espiritual que nos impulse a defender la dignidad de nuestro suelo; que no sea s\u00f3lo un palpitar, un rumor, sino la verdad de los tiempos pasados, presentes y futuros. Que no sean sombras del recuerdo, sino legados que crujan cuando se le invoca a trav\u00e9s del discurso y de la acci\u00f3n liberadora que busca el porvenir como regalo del destino.<\/p>\n<p>Luchar todos los d\u00edas por la verdad es mantener viva la esperanza de la pasi\u00f3n y la firmeza; es sembrar la semilla bajo el sol inclemente, pero con el convencimiento que germinar\u00e1 y fecundar\u00e1 la soberan\u00eda plena expresada en la rosa azul o el fruto dulce que nos alimentar\u00e1 o el \u00e1rbol frondoso que nos cubrir\u00e1 y proteger\u00e1 de los rayos fulminantes. Precisamente, bajo el resguardo de ese \u00e1rbol descansaremos tras cada jornada para no caer en la nostalgia de la duda y no disecarnos en la pura contemplaci\u00f3n. Hay que aprovechar cada instante con el sentido de la unidad infinita, donde no haya lamentos, ni llantos, sino solidaridad con todos nuestros hermanos y hermanas; donde no haya represi\u00f3n, sino persuasi\u00f3n; donde no haya traici\u00f3n, sino compromiso patrio. En cuestiones de Estado, de gobierno y de pol\u00edtica, no debe haber contemplaciones ni indulgencias con nadie; pero con el ser humano que sufre, que se equivoca, no lo juzguemos, sino m\u00e1s bien hay que ayudarlo a librar esa lucha para que se organice desde su propio interior y sea \u00fatil para el combate de la vida y deje atr\u00e1s ese estigma del alma agotada; que tenga conciencia que tambi\u00e9n es un ser humano que respira y que tras cada bocanada sienta que la vida es eso: un trajinar de lucha y victoria, de sue\u00f1os y esperanzas.<\/p>\n<p>Ya despu\u00e9s de 521 a\u00f1os debemos olvidarnos de los obst\u00e1culos, de las piedras que hay en el camino, de la carga pesada del pasado, para enrumbarnos definitivamente hacia los tiempos del porvenir. Como dir\u00edan los poetas, esta tierra, esta patria es demasiado maravillosa para rendirse. Si nos caemos, nos levantamos; si fracasamos, nos reponemos; si desmayamos, resucitamos, porque no somos una isla que naufrag\u00f3 en sus propias aguas, sino que somos un pueblo, con un sentimiento de patria que palpita en el coraz\u00f3n de cada hombre y cada mujer venezolana. Hacia all\u00e1, hacia el horizonte es que debemos seguir, as\u00ed sea atravesando las brumas y los desiertos. Igual, si nos perdemos, inventamos el camino y no los atajos intrincados; buscamos nuevas rutas en las posibilidades del andar hasta encontrar las sendas trazadas por el destino y por nuestros antepasados. Si la cosa se pone dif\u00edcil, con certeza profunda y apasionada, tendamos los puentes sobre los abismo y crucemos tranquilo hacia la realidad. Nada de quedarnos varados ni mucho menos anulados. No detener la marcha es la mejor garant\u00eda de la victoria que nos permitir\u00e1 ir y venir por estas fronteras del tiempo imaginario.<\/p>\n<p>Cuando el sol decline, ya nuestra marcha ir\u00e1 lejos. Cuando aparezca la luna llena, no ser\u00e1 para eclipsar nuestras pisadas, sino para alumbrarnos el camino de la tierra que andamos y so\u00f1amos, para que se haga el silencio, ba\u00f1ado con el esplendor nocturno y la paz cubra con su manto luminoso las tinieblas de la noche. Nada de sentir las agon\u00edas del caminante, esas que impiden cruzar las llanuras impetuosas, sino apurar el paso para que no nos alcancen las mareas de la derrota, sino las aguas cristalinas de la victoria.<\/p>\n<p>Dejemos atr\u00e1s el viento seco que ahoga los sue\u00f1os y quema las ilusiones. No hay tiempo para la hora cr\u00edtica ni para la pesadumbre. A lo largo de nuestro trajinar de la vida pasar\u00e1n muchas tempestades, pero tambi\u00e9n vendr\u00e1n la calma, la sobriedad y la claridad de la conciencia, la experiencia y la agudeza del pensamiento, cualidades valiosas que se acumular\u00e1n para ponerlas al servicio de la vida y la defensa de la patria.<\/p>\n<p>Sabemos que la batalla que est\u00e1 librando nuestra patria en los actuales momentos es dura, dif\u00edcil, muy dif\u00edcil; por ello debemos poner toda la fuerza y toda la esperanza en cada uno de nosotros para no desmayar en el compromiso de la fuerza, lo intelectual, moral y espiritual de la batalla.<\/p>\n<p>Escuchemos la voz de la sangre de nuestros libertadores, verdaderos patriotas que no tuvieron miedo al despertar de la conciencia revolucionaria para romper con m\u00e1s de trescientos a\u00f1os de dominio y adormecimiento. Ellos lograron sepultar las sombras del miedo y sembrar las semillas de la libertad y la existencia propia de una Rep\u00fablica nueva. Toda su lucha estuvo enmarcada en un mismo ideal: Lograr la libertad para construir un futuro y un porvenir. Ellos entendieron que hab\u00eda llegado la hora de salir del des\u00e1nimo, de la repugnancia, del malestar silencioso que se llevaba en la conciencia. De esa manera, luchando, saboreando l\u00e1grimas de derrotas, de martirio y sacrificio, no se rindieron y con su esfuerzo y sacrificio sellaron la senda del destino victorioso, alineando as\u00ed todos los argumentos en favor del nacimiento de la patria por toda la eternidad.<\/p>\n<p>Nuestros libertadores fueron l\u00edderes de acci\u00f3n; soldados, pensadores e intelectuales cuyo legado es la mejor carta de presentaci\u00f3n, acompa\u00f1ado con la independencia de las rep\u00fablicas que fueron liberadas por la espada de la libertad. No obstante, hay que ir m\u00e1s all\u00e1 de los recuerdos para no quedarnos atrapados en las gestas gloriosas del pasado; para no quedarnos vagando en las memorias, ni en las l\u00e1grimas de todos los lamentos, donde hablan todas las voces en el desierto de la imaginaci\u00f3n.<\/p>\n<p>Hoy m\u00e1s que nunca la Revoluci\u00f3n bolivariana y chavista vive en el alma y en la carne de los hijos e hijas de esta patria, quienes despu\u00e9s de 200 a\u00f1os de la independencia, hoy luchamos para defender lo m\u00e1s sagrado que tiene un pueblo que es su dignidad y su independencia. Por ello, es que este noble pueblo se alimenta de la franqueza y la convicci\u00f3n que estamos al lado correcto de la historia y vamos a vencer, tal como vencimos en Carabobo.<\/p>\n<p>Ahora bien, de d\u00f3nde venimos, hacia d\u00f3nde vamos y hasta d\u00f3nde queremos llegar son las interrogantes que, agrupadas en una sola, nos convocan en este d\u00eda de resistencia. Para darle respuesta a estas cuestiones planteadas dicen que existe una mejor y recta manera de averiguarlo que es a trav\u00e9s de la acci\u00f3n para avanzar en los logros de la experiencia y que despu\u00e9s de esa adaptabilidad vendr\u00e1n los tiempos para descansar y recrear el esp\u00edritu. As\u00ed, en la medida que, como pueblo avancemos hacia la comprensi\u00f3n de esos significados, -sin duda alguna-, se ir\u00e1n alcanzando los objetivos y las metas trazadas. Ya hemos andado en el largo trajinar de 521 a\u00f1os y tiene que llegar el d\u00eda y la hora cuando realmente expresemos que ya hemos alcanzado conciencia de cu\u00e1l es nuestra misi\u00f3n como patria.<\/p>\n<p>Sabemos de d\u00f3nde venimos, de all\u00ed que no podemos quedarnos arropados con la nube negra de la ignorancia, sino que tenemos que luchar y crecer; sin miedo toquemos las puertas de nuestra propia conciencia como pueblo y tal vez all\u00ed encontremos nuestras verdades, porque m\u00e1s all\u00e1 de la ret\u00f3rica y los discursos, el destino de nuestra patria est\u00e1 en la fijaci\u00f3n de metas planificadas e iluminadas con el rayo de la luz espiritual.<\/p>\n<p>No nos perdamos en el tiempo, porque el tiempo mismo en un elemento de prueba, que necesariamente debe representar trabajo productivo para cosechar los logros deseados y dar se\u00f1ales que sabemos hacia d\u00f3nde vamos. Por eso en este d\u00eda he querido reflexionar sobre todo esto, porque creo firmemente que es mejor apostar a la vida, a la paz y al di\u00e1logo, tal como lo hizo Hugo Ch\u00e1vez y lo est\u00e1 haciendo Nicol\u00e1s Maduro, a quien la experiencia del tiempo y el combate le ha ense\u00f1ado a interpretar la l\u00ednea que marca la revoluci\u00f3n, que sigue su curso, duro por supuesto, pero que gracias al esp\u00edritu firme y la voluntad de hierro del pueblo venezolano sigue el camino expedito hacia all\u00e1, hacia las fronteras de la verdadera independencia, donde brillar\u00e1 el sol de la plena soberan\u00eda.<\/p>\n<p>&nbsp;<\/p>\n<\/div>\n<hr \/>\n<div><\/div>\n","protected":false},"excerpt":{"rendered":"<p>Eduardo Marapacuto (Sin Permiso, 12-10-19) &nbsp; Debemos tener conciencia que venimos del destino, de la concepci\u00f3n, del nacimiento, de la vida que transcurre en el transitar de la corriente c\u00f3smica y las ondas terrenales. De eso debemos tener pleno conocimiento y claridad meridiana para saber de d\u00f3nde venimos, hacia d\u00f3nde vamos y hasta d\u00f3nde queremos [&hellip;]<\/p>\n","protected":false},"author":1,"featured_media":19912,"comment_status":"open","ping_status":"open","sticky":false,"template":"","format":"standard","meta":{"footnotes":""},"categories":[14,17],"tags":[],"class_list":["post-36244","post","type-post","status-publish","format-standard","has-post-thumbnail","hentry","category-internacionales","category-sociedad"],"_links":{"self":[{"href":"https:\/\/debateplural.net\/site\/wp-json\/wp\/v2\/posts\/36244"}],"collection":[{"href":"https:\/\/debateplural.net\/site\/wp-json\/wp\/v2\/posts"}],"about":[{"href":"https:\/\/debateplural.net\/site\/wp-json\/wp\/v2\/types\/post"}],"author":[{"embeddable":true,"href":"https:\/\/debateplural.net\/site\/wp-json\/wp\/v2\/users\/1"}],"replies":[{"embeddable":true,"href":"https:\/\/debateplural.net\/site\/wp-json\/wp\/v2\/comments?post=36244"}],"version-history":[{"count":1,"href":"https:\/\/debateplural.net\/site\/wp-json\/wp\/v2\/posts\/36244\/revisions"}],"predecessor-version":[{"id":36245,"href":"https:\/\/debateplural.net\/site\/wp-json\/wp\/v2\/posts\/36244\/revisions\/36245"}],"wp:featuredmedia":[{"embeddable":true,"href":"https:\/\/debateplural.net\/site\/wp-json\/wp\/v2\/media\/19912"}],"wp:attachment":[{"href":"https:\/\/debateplural.net\/site\/wp-json\/wp\/v2\/media?parent=36244"}],"wp:term":[{"taxonomy":"category","embeddable":true,"href":"https:\/\/debateplural.net\/site\/wp-json\/wp\/v2\/categories?post=36244"},{"taxonomy":"post_tag","embeddable":true,"href":"https:\/\/debateplural.net\/site\/wp-json\/wp\/v2\/tags?post=36244"}],"curies":[{"name":"wp","href":"https:\/\/api.w.org\/{rel}","templated":true}]}}