{"id":36269,"date":"2019-10-14T16:10:20","date_gmt":"2019-10-14T20:10:20","guid":{"rendered":"http:\/\/debateplural.com\/?p=36269"},"modified":"2019-10-14T16:10:20","modified_gmt":"2019-10-14T20:10:20","slug":"duarte-marti-y-gomez-en-montecristi","status":"publish","type":"post","link":"https:\/\/debateplural.net\/site\/2019\/10\/14\/duarte-marti-y-gomez-en-montecristi\/","title":{"rendered":"Duarte, Mart\u00ed y G\u00f3mez en Montecristi"},"content":{"rendered":"<p>Di\u00f3medes N\u00fa\u00f1ez Polanco (Hoy, 12-4-19)<\/p>\n<p>&nbsp;<\/p>\n<p>Marzo es mes emblem\u00e1tico para los dominicanos : tiempo de las batallas decisivas por la consolidaci\u00f3n de la independencia nacional, proclamada el 27 de febrero de 1844. Tambi\u00e9n en ese mes, Juan Pablo Duarte se present\u00f3 en el escenario de la Revoluci\u00f3n Restauradora, en 1864, entrando por Montecristi, desde cuyo lugar expres\u00f3 al Gobierno Provisorio en Armas su determinaci\u00f3n de luchar contra la anexi\u00f3n espa\u00f1ola. Adem\u00e1s, marzo, sin restarles lustre a febrero, ni a abril ni a agosto, tiene trascendencia m\u00e1s all\u00e1 de nuestras fronteras, en favor de la emancipaci\u00f3n de Cuba y Puerto Rico: la firma del Manifiesto de Montecristi en la ciudad dominicana que lleva ese nombre, el 25 de marzo de 1895, d\u00eda tambi\u00e9n en que Mart\u00ed envi\u00f3 su famosa carta al dominicano Federico Henr\u00edquez y Carvajal, documento considerado el testamento pol\u00edtico del Asp\u00f3stol cubano.<\/p>\n<p>As\u00ed, en el Manifiesto estamparon sus firmas Jos\u00e9 Mart\u00ed y M\u00e1ximo G\u00f3mez, proclama escrita por el primero, que constitu\u00eda una s\u00edntesis del pensamiento de ambos l\u00edderes y los dem\u00e1s representantes del movimiento independentista sobre las causas y proyecciones de la decisi\u00f3n irrenunciable de continuar luchando contra el colonialismo.<\/p>\n<p>Desde hac\u00eda tiempo, en la conciencia de los cubanos estaba definido el rumbo a seguir para lograr la meta: desde el Grito de Yara, el 10 de octubre de 1868, que la proclamaci\u00f3n de la fundaci\u00f3n del Partido Revolucionario Cubano, el 10 de abril del 1892, y los aprestos que dieron lugar al inicio de la \u00faltima etapa de la lucha independentista, el 24 de febrero de 1895.<\/p>\n<p>Ya el 13 de septiembre de 1892, desde Santiago de los Caballeros, dos a\u00f1os y medio antes de la firma del Manifiesto de Montecristi, el ap\u00f3stol Mart\u00ed le comunicaba formalmente al entonces mayor general G\u00f3mez, luego general\u00edsimo, que hab\u00eda sido electo \u201c-por mayor\u00eda que raya en unanimidad- por los revolucionarios en armas que residen en el extranjero para encabezar la organizaci\u00f3n militar revolucionaria\u201d.<\/p>\n<p>\u201cEl Partido Revolucionario Cubano, que contin\u00faa con su mismo esp\u00edritu de creaci\u00f3n y equidad, la Rep\u00fablica donde acredit\u00f3 Ud. su pericia y su valor, y es la opini\u00f3n un\u00e1nime de cu\u00e1nto hay de visible del pueblo libre cubano, viene hoy a rogar a Ud., previa meditaci\u00f3n y consejos suficientes, que repitiendo su sacrificio ayude a la revoluci\u00f3n como encargado supremo del ramo de la guerra, a organizar dentro y fuera de la Isla el ej\u00e9rcito que ha de poner a Cuba, y a Puerto Rico con ella, en condici\u00f3n de realizar, con m\u00e9todos ejecutivos y esp\u00edritu republicano, el deseo manifiesto y leg\u00edtimo de su independencia\u201d.<\/p>\n<p>Y en otro p\u00e1rrafo de su carta, Mart\u00ed advierte a G\u00f3mez: \u201cYo ofrezco a Ud., sin temor de negativa, este nuevo trabajo, hoy que no tengo m\u00e1s remuneraci\u00f3n que brindarle que el placer del sacrificio y la ingratitud problable de los hombres\u201d.<\/p>\n<p>Desde el mes de febrero de 1895 hab\u00eda vuelto a imponerse el fuego independentista de la isla mayor de las Antillas. Poco despu\u00e9s de la firma del Manifiesto, Mart\u00ed, G\u00f3mez y un pu\u00f1ado de patriotas sal\u00edan hacia Cuba, adonde entraron por Playitas de Cojobabo, en la costa sur, la noche del 11 de abril.<\/p>\n<p>La lucha definitiva contra el colonialismo espa\u00f1ol estaba sellada. As\u00ed aconteci\u00f3 en 1898, aunque mediatizada por la intervenci\u00f3n estadounidense en la guerra, formalizada con la Enmienda Platt a la Constituci\u00f3n cubana de febrero de 1901. Justamente, el pasado 10 de abril, la Rep\u00fablica de Cuba ha aprobado una reforma constitucional, en consonancia con el actual proceso hist\u00f3rico de ese pa\u00eds y la nueva \u00e9poca que vive la Humanidad.<\/p>\n<p>Asimismo, en la hist\u00f3rica carta de Mart\u00ed a Henr\u00edquez y Carvajal, llama al dominicano amigo, hermano y hombre cordial y honrado, y habla de la \u201cpasi\u00f3n del alma com\u00fan de nuestras tierras\u201d.<\/p>\n<p>A continuaci\u00f3n publicamos algunos p\u00e1rrafos de tan trascendental documento:<\/p>\n<p>\u201cPara m\u00ed la patria no ser\u00e1 nunca triunfo sino agon\u00eda y deber. Ya arde la sangre. Ahora hay que dar respeto y sentido humano y amable al sacrificio; hay que hacer viable e inexpugnable la guerra; (\u2026). Quien piensa en s\u00ed, no ama a la patria: y est\u00e1 el mal de los pueblos -por m\u00e1s que a veces se lo disimulen sutilmente- en los estorbos o prisas que el inter\u00e9s de sus representantes ponen al curso natural de los sucesos. De mi espere la deposici\u00f3n absoluta y continua. Yo alzar\u00e9 el mundo. Pero mi \u00fanico deseo ser\u00eda pegarme all\u00ed, al \u00faltimo tronco, al \u00faltimo peleador; morir: morir callado. Para m\u00ed, ya es hora. Pero a\u00fan puedo servir a este \u00fanico coraz\u00f3n de nuestras rep\u00fablicas. Las Antillas libres salvar\u00e1n la independencia de nuestra Am\u00e9rica, (\u2026).<\/p>\n","protected":false},"excerpt":{"rendered":"<p>Di\u00f3medes N\u00fa\u00f1ez Polanco (Hoy, 12-4-19) &nbsp; Marzo es mes emblem\u00e1tico para los dominicanos : tiempo de las batallas decisivas por la consolidaci\u00f3n de la independencia nacional, proclamada el 27 de febrero de 1844. Tambi\u00e9n en ese mes, Juan Pablo Duarte se present\u00f3 en el escenario de la Revoluci\u00f3n Restauradora, en 1864, entrando por Montecristi, desde [&hellip;]<\/p>\n","protected":false},"author":1,"featured_media":36270,"comment_status":"open","ping_status":"open","sticky":false,"template":"","format":"standard","meta":{"footnotes":""},"categories":[5,17],"tags":[],"class_list":["post-36269","post","type-post","status-publish","format-standard","has-post-thumbnail","hentry","category-nacionales","category-sociedad"],"_links":{"self":[{"href":"https:\/\/debateplural.net\/site\/wp-json\/wp\/v2\/posts\/36269"}],"collection":[{"href":"https:\/\/debateplural.net\/site\/wp-json\/wp\/v2\/posts"}],"about":[{"href":"https:\/\/debateplural.net\/site\/wp-json\/wp\/v2\/types\/post"}],"author":[{"embeddable":true,"href":"https:\/\/debateplural.net\/site\/wp-json\/wp\/v2\/users\/1"}],"replies":[{"embeddable":true,"href":"https:\/\/debateplural.net\/site\/wp-json\/wp\/v2\/comments?post=36269"}],"version-history":[{"count":1,"href":"https:\/\/debateplural.net\/site\/wp-json\/wp\/v2\/posts\/36269\/revisions"}],"predecessor-version":[{"id":36271,"href":"https:\/\/debateplural.net\/site\/wp-json\/wp\/v2\/posts\/36269\/revisions\/36271"}],"wp:featuredmedia":[{"embeddable":true,"href":"https:\/\/debateplural.net\/site\/wp-json\/wp\/v2\/media\/36270"}],"wp:attachment":[{"href":"https:\/\/debateplural.net\/site\/wp-json\/wp\/v2\/media?parent=36269"}],"wp:term":[{"taxonomy":"category","embeddable":true,"href":"https:\/\/debateplural.net\/site\/wp-json\/wp\/v2\/categories?post=36269"},{"taxonomy":"post_tag","embeddable":true,"href":"https:\/\/debateplural.net\/site\/wp-json\/wp\/v2\/tags?post=36269"}],"curies":[{"name":"wp","href":"https:\/\/api.w.org\/{rel}","templated":true}]}}