{"id":36296,"date":"2019-10-15T16:27:51","date_gmt":"2019-10-15T20:27:51","guid":{"rendered":"http:\/\/debateplural.com\/?p=36296"},"modified":"2019-10-15T16:27:51","modified_gmt":"2019-10-15T20:27:51","slug":"uruguay-y-la-amenaza-del-neoliberalismo","status":"publish","type":"post","link":"https:\/\/debateplural.net\/site\/2019\/10\/15\/uruguay-y-la-amenaza-del-neoliberalismo\/","title":{"rendered":"Uruguay y la amenaza del neoliberalismo"},"content":{"rendered":"<p>Hedelberto L\u00f3pez Blanch (La Jornada, 15-10-19)<\/p>\n<p>&nbsp;<\/p>\n<p>Cuando varias naciones de Am\u00e9rica del Sur se encuentran envueltas en una de sus peores crisis econ\u00f3mica-pol\u00edtica-institucional, Uruguay, que ha logrado sobrevivir a la ola neoliberal que azota la regi\u00f3n en los \u00faltimos tiempos, se enfrenta a unos comicios este 27 de octubre que pudieran cambiar el sistema social que ha beneficiado a la gran mayor\u00eda de su poblaci\u00f3n.<\/p>\n<p>Desempleo, endeudamiento, ajustes fiscales, inflaci\u00f3n, disminuci\u00f3n del poder adquisitivo, hambre y pobreza es el panorama general que se observa en las naciones que han optado por aplicar pol\u00edticas neoliberales impuestas por Estados Unidos y las organizaciones financieras internacionales con la anuencia de las oligarqu\u00edas nacionales.<\/p>\n<p>En los cuatro a\u00f1os en el poder, el presidente Mauricio Macri endeud\u00f3 a la naci\u00f3n con el Fondo Monetario Internacional (FMI), el peso argentino pas\u00f3 de 16 a 60 por d\u00f3lar; la pobreza subi\u00f3 al 41,2 % de los habitantes; se duplicaron los precios del transporte p\u00fablico; el costo de la luz en 500 %, y los del agua y el gas en 230 %.<\/p>\n<p>Con la llegada al poder en Brasil del ultraderechista Jair Bolsonaro, despu\u00e9s de arbitrariedades jur\u00eddicas contra la expresidenta Dilma Rousseff y del excandidato Luiz Inacio Lula da Silva, fueron eliminados todos los programas sociales y privatizadas numerosas empresas p\u00fablicas, mientras estudiantes y obreros salen a las calles a protestar por las nuevas medidas impuestas.<\/p>\n<p>En Paraguay, otra naci\u00f3n cercana geogr\u00e1ficamente a Uruguay, la pobreza alcanza al 32 % de la poblaci\u00f3n; miles de campesinos han tenido que abandonar sus parcelas por la extensi\u00f3n de los latifundios para la siembra extensiva de soya y la ganader\u00eda bovina, a la par que se incrementa la desigualdad entre ricos y pobres.<\/p>\n<p>Lenin Moreno despu\u00e9s de ganar la elecciones presidenciales en Ecuador de 2017 como candidato de la Alianza Pa\u00eds fundado por Rafael Correa, dio un vuelco total a la Revoluci\u00f3n Ciudadana y se acogi\u00f3 a las directrices emanadas desde Washington. En poco tiempo ha desmontado los programas sociales, redujo el gasto p\u00fablico a la m\u00ednima expresi\u00f3n y endeud\u00f3 nuevamente al pa\u00eds con el FMI, que han producido grandes manifestaciones de protestas en las ciudades.<\/p>\n<p>Colombia se vuelve cada d\u00eda m\u00e1s agresiva y peligrosa por la incidencia de funcionarios vinculados con el narcotr\u00e1fico y la corrupci\u00f3n, mientras los trabajadores agr\u00edcolas tienen que emigrar hacia las ciudades ante el hambre y la violencia en los campos.<\/p>\n<p>En esto contexto, Uruguay va a elecciones primarias el 27 de octubre donde todas las encuestas aseguran que ganar\u00e1 el oficialista Frente Amplio con su representante Daniel Mart\u00ednez, pero con menos del 50 % + 1, lo que lo obligar\u00eda a una segunda vuelta, el 24 de noviembre, frente a su posible oponente, Lu\u00eds Lacalle, del Partido Nacional (PN).<\/p>\n<p>En esa situaci\u00f3n podr\u00eda peligrar la continuidad de los gobiernos del Frente Amplio pues los tres partidos de derecha (PN, Colorado y Cabildo Abierto) aunque con grandes contradicciones entre ellos, intentar\u00e1n unirse y alzarse con los votos necesarios para formar gobierno. Entonces el fantasma del neoliberalismo caer\u00eda con fuerza abrumadora contra la poblaci\u00f3n.<\/p>\n<p>Uruguay se ha destacado en los \u00faltimos 15 a\u00f1os de gobiernos del Frente Amplio, por tener una sociedad con bajos niveles de pobreza y desigualdad y altos ingresos per c\u00e1pita.<\/p>\n<p>Organismos internacionales ubican a esta naci\u00f3n entre los primeros lugares de la regi\u00f3n por los \u00edndices de Bienestar Social, Desarrollo Humano, Libertad Econ\u00f3mica y Oportunidad Humana.<\/p>\n<p>El gobierno del Frente Amplio cuenta con alto grado de confianza entre los ciudadanos por los bajos niveles de corrupci\u00f3n y la estabilidad existente en las instituciones. El Banco Mundial asegur\u00f3 que el pa\u00eds logr\u00f3 alcanzar superiores estatus de igualdad de oportunidades en los accesos a los servicios de salud, educaci\u00f3n, agua potable, saneamiento y electricidad.<\/p>\n<p>Se logr\u00f3 disminuir la pobreza de 32,5 % en 2006 al 8,1 % en 2018, a la par que la pobreza extrema cay\u00f3 en el mismo per\u00edodo del 2,5 % al 1 %.<\/p>\n<p>Otro dato sumamente importante para los ciudadanos de mayor edad es que cerca del 87 % de los que cuentan con m\u00e1s de 65 a\u00f1os est\u00e1n resguardados por el sistema de pensiones.<\/p>\n<p>El crecimiento econ\u00f3mico ha mantenido su vitalidad y de 2003 a 2018 lo ha hecho en promedio anual del 4,1 %, uno de los m\u00e1s relevantes y estables de la regi\u00f3n. Significativo resulta que Uruguay ha mantenido estable el aumento de su PIB, pese a los graves problemas que afectan a dos de sus principales socios comerciales: Argentina y Brasil.<\/p>\n<p>Por eso, con mucha raz\u00f3n, el actual presidente Tabar\u00e9 V\u00e1zquez se\u00f1al\u00f3 que para las pr\u00f3ximas elecciones \u201cse debe mirar lo que pasa en Argentina, en Brasil, en el mundo y analizar c\u00f3mo ha estado Uruguay\u201d en estos \u00faltimos 15 a\u00f1os.<\/p>\n<p>Aunque los poderosos medios de comunicaci\u00f3n de la derecha ligados a la oligarqu\u00eda, traten de impulsar un cambio en el sistema pol\u00edtico econ\u00f3mico de Uruguay, el azote del neoliberalismo no debe penetrar en uno de los pa\u00edses m\u00e1s estables de la regi\u00f3n. Esperemos.<\/p>\n","protected":false},"excerpt":{"rendered":"<p>Hedelberto L\u00f3pez Blanch (La Jornada, 15-10-19) &nbsp; Cuando varias naciones de Am\u00e9rica del Sur se encuentran envueltas en una de sus peores crisis econ\u00f3mica-pol\u00edtica-institucional, Uruguay, que ha logrado sobrevivir a la ola neoliberal que azota la regi\u00f3n en los \u00faltimos tiempos, se enfrenta a unos comicios este 27 de octubre que pudieran cambiar el sistema [&hellip;]<\/p>\n","protected":false},"author":1,"featured_media":36297,"comment_status":"open","ping_status":"open","sticky":false,"template":"","format":"standard","meta":{"footnotes":""},"categories":[14,12],"tags":[],"class_list":["post-36296","post","type-post","status-publish","format-standard","has-post-thumbnail","hentry","category-internacionales","category-politica-3"],"_links":{"self":[{"href":"https:\/\/debateplural.net\/site\/wp-json\/wp\/v2\/posts\/36296"}],"collection":[{"href":"https:\/\/debateplural.net\/site\/wp-json\/wp\/v2\/posts"}],"about":[{"href":"https:\/\/debateplural.net\/site\/wp-json\/wp\/v2\/types\/post"}],"author":[{"embeddable":true,"href":"https:\/\/debateplural.net\/site\/wp-json\/wp\/v2\/users\/1"}],"replies":[{"embeddable":true,"href":"https:\/\/debateplural.net\/site\/wp-json\/wp\/v2\/comments?post=36296"}],"version-history":[{"count":1,"href":"https:\/\/debateplural.net\/site\/wp-json\/wp\/v2\/posts\/36296\/revisions"}],"predecessor-version":[{"id":36298,"href":"https:\/\/debateplural.net\/site\/wp-json\/wp\/v2\/posts\/36296\/revisions\/36298"}],"wp:featuredmedia":[{"embeddable":true,"href":"https:\/\/debateplural.net\/site\/wp-json\/wp\/v2\/media\/36297"}],"wp:attachment":[{"href":"https:\/\/debateplural.net\/site\/wp-json\/wp\/v2\/media?parent=36296"}],"wp:term":[{"taxonomy":"category","embeddable":true,"href":"https:\/\/debateplural.net\/site\/wp-json\/wp\/v2\/categories?post=36296"},{"taxonomy":"post_tag","embeddable":true,"href":"https:\/\/debateplural.net\/site\/wp-json\/wp\/v2\/tags?post=36296"}],"curies":[{"name":"wp","href":"https:\/\/api.w.org\/{rel}","templated":true}]}}