{"id":36368,"date":"2019-10-18T12:18:56","date_gmt":"2019-10-18T16:18:56","guid":{"rendered":"http:\/\/debateplural.com\/?p=36368"},"modified":"2019-10-18T12:24:56","modified_gmt":"2019-10-18T16:24:56","slug":"el-kurdistan-obsesion-del-%e2%80%8ecolonialismo-francesthierry","status":"publish","type":"post","link":"https:\/\/debateplural.net\/site\/2019\/10\/18\/el-kurdistan-obsesion-del-%e2%80%8ecolonialismo-francesthierry\/","title":{"rendered":"El Kurdist\u00e1n, obsesi\u00f3n del \u200ecolonialismo franc\u00e9s"},"content":{"rendered":"<p>Thierry Meyssan (Red Voltaire, 18-10-19)<\/p>\n<p>&nbsp;<\/p>\n<p class=\"lettrine\">Con excepci\u00f3n del\u200e proyecto del pr\u00edncipe Rewanduz, el pueblo kurdo nunca\u00a0defendi\u00f3 un sue\u00f1o de \u200eunificaci\u00f3n. En el siglo\u00a0XIX, aquel pr\u00edncipe se\u00a0inspiraba en la concepci\u00f3n alemana de la\u00a0Naci\u00f3n siendo \u200esu\u00a0objetivo prioritario la unificaci\u00f3n ling\u00fc\u00edstica. Sin\u00a0embargo, los\u00a0kurdos actuales siguen \u200ehablando varias lenguas, lo\u00a0cual determina la existencia de diferencias muy marcadas entre \u200elos\u00a0clanes que hablan kurmanji, sorani, zaza o gurani.\u200e<\/p>\n<p>Seg\u00fan documentos hasta ahora no\u00a0utilizados en la realizaci\u00f3n de estudios \u2013documentos sobre \u200elos\u00a0cuales el intelectual liban\u00e9s Hassan Hamad\u00e9 est\u00e1 escribiendo un libro sorprendente\u2013, en\u00a01936 \u200eel presidente del Consejo de Ministros de Francia, Leon Blum, negoci\u00f3 con el\u00a0jefe de la Agencia \u200eJud\u00eda, Chaim Wiezmann, y con los brit\u00e1nicos la\u00a0creaci\u00f3n de un Gran\u00a0Estado de\u00a0Israel, desde \u200ePalestina hasta el\u00a0\u00c9ufrates, abarcando por\u00a0tanto el L\u00edbano y\u00a0Siria, entonces bajo mandato \u200efranc\u00e9s. Aquel proyecto fracas\u00f3 al\u00a0encontrar la feroz oposici\u00f3n del Alto Comisionado franc\u00e9s en \u200eLevante, el\u00a0conde Damien de\u00a0Martel. Francia \u2013y probablemente el Reino Unido\u2013 planeaban \u200epor\u00a0entonces crear un Estado kurdo en\u00a0Siria, al\u00a0este del \u00c9ufrates. \u200e<\/p>\n<p>La cuesti\u00f3n kurda volvi\u00f3 a convertirse en prioridad para\u00a0Francia bajo el mandato del presidente \u200eFrancois Mitterrand. En\u00a0plena guerra fr\u00eda, la\u00a0esposa del presidente, Danielle Mitterrand, \u200ese\u00a0convirti\u00f3 en la \u00ab<i>madre de los\u00a0kurdos<\/i>\u00bb [del clan Barzani]. En octubre de\u00a01989, la\u00a0se\u00f1ora \u200eDanielle Mitterrand organiz\u00f3 en\u00a0Par\u00eds, los d\u00edas 14 y 15, un coloquio sobre el tema \u00ab<i>Los\u00a0kurdos: \u200eidentidad cultural y respeto de los derechos humanos<\/i>\u00bb. Durante la\u00a0guerra entre Irak e\u00a0Ir\u00e1n, \u200ela\u00a0esposa del presidente franc\u00e9s desempe\u00f1\u00f3 un papel en la atribuci\u00f3n falaciosa de la muerte de \u200elos\u00a0kurdos de la aldea de Halabja a la crueldad del presidente iraqu\u00ed Saddam Hussein cuando \u200een\u00a0realidad los informes del ej\u00e9rcito de Estados\u00a0Unidos demuestran que todo se\u00a0debi\u00f3 a que \u200eel\u00a0viento empuj\u00f3 inesperadamente hacia aquella\u00a0aldea el\u00a0gas \u2013utilizado por los\u00a0iran\u00edes\u00a0[<a id=\"nh1\" class=\"spip_note\" title=\"\u201cA \u200eWar Crime Or an Act of War?\u201d, Stephen C. Pelletiere, The New York Times,\u00a0(...)\" href=\"https:\/\/www.voltairenet.org\/article207991.html#nb1\" rel=\"footnote\">1<\/a>]. En \u200e\u200e1992, la\u00a0se\u00f1ora Mitterrand particip\u00f3 en la\u00a0creaci\u00f3n de un gobierno t\u00edtere kurdo en la zona iraqu\u00ed \u200eocupada por los anglosajones. \u200e<\/p>\n<p>En 2011, bajo la presidencia de Nicolas Sarkozy, el entonces ministro franc\u00e9s de\u00a0Exteriores, Alain \u200eJupp\u00e9, concluye con Turqu\u00eda un protocolo secreto para la creaci\u00f3n de seudo\u00a0Kurdist\u00e1n, en\u00a0suelo\u00a0sirio. En aquel momento, Siria no\u00a0reacciona. M\u00e1s\u00a0tarde, el 31 de octubre de\u00a02014, \u200eel\u00a0presidente franc\u00e9s Francois Hollande recibe oficialmente, en la sede de la presidencia, al \u200eprimer\u00a0ministro turco Recep Tayyip Erdogan al\u00a0mismo tiempo que recibe \u2013extraoficialmente\u2013 al \u200ecopresidente del PYD (Partido de la Uni\u00f3n Democr\u00e1tica), formaci\u00f3n pol\u00edtica kurda creada en\u00a0Siria. \u200eEl\u00a0objetivo de este encuentro tripartita organizado por el presidente de\u00a0Francia es planear el \u200edesmembramiento de\u00a0Siria. A\u00a0partir de ese momento, los combatientes kurdos dejan de \u200econsiderarse sirios e inician la lucha armada por la creaci\u00f3n de su propio pa\u00eds. Siria suspende \u200ede\u00a0inmediato el pago de los salarios que hab\u00edan recibido hasta entonces por su participaci\u00f3n en la \u200edefensa de la tierra\u00a0siria que les hab\u00eda concedido su nacionalidad. \u200e<\/p>\n<p>Pero, pocos meses despu\u00e9s, el presidente estadounidense Barack Obama decide meter a \u200eFrancia en\u00a0cintura. Obama estima que Francia no\u00a0tiene derecho a negociar la creaci\u00f3n de un \u200eseudo\u00a0Kurdist\u00e1n en\u00a0funci\u00f3n de sus viejos sue\u00f1os coloniales. S\u00f3lo\u00a0el\u00a0Pent\u00e1gono puede hacerlo, \u200ebas\u00e1ndose en las premisas \u00e9tnicas definidas en la estrategia Rumsfeld\/Cebrowski. El\u00a0presidente \u200efranc\u00e9s Francois Hollande se pliega a la decisi\u00f3n del presidente de Estados\u00a0Unidos y recibe \u200eoficialmente en Par\u00eds una delegaci\u00f3n kurda proestadounidense de combatientes provenientes de \u200eAin al-Arab \u2013la ciudad\u00a0siria que la prensa occidental designa como \u00ab<i>Kobane<\/i>\u00bb (nombre que, \u200epor\u00a0cierto, no\u00a0viene de ninguna lengua kurda sino del alem\u00e1n). \u200e<\/p>\n<p>Turqu\u00eda, en cambio, se\u00a0niega a someterse a Washington. Se\u00a0abre as\u00ed una larga divergencia entre \u200emiembros de la\u00a0OTAN. Considerando que el\u00a0cambio de casaca de Francia constituye una \u200eviolaci\u00f3n del acuerdo secreto franco-turco del 31 de octubre de\u00a02014, los servicios secretos de \u200eTurqu\u00eda organizan \u2013con la complicidad de los yihadistas del Emirato Isl\u00e1mico (Daesh)\u2013 los \u200eatentados perpetrados contra\u00a0Francia, el 13 de noviembre de\u00a02015, y el 22 de marzo de\u00a02016 \u200econtra\u00a0B\u00e9lgica, pa\u00eds que acababa de alinearse tras la pol\u00edtica de Washington\u00a0[<a id=\"nh2\" class=\"spip_note\" title=\"Los expertos en \u200eantiterrorismo se\u00f1alan que el modus operandi de esos dos\u00a0(...)\" href=\"https:\/\/www.voltairenet.org\/article207991.html#nb2\" rel=\"footnote\">2<\/a>]. \u200eEl\u00a0presidente Erdogan incluso anuncia sin\u00a0ambages los atentados contra\u00a0B\u00e9lgica, atentados que \u200ela\u00a0prensa turca reivindica. Finalmente, el dirigente kurdo Salih Muslin impone un servicio militar \u200eobligatorio para los j\u00f3venes kurdos y comienza a organizar su\u00a0dictadura \u200e(Francia le\u00a0hab\u00eda prometido la\u00a0presidencia del nuevo \u00ab<i>Kurdist\u00e1n<\/i>\u00bb)\u200e mientras que el gobierno \u200ede Turqu\u00eda emite contra\u00a0\u00e9l una orden de arresto. \u200e<\/p>\n<p>En octubre de 2015, el\u00a0Pent\u00e1gono crea las \u00ab<i>Fuerzas\u00a0Democr\u00e1ticas Sirias<\/i>\u00bb (FDS),\u00a0que \u200ese\u00a0componen esencialmente de mercenarios kurdos turcos y\u00a0sirios, con la inclusi\u00f3n de algunos \u200e\u00e1rabes sunnitas y cristianos. El\u00a0objetivo de la creaci\u00f3n de las FDS es realizar en el norte de\u00a0Siria \u200euna limpieza \u00e9tnica sin\u00a0que la responsabilidad recaiga en las fuerzas estadounidenses. Las\u00a0FDS \u200eexpulsan a las familias \u00e1rabes y a los cristianos asirios de las\u00a0regiones donde siempre hab\u00edan vivido \u200emientras que\u00a0combatientes kurdos provenientes de\u00a0Irak y de\u00a0Turqu\u00eda se\u00a0instalan en las casas de \u200elos expulsados y toman posesi\u00f3n de sus tierras. El\u00a0arzobispo cat\u00f3lico siriaco de Hasaka-Nisibe, \u200emonse\u00f1or Jacques Behnan Hindo, testimonia en\u00a0varias ocasiones que diferentes l\u00edderes kurdos \u200ehablaban ante\u00a0\u00e9l de un plan de expulsi\u00f3n de los pobladores cristianos de los territorios\u00a0sirios \u200edesignados como \u00ab<i>Rojava<\/i>\u00bb. Las fuerzas especiales francesas asisten impasibles a la aplicaci\u00f3n \u200ede ese plan de expulsi\u00f3n y desplazamiento de poblaciones, que constituye un crimen de guerra. \u200e<\/p>\n<p>El 17 de marzo de 2016, los l\u00edderes kurdos proclaman la autonom\u00eda de \u00ab<i>Rojava<\/i>\u00bb (el \u200eseudo\u00a0Kurdist\u00e1n sirio)\u00a0[<a id=\"nh3\" class=\"spip_note\" title=\"\u00abDeclaraci\u00f3n de Rojava por una Siria federal\u00bb, \u200e\u200eRed Voltaire, 17 de marzo de\u00a0(...)\" href=\"https:\/\/www.voltairenet.org\/article207991.html#nb3\" rel=\"footnote\">3<\/a>]. Temiendo que las zonas reclamadas en\u00a0Siria por el PKK \u200e\u200e\u00a0[<a id=\"nh4\" class=\"spip_note\" title=\"Partido kurdo fundado en Turqu\u00eda en 1978.\" href=\"https:\/\/www.voltairenet.org\/article207991.html#nb4\" rel=\"footnote\">4<\/a>] lleguen a conectarse territorialmente con el \u200eKurdist\u00e1n iraqu\u00ed gobernado por el clan\u00a0Barzani \u2013lo\u00a0cual abrir\u00eda el\u00a0camino a la creaci\u00f3n de un \u200e\u200e\u00ab<i>Gran\u00a0Kurdist\u00e1n<\/i>\u00bb\u2013, el\u00a0gobierno de\u00a0Irak env\u00eda armamento al\u00a0PKK para que este derroque al \u200eclan\u00a0Barzani. Se\u00a0inicia entonces una serie de asesinatos de dirigentes kurdos perpetrados por \u200eclanes kurdos que luchan entre\u00a0s\u00ed. \u200e<\/p>\n<p>A finales de 2016, la retirada parcial de las fuerzas rusas, seguida de la liberaci\u00f3n de la ciudad\u00a0siria \u200ede Alepo por las tropas del gobierno sirio, dan inicio a un giro decisivo en el curso de la guerra. \u200eEsos\u00a0hechos coinciden, en\u00a0enero de\u00a02017, con la llegada de Donald Trump a la Casa\u00a0Blanca. \u200eEl\u00a0programa electoral de Trump prev\u00e9 poner\u00a0fin a la estrategia Rumsfeld\/Cebrowski, al apoyo \u200eque Estados\u00a0Unidos aporta a los yihadistas y la retirada de las fuerzas militares estadounidenses \u200epresentes en\u00a0Siria. \u200e<\/p>\n<p>Francia facilita entonces el traslado a\u00a0Siria de j\u00f3venes anarquistas que luchar\u00e1n junto a los grupos \u200earmados kurdos con la convicci\u00f3n de estar defendiendo el sue\u00f1o de independencia del pueblo \u200ekurdo\u00a0[<a id=\"nh5\" class=\"spip_note\" title=\"\u00abLas brigadas anarquistas de la OTAN\u00bb, por Thierry Meyssan, \u200e\u200eRed Voltaire, 12\u00a0(...)\" href=\"https:\/\/www.voltairenet.org\/article207991.html#nb5\" rel=\"footnote\">5<\/a>]. A\u00a0su\u00a0regreso de\u00a0Siria, esos j\u00f3venes anarquistas \u200eresultar\u00e1n en\u00a0Francia tan incontrolables como los yihadistas franceses. Seg\u00fan la DGSI (la \u200einteligencia francesa para la seguridad interna) fue uno de esos anarquistas que hab\u00eda luchado \u200een\u00a0Siria junto a los\u00a0kurdos quien trat\u00f3 de derribar un helic\u00f3ptero de la Gendarmer\u00eda francesa \u200edurante la realizaci\u00f3n de una operaci\u00f3n de las fuerzas de orden p\u00fablico en Notre-Dame-des-\u200eLandes\u00a0[<a id=\"nh6\" class=\"spip_note\" title=\"\u00abCes revenants du Rojava qui inqui\u00e8tent les services de renseignement\u00bb,\u00a0(...)\" href=\"https:\/\/www.voltairenet.org\/article207991.html#nb6\" rel=\"footnote\">6<\/a>].\u200e<\/p>\n<p>En junio de 2017, el presidente Trump autoriza una operaci\u00f3n conjunta de las FDS \u2013los \u200emercenarios proestadounidenses\u2013 con las tropas del ej\u00e9rcito gubernamental de la Rep\u00fablica \u00c1rabe \u200eSiria para expulsar a los yihadistas de la ciudad\u00a0siria de Raqqa, convertida en capital de Daesh \u200e\u200e\u00a0[<a id=\"nh7\" class=\"spip_note\" title=\"\u201cSecret Russian-Kurdish-Syrian military cooperation is happening in Syria\u2019s\u00a0(...)\" href=\"https:\/\/www.voltairenet.org\/article207991.html#nb7\" rel=\"footnote\">7<\/a>]. La\u00a0guerra ha \u200eterminado, pero Francia y Alemania se\u00a0niegan a aceptar su\u00a0derrota. \u200e<\/p>\n<p>Estados Unidos va perdiendo inter\u00e9s en las YPG-FDS, que se\u00a0convierten as\u00ed en juguete de\u00a0Francia, \u200eexactamente igual que la Hermandad Musulmana, controlada por el Reino Unido. \u200e<\/p>\n<p>La agencia oficial turca de noticias Anadolu publica entonces un mapa con la ubicaci\u00f3n geogr\u00e1fica \u200eexacta de las bases\u00a0militares secretas de\u00a0Francia en \u200e\u00ab<i>Rojava<\/i>\u00bb\u200e. Se\u00a0trata en\u00a0total de 9\u00a0bases, \u200euna instalada bajo el mandato del hoy ex\u00a0presidente Francois Hollande y 8\u00a0desplegadas \u200een\u00a0secreto por el actual presidente Emmanuel Macron. Hasta aquel momento s\u00f3lo se\u00a0conoc\u00eda \u200ela\u00a0que se\u00a0hab\u00eda instalado en la f\u00e1brica de\u00a0cemento del grupo franc\u00e9s Lafarge. Con esta \u200erevelaci\u00f3n, el\u00a0gobierno turco demuestra que, contradiciendo las declaraciones oficiales francesas \u200ey a\u00a0diferencia de Estados\u00a0Unidos, Francia sigue apostando al desmembramiento de\u00a0Siria. \u200e<\/p>\n<p>Por nuestra parte, la\u00a0<i>Red\u00a0Voltaire<\/i>\u00a0puede revelar ahora que, ante una proposici\u00f3n de los servicios \u200ede inteligencia de\u00a0Siria para que las autoridades francesas se\u00a0hicieran cargo de los yihadistas \u200efranceses capturados por las tropas del gobierno sirio, Francia se\u00a0neg\u00f3 a repatriarlos y a juzgarlos \u200een suelo\u00a0franc\u00e9s y se\u00a0limit\u00f3 a orientar que los yihadistas franceses deb\u00edan ser entregados a los \u200egrupos armados kurdos, quienes \u201cse\u00a0ocupar\u00edan\u201d de\u00a0ellos. \u200e<\/p>\n<p>En febrero de 2018, el embajador de la Federaci\u00f3n Rusa en la\u00a0ONU, Vassily Nebenzia, revel\u00f3 que \u200elos\u00a0kurdos de \u200e\u00ab<i>Rojava<\/i>\u00bb\u200e hab\u00edan \u201camnistiado\u201d 120\u00a0l\u00edderes de Daesh y los\u00a0hab\u00edan incorporado a \u200elas YPG. \u200e<\/p>\n<p>A partir de septiembre de 2018, el\u00a0presidente Trump prepara la retirada de las fuerzas militares \u200eestadounidenses ilegalmente presentes en suelo\u00a0sirio\u00a0[<a id=\"nh8\" class=\"spip_note\" title=\"\u201cTrump eyeing Arab \u2018boots on the \u200eground\u2019 to counter Iran in Syria\u201d, Travis J.\u00a0(...)\" href=\"https:\/\/www.voltairenet.org\/article207991.html#nb8\" rel=\"footnote\">8<\/a>]. \u200e<\/p>\n<p>La condici\u00f3n para que Estados\u00a0Unidos abandone \u00ab<i>Rojava<\/i>\u00bb es que se\u00a0corte la carretera iran\u00ed que \u200epodr\u00eda conectar Ir\u00e1n con el L\u00edbano a\u00a0trav\u00e9s de ese territorio sirio. En\u00a0agosto de\u00a02019, \u200eel\u00a0presidente turco Erdogan acepta ese compromiso. Los\u00a0militares estadounidenses supervisan \u200eentonces el desmantelamiento de las obras defensivas de los\u00a0kurdos. El\u00a016 de septiembre \u200ede\u00a02019, Rusia, Turqu\u00eda e\u00a0Ir\u00e1n concluyen un acuerdo. A\u00a0partir de ese momento, es inminente \u200eel\u00a0fin del seudo\u00a0Kurdist\u00e1n proyectado en suelo\u00a0sirio. Sin\u00a0entender lo\u00a0que sucede, Francia \u200econtempla \u2013estupefacta e impotente\u2013 como las tropas turcas invaden el seudo\u00a0Estado aut\u00f3nomo \u200ey la huida de la\u00a0poblaci\u00f3n all\u00ed instalada para ocuparlo ilegalmente. \u200e<\/p>\n<p>El 10 de septiembre pasado, al ser interrogado en el espacio de noticias de la televisora estatal francesa \u200e\u200e<i>France\u00a02<\/i>, el ministro de\u00a0Exteriores de\u00a0Francia, Jean-Yves Le\u00a0Drian, trata de tranquilizar a \u200elos\u00a0franceses sobre las consecuencias del fiasco. Asegura que Francia tiene la situaci\u00f3n \u200ebajo\u00a0control, que los yihadistas detenidos en \u00ab<i>Rojava<\/i>\u00bb no\u00a0ser\u00e1n liberados \u2013a\u00a0pesar de\u00a0que \u200eno\u00a0existe all\u00ed ninguna estructura institucional\u2013 y que ser\u00e1n juzgados donde est\u00e1n. Prosigue \u200ediciendo que el\u00a0presidente turco Erdogan no\u00a0tiene c\u00f3mo concretar sus amenazas. Al\u00a0final, \u200ese\u00a0niega a responder una pregunta sobre la misi\u00f3n de los militares franceses presentes \u200een\u00a0\u00ab<i>Rojava<\/i>\u00bb, cuya situaci\u00f3n es de\u00a0hecho desastrosa. \u200e<\/p>\n<p>La realidad es muy diferente a lo\u00a0que declaraba Le\u00a0Drian: no\u00a0se\u00a0sabe qu\u00e9 puede suceder con los yihadistas franceses que \u200eestaban bajo la custodia de los\u00a0kurdos; tampoco\u00a0se\u00a0sabe qu\u00e9\u00a0pasar\u00e1 con los civiles \u200erecientemente instalados en las\u00a0tierras robadas a sus pobladores originales; no\u00a0hay noticias de \u200elos militares franceses que estaban en las 9\u00a0bases secretas que Francia hab\u00eda instalado en \u200esuelo\u00a0sirio. Esos\u00a0militares franceses est\u00e1n entre dos\u00a0fuegos: el\u00a0ej\u00e9rcito de \u200eTurqu\u00eda \u2013pa\u00eds traicionado por\u00a0Francia bajo el mandato de Francois Hollande\u2013 y los\u00a0kurdos que, \u200eabandonados por el presidente Macron, han decidido ponerse \u2013nuevamente\u2013 bajo la protecci\u00f3n \u200ede\u00a0Siria. \u200e<\/p>\n<p>\u200e<\/p>\n","protected":false},"excerpt":{"rendered":"<p>Thierry Meyssan (Red Voltaire, 18-10-19) &nbsp; Con excepci\u00f3n del\u200e proyecto del pr\u00edncipe Rewanduz, el pueblo kurdo nunca\u00a0defendi\u00f3 un sue\u00f1o de \u200eunificaci\u00f3n. En el siglo\u00a0XIX, aquel pr\u00edncipe se\u00a0inspiraba en la concepci\u00f3n alemana de la\u00a0Naci\u00f3n siendo \u200esu\u00a0objetivo prioritario la unificaci\u00f3n ling\u00fc\u00edstica. Sin\u00a0embargo, los\u00a0kurdos actuales siguen \u200ehablando varias lenguas, lo\u00a0cual determina la existencia de diferencias muy marcadas entre [&hellip;]<\/p>\n","protected":false},"author":1,"featured_media":36369,"comment_status":"closed","ping_status":"closed","sticky":false,"template":"","format":"standard","meta":{"footnotes":""},"categories":[14,12],"tags":[],"class_list":["post-36368","post","type-post","status-publish","format-standard","has-post-thumbnail","hentry","category-internacionales","category-politica-3"],"_links":{"self":[{"href":"https:\/\/debateplural.net\/site\/wp-json\/wp\/v2\/posts\/36368"}],"collection":[{"href":"https:\/\/debateplural.net\/site\/wp-json\/wp\/v2\/posts"}],"about":[{"href":"https:\/\/debateplural.net\/site\/wp-json\/wp\/v2\/types\/post"}],"author":[{"embeddable":true,"href":"https:\/\/debateplural.net\/site\/wp-json\/wp\/v2\/users\/1"}],"replies":[{"embeddable":true,"href":"https:\/\/debateplural.net\/site\/wp-json\/wp\/v2\/comments?post=36368"}],"version-history":[{"count":2,"href":"https:\/\/debateplural.net\/site\/wp-json\/wp\/v2\/posts\/36368\/revisions"}],"predecessor-version":[{"id":36371,"href":"https:\/\/debateplural.net\/site\/wp-json\/wp\/v2\/posts\/36368\/revisions\/36371"}],"wp:featuredmedia":[{"embeddable":true,"href":"https:\/\/debateplural.net\/site\/wp-json\/wp\/v2\/media\/36369"}],"wp:attachment":[{"href":"https:\/\/debateplural.net\/site\/wp-json\/wp\/v2\/media?parent=36368"}],"wp:term":[{"taxonomy":"category","embeddable":true,"href":"https:\/\/debateplural.net\/site\/wp-json\/wp\/v2\/categories?post=36368"},{"taxonomy":"post_tag","embeddable":true,"href":"https:\/\/debateplural.net\/site\/wp-json\/wp\/v2\/tags?post=36368"}],"curies":[{"name":"wp","href":"https:\/\/api.w.org\/{rel}","templated":true}]}}