{"id":3641,"date":"2016-02-05T14:22:25","date_gmt":"2016-02-05T14:22:25","guid":{"rendered":"http:\/\/debateplural.com\/?p=3641"},"modified":"2016-06-23T14:07:33","modified_gmt":"2016-06-23T14:07:33","slug":"la-onu-decreta-que-julian-assange-fue-detenido-arbitrariamente","status":"publish","type":"post","link":"https:\/\/debateplural.net\/site\/2016\/02\/05\/la-onu-decreta-que-julian-assange-fue-detenido-arbitrariamente\/","title":{"rendered":"La ONU decreta que Julian Assange \"fue detenido arbitrariamente\""},"content":{"rendered":"<div id=\"attachment_3642\" style=\"width: 715px\" class=\"wp-caption aligncenter\"><img loading=\"lazy\" decoding=\"async\" aria-describedby=\"caption-attachment-3642\" class=\"size-full wp-image-3642\" src=\"http:\/\/tripletecnologia.com\/website\/debateplural\/wp-content\/uploads\/2016\/02\/julian-assange-2.jpg\" alt=\"Julian Assange\" width=\"705\" height=\"397\" \/><p id=\"caption-attachment-3642\" class=\"wp-caption-text\">Julian Assange<\/p><\/div>\n<p style=\"text-align:justify;\">As\u00ed, el grupo de trabajo sobre la detenci\u00f3n arbitraria de la <a href=\"http:\/\/localhost\/debateplural\/tag\/onu\">ONU<\/a> ha dictaminado que el fundador de WikiLeaks \"tiene derecho a su libertad de movimiento y a una compensaci\u00f3n\".<!--more--><\/p>\n<p style=\"text-align:justify;\">El grupo de trabajo sobre la detenci\u00f3n arbitraria de la ONU ha dictaminado que el fundador de WikiLeaks, <a href=\"https:\/\/actualidad.rt.com\/actualidad\/164995-julian-assange-wikileaks\" target=\"_blank\">Julian Assange<\/a>, ha sido \"detenido arbitrariamente\" en la Embajada de Ecuador en Londres, pidiendo al <a href=\"http:\/\/localhost\/debateplural\/tag\/reino-unido\">Reino Unido <\/a>y a Suecia que pongan fin a la privaci\u00f3n de libertad de Assange.<\/p>\n<p style=\"text-align:justify;\">\"El Grupo de Trabajo sobre la Detenci\u00f3n Arbitraria (\u2026) considera que el se\u00f1or Julian Assange fue detenido arbitrariamente por los gobiernos de Suecia y el Reino Unido de Gran Breta\u00f1a e Irlanda del Norte\", indica el\u00a0<a href=\"http:\/\/www.ohchr.org\/EN\/NewsEvents\/Pages\/DisplayNews.aspx?NewsID=17012&amp;LangID=E\" target=\"_blank\">comunicado<\/a>.\u00a0Se trata de un informe \"vinculante\", por lo que los Estados est\u00e1n obligados a cumplirlo.<\/p>\n<p style=\"text-align:justify;\">Adem\u00e1s, el grupo ha concluido de que el fundador de WikiLeaks \"tiene derecho a su libertad de movimiento y a una compensaci\u00f3n\". \"El Grupo de Trabajo considera que el se\u00f1or Assange ha sido sometido a diferentes formas de privaci\u00f3n de la libertad: detenci\u00f3n inicial en la prisi\u00f3n de Wandsworth [en Londres] que fue seguida de arresto domiciliario y su confinamiento en la Embajada ecuatoriana\", a\u00f1ade el informe.<\/p>\n<p style=\"text-align:justify;\">El panel ha dictaminado que la detenci\u00f3n de Assange \"fue arbitraria\" porque fue \"mantenido en aislamiento durante la primera etapa de la detenci\u00f3n\" y que \"la falta de diligencia\" del fiscal sueco en sus investigaciones dio lugar a la \"detenci\u00f3n prolongada de Assange\".<\/p>\n<p style=\"text-align:justify;\">Adem\u00e1s, el grupo ha pedido a las autoridades brit\u00e1nicas y suecas que \"eval\u00faen la situaci\u00f3n\" del fundador de WikiLeaks y que \"garanticen su seguridad e integridad f\u00edsica\" y \"faciliten el ejercicio de su derecho a la libertad de movimiento de una manera conveniente\". \"El Grupo de Trabajo tambi\u00e9n considera que se debe poner fin a la detenci\u00f3n\", concluyen los expertos.<\/p>\n<p style=\"text-align:justify;\">Cabe destacar que WikiLeaks apunta que el \u00fanico miembro del grupo de trabajo sobre la detenci\u00f3n arbitraria de la ONU que se opuso al dictamen publicado este viernes ha sido el ucraniano Vlad\u00edmir Tochilovsky.<\/p>\n<p style=\"text-align:justify;\">Este jueves WikiLeaks <a href=\"https:\/\/actualidad.rt.com\/actualidad\/198671-assange-wikileaks-londres-entregarse\" target=\"_blank\" rel=\"up\">public\u00f3 <\/a>en su cuenta de Twitter un mensaje de Julian Assange: \"Me entregar\u00e9 a la Polic\u00eda brit\u00e1nica si la ONU anuncia que pierdo mi causa\".\u00a0El fundador de WikiLeaks\u00a0hab\u00eda presentado una queja contra Suecia y el Reino Unido al Grupo de Trabajo sobre la Detenci\u00f3n Arbitraria de la ONU el 12 de septiembre de 2014.<\/p>\n<p style=\"text-align:justify;\">Los fiscales suecos iniciaron a mediados de 2010 una investigaci\u00f3n contra Julian Assange despu\u00e9s de que dos mujeres acusaran al fundador de <a href=\"https:\/\/actualidad.rt.com\/actualidad\/165058-wikileaks-revelaciones-assange\" target=\"_blank\" rel=\"up\">WikiLeaks<\/a>\u00a0de acoso sexual. En diciembre de ese mismo a\u00f1o el activista australiano fue detenido en Londres a instancias de Estocolmo, que ped\u00eda su entrega para enjuiciarlo en Suecia. Sin embargo, poco despu\u00e9s el Reino Unido lo puso en libertad bajo fianza.\u00a0En junio de 2012 Assange solicit\u00f3 refugio en la Embajada de Ecuador en Londres para evitar su extradici\u00f3n a Suecia.<\/p>\n<p style=\"text-align:justify;\">\n","protected":false},"excerpt":{"rendered":"<p>As\u00ed, el grupo de trabajo sobre la detenci\u00f3n arbitraria de la ONU ha dictaminado que el fundador de WikiLeaks \"tiene derecho a su libertad de movimiento y a una compensaci\u00f3n\".<\/p>\n","protected":false},"author":1,"featured_media":7764,"comment_status":"open","ping_status":"open","sticky":false,"template":"","format":"standard","meta":{"footnotes":""},"categories":[14],"tags":[43,50],"class_list":["post-3641","post","type-post","status-publish","format-standard","has-post-thumbnail","hentry","category-internacionales","tag-onu","tag-reino-unido"],"_links":{"self":[{"href":"https:\/\/debateplural.net\/site\/wp-json\/wp\/v2\/posts\/3641"}],"collection":[{"href":"https:\/\/debateplural.net\/site\/wp-json\/wp\/v2\/posts"}],"about":[{"href":"https:\/\/debateplural.net\/site\/wp-json\/wp\/v2\/types\/post"}],"author":[{"embeddable":true,"href":"https:\/\/debateplural.net\/site\/wp-json\/wp\/v2\/users\/1"}],"replies":[{"embeddable":true,"href":"https:\/\/debateplural.net\/site\/wp-json\/wp\/v2\/comments?post=3641"}],"version-history":[{"count":1,"href":"https:\/\/debateplural.net\/site\/wp-json\/wp\/v2\/posts\/3641\/revisions"}],"predecessor-version":[{"id":7765,"href":"https:\/\/debateplural.net\/site\/wp-json\/wp\/v2\/posts\/3641\/revisions\/7765"}],"wp:featuredmedia":[{"embeddable":true,"href":"https:\/\/debateplural.net\/site\/wp-json\/wp\/v2\/media\/7764"}],"wp:attachment":[{"href":"https:\/\/debateplural.net\/site\/wp-json\/wp\/v2\/media?parent=3641"}],"wp:term":[{"taxonomy":"category","embeddable":true,"href":"https:\/\/debateplural.net\/site\/wp-json\/wp\/v2\/categories?post=3641"},{"taxonomy":"post_tag","embeddable":true,"href":"https:\/\/debateplural.net\/site\/wp-json\/wp\/v2\/tags?post=3641"}],"curies":[{"name":"wp","href":"https:\/\/api.w.org\/{rel}","templated":true}]}}