{"id":36459,"date":"2019-10-22T13:34:21","date_gmt":"2019-10-22T17:34:21","guid":{"rendered":"http:\/\/debateplural.com\/?p=36459"},"modified":"2019-10-22T13:34:21","modified_gmt":"2019-10-22T17:34:21","slug":"protestas-en-chile-un-gobierno-ciego-sordo-inepto-e-incompetente","status":"publish","type":"post","link":"https:\/\/debateplural.net\/site\/2019\/10\/22\/protestas-en-chile-un-gobierno-ciego-sordo-inepto-e-incompetente\/","title":{"rendered":"Protestas en Chile: un gobierno ciego, sordo, inepto e incompetente"},"content":{"rendered":"<p>Pablo Jofre Leal (Hispantv, 22-10-19)<\/p>\n<p>&nbsp;<\/p>\n<p class=\"introtext\">Chile atraviesa una crisis pol\u00edtica dada la d\u00e9bil gesti\u00f3n del presidente del pa\u00eds, Sebasti\u00e1n Pi\u00f1era, ante las recientes protestas masivas.<\/p>\n<p>La cr\u00f3nica tozudez del presidente chileno, Sebasti\u00e1n Pi\u00f1era, su escasa pericia pol\u00edtica y el divorcio absoluto del conglomerado de partidos que lo apoya \u2014pero tambi\u00e9n la gran parte de la oposici\u00f3n\u2014 respecto a dar soluci\u00f3n a las reivindicaciones sociales, tienen hoy sumido en crisis al sistema pol\u00edtico del pa\u00eds austral.<\/p>\n<p>La peor crisis desde el inicio del proceso democr\u00e1tico tras la derrota de la dictadura militar y que se acrecienta con un gobierno soberbio, inepto e incompetente como el de Pi\u00f1era, que muestra conductas propias de personas con discapacidad visual y auditiva, pero no mudez. Y cuando esa falta de silencio vocal se propaga con su incontinencia verbal, exhibida y criticada por su propio sector, le suele jugar en contra al sostener que est\u00e1 en guerra contra millones de chilenos que est\u00e1n en la calle. Sumado al coro de ministros, voceros y parlamentarios, que tratan infructuosamente de defender una obra inexistente, una empresa que jam\u00e1s se ha concretado, s\u00f3lo parafernalia.<\/p>\n<p><strong>La Juventud se\u00f1ala el camino<\/strong><\/p>\n<p>Estas semanas han sido la muestra absoluta del divorcio y agotamiento de una forma de hacer pol\u00edtica bajo una pr\u00e1ctica instalada por todos los partidos, que han sido parte de los diversos gobiernos del duopolio instalado en el pa\u00eds desde el a\u00f1o 1990. Un duopolio que ha cre\u00eddo que el pa\u00eds era una empresa y bastaba el ejercicio del directorio para que las medidas que se tomaban se llevaran a cabo por una poblaci\u00f3n servil, una sociedad de borregos que agachaba el lomo en forma indigna. Una sociedad que soportaba burla tras burla de ministros que creen que los ciudadanos son empleados de algunas de sus empresas. Una sociedad, que de la mano de la cl\u00e1sica y sana rebeld\u00eda y coraje de la juventud le dijo \u00a1no m\u00e1s! al gobierno cuando quiso alzar las tarifas del metro de Santiago (el ferrocarril subterr\u00e1neo con una de las tarifas m\u00e1s caras del mundo) que es utilizado por cerca de tres millones de chilenos cada d\u00eda.<\/p>\n<p>Una respuesta l\u00f3gica cuando el Ministro de Econom\u00eda Juan Andr\u00e9s Fontaine se\u00f1al\u00f3 ante esta subida \u201cEl que madrugue ser\u00e1 ayudado,\u00a0de manera que alguien que sale m\u00e1s temprano y toma el metro a las 7 de la ma\u00f1ana tiene la posibilidad de una tarifa m\u00e1s baja que la de hoy\u201d. No contento con ello el Ministro de Hacienda Felipe Larra\u00edn sostuvo, ante las cr\u00edticas al aumento de los precios de bienes y servicios b\u00e1sicos \u201cPara los rom\u00e1nticos (\u2026) que las flores han tenido un descenso en su precio:\u00a0As\u00ed que los que quieran regalar flores en este mes, las flores han ca\u00eddo un 3,6%\u201d.<\/p>\n<p>Esa juventud, principalmente estudiantes secundarios comenzaron a evadir el pago de este medio de transporte generando una ola de imitaciones a lo largo de todas las l\u00edneas del metro, sacando a la polic\u00eda militarizada a la calle, con declaraciones del gobierno tratando de delincuentes a esta juventud y definiendo, finalmente, el jueves 17 de octubre cerrar las estaciones del metro dejando a decenas de miles de personas sin forma de llegar a sus casas, que comenz\u00f3 a exteriorizar lo que estaba latente: rabia, indignaci\u00f3n, impotencia que explot\u00f3 en millones de gritos.<\/p>\n<p>Fue el comienzo de una jornada que lleva ya cinco d\u00edas de manifestaciones, de irritaci\u00f3n, de indignaci\u00f3n que se acrecent\u00f3 con el nuevo desatino del gobierno de decretar primero: ley de seguridad interior del Estado, el viernes 18 Estado de Excepci\u00f3n y el s\u00e1bado 19 de octubre declara Toque de Queda, como no se hab\u00eda vivido desde la dictadura militar. Es decir, 30 a\u00f1os en la cual el pa\u00eds vivi\u00f3 sin tener presente esta medida extrema y l\u00f3gicamente con una juventud nacida posterior a ella, que increpa a los uniformados porque se trata de una juventud nacida en democracia, con todas sus imperfecciones y que exige su derecho a manifestarse a denunciar lo que considera abusos por parte de la autoridad y que les toca directamente como es el tema de la educaci\u00f3n. Una juventud que visualiza en sus propias casas los efectos de un \u201cmilagro econ\u00f3mico\u201d chileno que s\u00f3lo ha dado bienestar a una parte peque\u00f1a de la poblaci\u00f3n. J\u00f3venes que perciben un futuro gris. Seg\u00fan el \u00faltimo Informe llamado Panorama Social de Am\u00e9rica Latina elaborado por la Comisi\u00f3n Econ\u00f3mica para Am\u00e9rica Latina y el Caribe (Cepal), el 1% con m\u00e1s ingresos en el pa\u00eds posee el 26,5%, mientras que\u00a0el 50% de los hogares de menores ingresos accedi\u00f3 solo al 2,1% de la riqueza neta del pa\u00eds.<\/p>\n<p>El Gobierno del presidente Sebasti\u00e1n Pi\u00f1era Eche\u00f1ique ha hecho o\u00eddos sordos al clamor ciudadano, que va m\u00e1s all\u00e1 de terminar con el alza del transporte, sino que se adentra en reivindicaciones destinadas a cambiar la estructura del modelo: reforma tributaria que deje de favorecer a los m\u00e1s ricos del pa\u00eds, trabajar por un sistema de pensiones que no deje a la capitalizaci\u00f3n individual la jubilaci\u00f3n de los chilenos y chilenas. Una educaci\u00f3n donde la equidad sea el fundamento y no aquella donde siga privilegiando a un sector m\u00ednimo de la poblaci\u00f3n. Un sector de salud donde no exista un servicio para ricos y una para pobres donde s\u00f3lo el a\u00f1o 2018 han muerto 26 700 mil chilenos y chilenas por no poder concretar una operaci\u00f3n. Millones que no tienen acceso a especialistas, a f\u00e1rmacos, a un tratamiento completo que mejoren sus expectativas de vida.<\/p>\n<p>Las manifestaciones que se est\u00e1n dando, unida a acciones de saqueos y delincuencia en m\u00faltiples ciudades del pa\u00eds austral, es la muestra del ocaso de un modelo pol\u00edtico-econ\u00f3mico que ya no da ancho, que se ha agotado, que no tiene bases, no hay sustento ideol\u00f3gico, moral ni pol\u00edtico para seguir manteniendo en pie este arquetipo denominado neoliberal. Realidad reconocida incluso por personeros de la propia derecha como el Ex Alcalde de Puente Alto y ex candidato presidencial Manuel Jos\u00e9 Ossand\u00f3n quien llama a crear una \u201cderecha social\u201d e incluso formar un gobierno de consenso \u201cM\u00ed sector est\u00e1 tomando esto como un tema solo de delincuencia, un tema de violencia, es de violencia y hay delincuencia, pero esto tiene causas, y si no queremos reconocer las causas esto no se va arreglar. Hay demandas sociales que hay que atender\u201d. Bien sabe esa derecha m\u00e1s \u201cliberal\u201d que es posible que pierda el enorme bot\u00edn que significa el Estado.<\/p>\n<p><strong>Pi\u00f1era y su incompetencia<\/strong><\/p>\n<p>Pi\u00f1era no quiere reconocer las causas, el multimillonario empresario devenido por segunda vez presidente de Chile sostuvo, el d\u00eda domingo 20 de octubre, en un punto de prensa en la Guarnici\u00f3n Militar de Santiago, la capital chilena \u201cEstamos en guerra contra un enemigo poderoso, implacable, que no respeta a nada ni a nadie y que est\u00e1 dispuesto a usar la violencia y la delincuencia sin ning\u00fan l\u00edmite\u201d la pregunta que surge es \u00bfQui\u00e9n es ese enemigo poderoso e implacable del cual habla Pi\u00f1era, que no respeta a nadie ni a nada? \u00bfSer\u00e1 acaso que el pr\u00f3ximo paso sea acusar p\u00fablicamente a Venezuela y su presidente Nicol\u00e1s Maduro? O tal vez a Cuba, a Evo Morales? Aunque parezca risible, dichas teor\u00edas han salido de las huestes m\u00e1s radicales de la derecha en las reuniones sostenidas por este conglomerado para tratar de contrarrestar las movilizaciones que tienen a su Gobierno contra las cuerdas. El \u00fanico resultado del mensaje de Pi\u00f1era fue asimilar sus palabras a las pronunciadas por el fallecido Dictador Augusto Pinochet.<\/p>\n<p>Lo se\u00f1alado muestra la rotunda discrepancia, la escasa noci\u00f3n de realidad que tiene el Gobierno frente a lo que sucede en el pa\u00eds. El segundo mandato de la derecha y la ultraderecha en Chile ha mostrado que las frases huecas, sin fondo social, alejada de aquellas preocupaciones y necesidades de la poblaci\u00f3n son su respuesta frente a las demandas ciudadanas. Y se ha mantenido as\u00ed durante 29 a\u00f1os de democracia formal hasta que la sociedad dice \u00a1basta! \u00a0Y explota indignada y sale a las calles a exigir sus derechos a exhibir la verg\u00fcenza propia escondida tras el velo del consumo, del letargo pol\u00edtico avalado por una casta pol\u00edtica, en com\u00fan uni\u00f3n con empresarios, grupos econ\u00f3micos y medios de informaci\u00f3n, que han gozado de todas las prebendas que un sistema como el que rige Chile puede proporcionar.<\/p>\n<p>Una casta pol\u00edtica que en estas protestas ha sido dejada a la vera del camino, imposibilitada de asumir un papel de liderazgo porque la poblaci\u00f3n, mayoritariamente no conf\u00eda en ella. No deposita su confianza en parlamentarios, en empresarios, grupos econ\u00f3micos, ministros, instituciones del estado como aquellas, que hasta hace poco tiempo\u00a0representaban el escal\u00f3n m\u00e1s alto en el aprecio ciudadano y la confianza en ellos, espec\u00edficamente carabineros de chileno. Cuerpo militarizado, que a la luz de una enorme corrupci\u00f3n interna, sobre todo de sus altos mandos min\u00f3 esa confianza hasta convertirla en un remedo de protecci\u00f3n ciudadana.<\/p>\n<p>La poblaci\u00f3n nos les perdona el robo, los miles de millones de pesos esquilmados el Estado para enriquecer a la alta oficialidad mientras el cuerpo de suboficiales y rangos menores debe salir a la calle y recibir el desprecio ciudadano. Esa instituci\u00f3n requiere ser cambiada estructuralmente. Misma impresi\u00f3n que se tiene respecto al Ej\u00e9rcito de Chile involucrado en multimillonarios esc\u00e1ndalos de corrupci\u00f3n vinculado a facturas duplicadas, robo de recursos por parte de algunos Comandantes en Jefe y pago de comisiones fraudulentas en la compra de material militar. Es este Ej\u00e9rcito el que saca a sus miembros a la calle a apoyar el trabajo de vigilancia de la polic\u00eda uniformada.<\/p>\n<p>El pa\u00eds vive situaciones que debilitan la convivencia social, que afectan la vida diaria, que implican la muerte de personas, ya sea a manos de agentes del Estado, que han salido a controlar estas movilizaciones como tambi\u00e9n muertes debidos a acciones de saqueo que han terminado con incendios de los establecimientos sujetos a esos actos delictivos. Seg\u00fan las autoridades, hasta el lunes 21 de octubre se contabilizaron 13 muertos, mientras que 20 estaciones fueron quemadas y 31 registraron da\u00f1os \u2014de un total de 220\u2014, y seis trenes fueron destruidos. La destrucci\u00f3n del mobiliario p\u00fablico: sem\u00e1foros, plazas, paraderos del sistema de transporte, rejas, calles, luminarias, se ha cuantificado en una cifra superior a los 200 millones de d\u00f3lares.<\/p>\n<p>El gobierno responde con fuerte represi\u00f3n a las demandas de la poblaci\u00f3n, aquella que se manifiesta mayoritaria y pac\u00edficamente en funci\u00f3n de sus reivindicaciones pero, act\u00faa en forma hasta benevolente con aquellos que han saqueado comercios, grandes, peque\u00f1os, cadenas de supermercados, tiendas de ropa, electrodom\u00e9sticos en las principales ciudades del pa\u00eds. Es una dicotom\u00eda peligrosa pues se reprime la manifestaci\u00f3n por mejores condiciones de vida y se hizo vista gorda, por varios d\u00edas, a la represi\u00f3n de los elementos que claramente ocasionan da\u00f1os. La pregunta que surge frente a esto. \u00bfPor qu\u00e9? \u00bfPor qu\u00e9 se pretende exacerbar el clima de peligro, enfrentar a chilenos contra chilenos? Esto, porque estamos siendo testigos que parte de la poblaci\u00f3n armadas de palos y objetos contundentes defiende lo que denomina sus bienes e incluso aquellos, que no siendo suyos, consideran son parte de sus derechos como ciudadanos: acceso a comprar sin tener impedimentos e incluso limitar el tr\u00e1nsito por el entorno donde habitan.<\/p>\n<p>Da la impresi\u00f3n que la derecha m\u00e1s belicista dentro del gobierno de Sebasti\u00e1n Pi\u00f1era quiere entrar en una din\u00e1mica de guerra, de levantar un enemigo interno, incluso asignar responsabilidad en los hechos de violencia que se han dado a la influencia del Gobierno de Venezuela o \u201cpoderoso enemigos\u201d repetido hasta el hartazgo por la derecha chilena sin dar prueba alguna de esto, hace sospechar que ciertas mentes termoc\u00e9falas, al interior del grupo gobernante, quiere concretar un golpe blando. Idea nada descabellada si siguen los d\u00edas manifestaciones, saqueos e incertidumbre. Pi\u00f1era habla de un nuevo pacto social pero con qui\u00e9n? Con los mismos que nos han llevado a este sistema inequitativo? No hay posibilidad de cambio en el pa\u00eds si se sigue pensando que el cambio es el gatopardismo frustrante y traicionero, el lampedusiano \u201cel cambiar todo para que nade cambie\u201d.<\/p>\n<p>Es por esto, que las movilizaciones que sacuden Chile han pasado de la l\u00f3gica etapa reivindicativa de no m\u00e1s alzas en los servicios de transporte a un pol\u00edtico y concreto \u00a1Fuera Pi\u00f1era \u00a1generando con ello un efecto pol\u00edtico de envergadura, que no se saldar\u00e1 con el hecho que Pi\u00f1era lance al altar del sacrificio a alg\u00fan ministro o un funcionario de alto nivel. O que llame a un consenso social con quienes generan desconfianza en la sociedad. Pi\u00f1era ha quedado en el viejo r\u00e9gimen de creer que todo se soluciona entre el presidente del Senado, de la C\u00e1mara de Diputados, el presidente de la corte Suprema y la figura presidencial. Eso es parte de la vieja pol\u00edtica, la que ha muerto en los fuegos de las m\u00faltiples fogatas que se han encendido en Chile.<\/p>\n<p>Las palabras de Pi\u00f1era al pa\u00eds en la noche del lunes 21 de octubre mostraron que las esperanzas de cambio ser\u00e1n vanas. Nuevamente centr\u00f3 sus palabras en el tema de la violencia. Acusando a desconocidas organizaciones se ser responsables de la violencia con medios y recursos gigantescos. La referencia de Pi\u00f1era al dolor que le causaba los hechos de violencia en Chile es meramente econ\u00f3mica. No hay en sus palabras ideas de futuro, de c\u00f3mo aumentar nuestras expectativas, como ser m\u00e1s competitivos como pa\u00eds en correlaci\u00f3n con un cambio socioecon\u00f3mico que permita pensar en remuneraciones justas, en acceso a servicios que son derechos b\u00e1sicos, a pensar en nuestras jubilaciones como lo que su palabra indica \u201cj\u00fabilo\u201d. A so\u00f1ar por un pa\u00eds m\u00e1s justo competitivo pe con alta productividad pero con una poblaci\u00f3n mayoritariamente satisfecha de su nivel de vida. Nada de eso hay en las palabras de Pi\u00f1era.<\/p>\n<p>Nada de eso hay en las pr\u00f3ximas conversaciones entre la casta pol\u00edtica. Quiere avanzar hacia un acuerdo social para encontrar mejores soluciones pero el temor, en base a 29 a\u00f1os de experiencias pol\u00edticas traum\u00e1ticas, es que todo quede en meras promesas y la triada entre pol\u00edticos-grupos econ\u00f3micos y el sost\u00e9n ideol\u00f3gico comunicacional haga est\u00e9ril todo esfuerzo de mejora. Ello, hasta volver a salir a la calle pero ahora sin freno alguno. Las palabras finales de Pi\u00f1era en sus palabras al pa\u00eds recordaron un referente que no puede ser emulado, signando la incompetencia y la ineptitud de un gobierno que debe encomendarse a la divinidad. Pi\u00f1era se despidi\u00f3 del pa\u00eds afirmando el \u201cDios bendiga a Chile\u201d rogativa que Pi\u00f1era y su gobierno tendr\u00e1n que repetir como un mantra, frente a los pr\u00f3ximos eventos internacionales a celebrarse en el pa\u00eds: la XXV Conferencia sobre Cambio Clim\u00e1tico de la ONU (COP 25) a fines de noviembre pr\u00f3ximo. y la Cumbre de la \u00a0Foro de Cooperaci\u00f3n Econ\u00f3mica Asia-Pac\u00edfico (APEC, en ingl\u00e9s) cuya Cumbre de L\u00edderes se efectuar\u00e1 los d\u00edas 16 y 17 de noviembre.<\/p>\n","protected":false},"excerpt":{"rendered":"<p>Pablo Jofre Leal (Hispantv, 22-10-19) &nbsp; Chile atraviesa una crisis pol\u00edtica dada la d\u00e9bil gesti\u00f3n del presidente del pa\u00eds, Sebasti\u00e1n Pi\u00f1era, ante las recientes protestas masivas. La cr\u00f3nica tozudez del presidente chileno, Sebasti\u00e1n Pi\u00f1era, su escasa pericia pol\u00edtica y el divorcio absoluto del conglomerado de partidos que lo apoya \u2014pero tambi\u00e9n la gran parte de [&hellip;]<\/p>\n","protected":false},"author":1,"featured_media":36460,"comment_status":"open","ping_status":"open","sticky":false,"template":"","format":"standard","meta":{"footnotes":""},"categories":[14,12],"tags":[],"class_list":["post-36459","post","type-post","status-publish","format-standard","has-post-thumbnail","hentry","category-internacionales","category-politica-3"],"_links":{"self":[{"href":"https:\/\/debateplural.net\/site\/wp-json\/wp\/v2\/posts\/36459"}],"collection":[{"href":"https:\/\/debateplural.net\/site\/wp-json\/wp\/v2\/posts"}],"about":[{"href":"https:\/\/debateplural.net\/site\/wp-json\/wp\/v2\/types\/post"}],"author":[{"embeddable":true,"href":"https:\/\/debateplural.net\/site\/wp-json\/wp\/v2\/users\/1"}],"replies":[{"embeddable":true,"href":"https:\/\/debateplural.net\/site\/wp-json\/wp\/v2\/comments?post=36459"}],"version-history":[{"count":1,"href":"https:\/\/debateplural.net\/site\/wp-json\/wp\/v2\/posts\/36459\/revisions"}],"predecessor-version":[{"id":36461,"href":"https:\/\/debateplural.net\/site\/wp-json\/wp\/v2\/posts\/36459\/revisions\/36461"}],"wp:featuredmedia":[{"embeddable":true,"href":"https:\/\/debateplural.net\/site\/wp-json\/wp\/v2\/media\/36460"}],"wp:attachment":[{"href":"https:\/\/debateplural.net\/site\/wp-json\/wp\/v2\/media?parent=36459"}],"wp:term":[{"taxonomy":"category","embeddable":true,"href":"https:\/\/debateplural.net\/site\/wp-json\/wp\/v2\/categories?post=36459"},{"taxonomy":"post_tag","embeddable":true,"href":"https:\/\/debateplural.net\/site\/wp-json\/wp\/v2\/tags?post=36459"}],"curies":[{"name":"wp","href":"https:\/\/api.w.org\/{rel}","templated":true}]}}