{"id":36567,"date":"2019-10-26T13:39:23","date_gmt":"2019-10-26T17:39:23","guid":{"rendered":"http:\/\/debateplural.com\/?p=36567"},"modified":"2019-10-26T13:39:23","modified_gmt":"2019-10-26T17:39:23","slug":"hacia-un-nuevo-radicalismo-en-america-latina","status":"publish","type":"post","link":"https:\/\/debateplural.net\/site\/2019\/10\/26\/hacia-un-nuevo-radicalismo-en-america-latina\/","title":{"rendered":"Hacia un nuevo radicalismo en Am\u00e9rica Latina"},"content":{"rendered":"<p>Juan Gabriel Caro Rivera (CTXT, 26-10-19)<\/p>\n<p>&nbsp;<\/p>\n<p>Hace unos meses escrib\u00edamos un art\u00edculo acerca de las diferentes corrientes pol\u00edticas que hab\u00edan dado forma al paisaje americano en los \u00faltimos veinte a\u00f1os. En ese entonces ech\u00e1bamos de menos la ausencia en estos fen\u00f3menos pol\u00edticos de los\u00a0<i>radicales<\/i>, es decir, aquellos que por la constituci\u00f3n de su esp\u00edritu y su lucha estaban llamados a luchar contra las diferentes formas de manifestaci\u00f3n de la falsa conciencia dominante en la pol\u00edtica continental. Y por eso mismo planteaban un reto para el sistema social existente en todas sus variantes. Por supuesto, debemos anotar que los radicales nunca han dejado de existir, pero debido a la falta de una coherencia doctrinal y pol\u00edtica, se han convertido en la carne de ca\u00f1\u00f3n usada en las luchas intestinas entre las distintas fuerzas pol\u00edticas propiamente consolidadas. Entre todas estas corrientes y movimientos pol\u00edticos consolidados, podemos asegurar la existencia de al menos dos polos en lucha: por un lado, tenemos a los neoconservadores y a los neoliberales integrales unidos a la mundializaci\u00f3n; y por el otro, aparecen los diferentes nacionalismos izquierdistas y los social-globalistas. Estos dos polos hoy d\u00eda parecen disputarse el futuro de la Am\u00e9rica desde el R\u00edo Grande hasta la Patagonia, en una guerra cruenta que cada vez cobra m\u00e1s violencia.<\/p>\n<p>Ahora bien, frente a este panorama desolador, se puede escuchar, como un susurro en el bosque, una voz nueva que la propaganda de la gran prensa y los medios de comunicaci\u00f3n intenta acallar. Para poder ahogar semejante voz, la gran prensa de todas las ideolog\u00edas pol\u00edticas lanza cualquier clase de teor\u00edas de conspiraci\u00f3n, desacreditando, de una forma u otra, los disturbios producidos en distintos pa\u00edses gobernados por ideolog\u00edas disimiles y que p\u00fablicamente se combaten entre s\u00ed. En las \u00faltimas semanas hemos sido testigos de c\u00f3mo un nuevo paquete econ\u00f3mico es impuesto por el FMI a Ecuador, y como resultado de ello se desatan protestas violentas en las calles de este pa\u00eds; mientras tanto, en Chile el gobierno alza el precio de los pasajes del servicio p\u00fablico, provocando una manifestaci\u00f3n masiva que acaba en un Estado de sitio que asola la capital; al mismo tiempo, las perspectivas de un fraude electoral en Bolivia causan terribles disturbios en las horas finales del conteo de la votaci\u00f3n y ponen patas arriba la reelecci\u00f3n de Evo Morales, etc\u2026 Tanto los liberales como los socialistas se echan la culpan entre s\u00ed, afirmando que sus enemigos son los causantes de semejantes disturbios, incluso culp\u00e1ndolos de financiar minor\u00edas violentas con la intensi\u00f3n de derrocar a los gobiernos adversarios y hostiles a sus proyectos pol\u00edticos.<\/p>\n<p>Siguiendo al pie de la letra estas l\u00edneas, la agencia de noticias, con sede en Washington, NTN 24, publica un informe acerca de la conspiraci\u00f3n del Grupo de Puebla (fundado en julio de este a\u00f1o), como el responsable directo de los eventos ocurridos en Ecuador y Chile. Y siguiendo semejante l\u00ednea argumentativa, culpa al progresismo de ser el responsable de una conspiraci\u00f3n pol\u00edtica para acabar con los gobiernos hostiles al socialismo e instaurar una \u201cUni\u00f3n Sovi\u00e9tica Hispana\u201d en toda la regi\u00f3n:<\/p>\n<p>\u00abSeg\u00fan el pol\u00edtico y profesor Pedro Urruchurtu, no es casualidad que el GDP se haya reunido diez d\u00edas antes que el Foro de Sao Paulo. Asegura que es todo un plan para que la izquierda regrese a Am\u00e9rica Latina. \u201cDe ah\u00ed en adelante, el objetivo ser\u00e1 acabar con el Grupo de Lima; desmantelarlo con nuevos gobiernos \u201cprogresistas\u201d o incentivar m\u00e1s desestabilizaci\u00f3n. Tambi\u00e9n buscar\u00e1n arrebatarle la reelecci\u00f3n a la Secretar\u00eda General de la OEA a Almagro. Esto ser\u00eda lo que oxigena protestas masivas y violentas como las ocurridas en Ecuador y Chile. \"Tienen todo un sistema de medios propios (InfoNodal) y externos (RT, Telesur, etc.) listos para hacer su trabajo de reimpulso de la izquierda y del reacomodo de la regi\u00f3n. En tiempo de repliegue se han reorganizado, por no haberlos derrotado a tiempo, comenzando por Venezuela\"\u00bb (2).<\/p>\n<p>Mientras tanto, la agencia de noticias RT, desde el otro bando ideol\u00f3gico, informaba de las denuncias de un posible golpe de Estado, orquestado por la OEA, contra el gobierno de Evo Morales en Bolivia. Seg\u00fan sus informes, la oposici\u00f3n boliviana denunciar\u00eda un posible fraude electoral cometido por el gobierno y esto habr\u00eda desencadenado disturbios urbanos.\u00a0<b>\u201cLa misi\u00f3n de la OEA ya est\u00e1 con el golpe de Estado\u201d,\u00a0<\/b>afirma el mandatario boliviano citado por RT, y continua: \"cualquiera que sea su criterio (\u00e9l de la oposici\u00f3n), deben tener en cuenta el respeto a nuestra Constituci\u00f3n\" (3). Al mismo tiempo, el presidente venezolano Nicol\u00e1s Maduro manifiesta su solidaridad con su hom\u00f3logo ideol\u00f3gico boliviano y reafirmaba la existencia de una conspiraci\u00f3n de car\u00e1cter continental para acabar con la revoluci\u00f3n bolivariana: \"Hemos estado en contacto durante las \u00faltimas horas con el hermano Evo Morales Ayma. Quiero expresar\u00a0<b>toda la solidaridad de Venezuela<\/b>\u00a0con el pueblo de Bolivia y con el presidente reelecto, leg\u00edtimo, constitucional, Evo Morales\", y sigue as\u00ed: \"En Bolivia hay una conspiraci\u00f3n, una conjura, han llamado a la violencia, nosotros hemos vivido y sufrido situaciones parecidas\" (4).<\/p>\n<p>Como se puede ver, toda esta serie de teor\u00edas conspirativas y denuncias a un nivel diplom\u00e1tico se parecen a un juego de espejos donde cada uno refleja, pero al rev\u00e9s, las mismas caracter\u00edsticas que denuncia ver en su enemigo. Pero todos ignoran, convenientemente, las causas reales que producen semejantes manifestaciones. La prensa internacional aliada con el mundialismo justifica las protestas violentas del pueblo venezolano porque son \u201cdem\u00f3cratas\u201d deseosos de deshacerse de un dictador, y al mismo tiempo denuncia las confrontaciones sangrientas de los manifestantes en Chile por ser parte de una conjura castro-chavista para derribar un gobierno leg\u00edtimo en Am\u00e9rica Latina. Otro tanto podr\u00edamos decir de la propaganda izquierdista que denuncia revoluciones de color en contra de las rep\u00fablicas socialistas y la inminente invasi\u00f3n a Venezuela por el TIAR. Claro, con esta clase de explicaciones se olvida que la raz\u00f3n detr\u00e1s de la violencia de las protestas chilenas se encuentra en el incremento en los precios de los pasajes de transporte p\u00fablico, o que la migraci\u00f3n venezolana se debe a una devastaci\u00f3n sin precedentes del sistema productivo, que causa una gran conmoci\u00f3n en millones de personas. De este modo, se reemplazan los verdaderos problemas por falsas banderas o por razones de segundo orden a las cuales se les da un poder omn\u00edmodo sin precedentes. Con esto no queremos negar la intervenci\u00f3n de pol\u00edticas extranjeras en una naci\u00f3n o la guerra psicol\u00f3gica en boga contra los gobiernos opuestos a un modelo \u00fanico econ\u00f3mico, pero queremos retornar a su justo lugar semejantes causas y no enmascarar, con una fraseolog\u00eda hueca, una serie de fen\u00f3menos que no tienen nada que ver con lo sucedido.<\/p>\n<p>El problema con semejante propaganda es que parece entronizar a dos polos opuestos que est\u00e1n en una guerra manifiesta, mientras deja de lado cualquier explicaci\u00f3n realista de los fen\u00f3menos que se est\u00e1n produciendo. Bajo estos mismos razonamientos, los \u00f3rganos de propaganda a nivel mundial consideran las revueltas en Hong Kong como parte de una elaborada trama de presiones orquestada por Estados Unidos contra China, o que los separatistas catalanes son agentes de Mosc\u00fa que quieren destruir la Uni\u00f3n Europea. Sin embargo, valdr\u00eda la pena hacer notar, que semejantes razonamientos simplistas son producto de los poderosos aparatos de comunicaci\u00f3n y propaganda, que tanto los liberales como los socialistas, han venido creando. De este modo caen en el error, debido a la propia megaloman\u00eda de sus sistemas de comunicaci\u00f3n, de confundir la opini\u00f3n de sus pueblos con la propaganda que ellos mismos han creado. Ya el marxista Georges Luk\u00e1cs, al estudiar las peripecias de las ideolog\u00edas reaccionarias y racistas en Alemania, hizo notar que semejante confusi\u00f3n pod\u00eda inducir a terribles errores y llevaba a muchos l\u00edderes a ser miopes respecto a la aut\u00e9ntica pol\u00edtica que deb\u00edan aplicar en momentos decisivos: \u00abEn su d\u00eda, Hitler incurri\u00f3 en el error de confundir a sus Quisling con los pueblos; hoy muchos ide\u00f3logos de la apolog\u00e9tica directa confunden a los pueblos con las \u201cquintas columnas\u201d. La raz\u00f3n es en ambos casos la misma: el desprecio que se siente por las masas y, por tanto, la miop\u00eda o la ceguera que impide ver la voluntad real de estas. Y junto a esta raz\u00f3n aparece, \u00edntimamente unido a ella, claro est\u00e1, la megaloman\u00eda del aparato\u00bb (4). Si bien Luk\u00e1cs dirig\u00eda estas palabras contra el naciente aparato imperialista de los Estados Unidos, puede decirse que ellas mismas podr\u00edan aplicarse a los Estados socialistas de Europa del Este, defendidos por Luk\u00e1cs, pero que acabaron confundiendo la ideolog\u00eda de sus sistemas con la voluntad popular y sabemos que esto termin\u00f3 en su desintegraci\u00f3n. Algo parecido est\u00e1 ocurriendo hoy, en plena globalizaci\u00f3n, donde los medios de comunicaci\u00f3n han enloquecido y se proclaman por todas partes cuantas medias verdades se est\u00e9 dispuesto consumir.<\/p>\n<p>Lo anterior nos lleva a una conclusi\u00f3n l\u00f3gica: el creciente resentimiento de los pueblos hispanoamericanos que hacen frente a un antagonismo ideol\u00f3gico y econ\u00f3mico, cada vez m\u00e1s inadecuados para sustentar la vida espiritual y material de las naciones. Los pueblos sudamericanos se rebelan por igual contra las democracias representativas (liberales) como contra las democracias populares (socialistas), albergando un mismo odio contra ambos. Ante esto, se hace cada vez m\u00e1s urgente darnos cuenta del agotamiento de los sistemas pol\u00edticos y sociales creados en el siglo XX, culpables de mecanizar la vida de las naciones y causar la alienaci\u00f3n de millones de personas de un modo que nunca se hab\u00eda visto en la historia. Tanto el liberalismo como el comunismo disputaron la hegemon\u00eda planetaria en el siglo pasado, y cada uno apost\u00f3 por un sujeto hist\u00f3rico distinto que realizar\u00eda las promesas de la Ilustraci\u00f3n del progreso social, la libertad, la igualdad y la fraternidad de la humanidad. Mientras que el liberalismo asumi\u00f3 como sujeto al individuo, el comunismo alz\u00f3 las banderas de la clase, del \u201cproletariado\u201d, como sujeto revolucionario que cumplir\u00eda semejantes promesas. Sabemos c\u00f3mo acab\u00f3 todo aquello: en la disoluci\u00f3n del proletariado y en el auge del individuo como sujeto universal de los derechos humanos, el hundimiento de cualquier alternativa econ\u00f3mica y la imposici\u00f3n de la filos\u00f3fica postmoderna como la ideolog\u00eda de la globalizaci\u00f3n. Hubo otros intentos de crear sujetos hist\u00f3ricos parecidos, tales como el Estado o la raza, pero estos tambi\u00e9n fracasaron en su confrontaci\u00f3n violenta a lo largo del siglo XX.<\/p>\n<p>Sin embargo, con el agotamiento cada vez m\u00e1s claro de los sujetos hist\u00f3ricos de las ideolog\u00edas modernas, se abre por fin el espacio para la emergencia de un nuevo actor que hab\u00eda sido sepultado por la fraseolog\u00eda y la lucha partidista: nos referimos a la emergencia de la sociedad org\u00e1nica, de las comunidades y las formas de vida pre-capitalistas que fueron condenadas al olvido por las ideolog\u00edas progresistas. Es precisamente este \u201cpueblo\u201d, relegado por la gran Historia Universal nacida de la Ilustraci\u00f3n, el que emerge una vez m\u00e1s de los cementerios y las ruinas a las que hab\u00eda sido exiliado por los comunistas y los liberales de todas las tendencias. Ya en los a\u00f1os treinta, el soci\u00f3logo alem\u00e1n Hans Freyer hab\u00eda declarado que el viraje del movimiento proletario al reformismo (hoy dir\u00edamos al progresismo) hab\u00eda abierto la posibilidad para una \u201cnueva revoluci\u00f3n\u201d distinta a la proclamada tanto por el liberalismo como por el comunismo. El portador de esta revoluci\u00f3n ser\u00eda el \u201cpueblo\u201d, \u201clo que no es la sociedad, no es la clase, no es el inter\u00e9s, ni, por tanto, algo susceptible de transacciones sino algo insondablemente revolucionario\u201d. El pueblo \u201ces una nueva formaci\u00f3n con su propia voluntad y sus propios derechos&#8230; la contrapartida de la sociedad industrial\" (7). Y es precisamente este pueblo el que hoy se manifiesta contra la imposici\u00f3n de sistemas pol\u00edticos inhumanos que est\u00e1n intentando sepultarlo nuevamente. Ser\u00e1n precisamente los h\u00e9roes, los guerreros portadores de las antorchas de este pueblo convulso, pisoteado, el que hoy se rebela. Despu\u00e9s de doscientos a\u00f1os de Independencia, guerras civiles y liberalismo, los \u201cpueblos hispanoamericanos\u201d han sido privado de Dios, de la comunidad y el trabajo, y hoy es este pueblo el que alza los estandartes en cuyas banderas est\u00e1 escrito la palabra \u201cjusticia\u201d.<\/p>\n<p>Ser\u00e1 precisamente la misi\u00f3n de los nuevos \u201cprofetas\u201d el darle alas a este pueblo que se arrastra en el fango del sucio lodo del capitalismo, que se encuentra enredado en las telara\u00f1as polvosas del socialismo sin conciencia, aquel que vuelve a brotar por fin lejos de las ataduras que lo hab\u00edan encadenado. Una vez m\u00e1s este pueblo nacer\u00e1 para reencontrarse con su Dios y expulsar de su seno a los magos negros y sacerdotes estafadores que lo hab\u00edan mantenido en cautiverio.<\/p>\n","protected":false},"excerpt":{"rendered":"<p>Juan Gabriel Caro Rivera (CTXT, 26-10-19) &nbsp; Hace unos meses escrib\u00edamos un art\u00edculo acerca de las diferentes corrientes pol\u00edticas que hab\u00edan dado forma al paisaje americano en los \u00faltimos veinte a\u00f1os. En ese entonces ech\u00e1bamos de menos la ausencia en estos fen\u00f3menos pol\u00edticos de los\u00a0radicales, es decir, aquellos que por la constituci\u00f3n de su esp\u00edritu [&hellip;]<\/p>\n","protected":false},"author":1,"featured_media":33100,"comment_status":"open","ping_status":"open","sticky":false,"template":"","format":"standard","meta":{"footnotes":""},"categories":[14,12],"tags":[],"class_list":["post-36567","post","type-post","status-publish","format-standard","has-post-thumbnail","hentry","category-internacionales","category-politica-3"],"_links":{"self":[{"href":"https:\/\/debateplural.net\/site\/wp-json\/wp\/v2\/posts\/36567"}],"collection":[{"href":"https:\/\/debateplural.net\/site\/wp-json\/wp\/v2\/posts"}],"about":[{"href":"https:\/\/debateplural.net\/site\/wp-json\/wp\/v2\/types\/post"}],"author":[{"embeddable":true,"href":"https:\/\/debateplural.net\/site\/wp-json\/wp\/v2\/users\/1"}],"replies":[{"embeddable":true,"href":"https:\/\/debateplural.net\/site\/wp-json\/wp\/v2\/comments?post=36567"}],"version-history":[{"count":1,"href":"https:\/\/debateplural.net\/site\/wp-json\/wp\/v2\/posts\/36567\/revisions"}],"predecessor-version":[{"id":36568,"href":"https:\/\/debateplural.net\/site\/wp-json\/wp\/v2\/posts\/36567\/revisions\/36568"}],"wp:featuredmedia":[{"embeddable":true,"href":"https:\/\/debateplural.net\/site\/wp-json\/wp\/v2\/media\/33100"}],"wp:attachment":[{"href":"https:\/\/debateplural.net\/site\/wp-json\/wp\/v2\/media?parent=36567"}],"wp:term":[{"taxonomy":"category","embeddable":true,"href":"https:\/\/debateplural.net\/site\/wp-json\/wp\/v2\/categories?post=36567"},{"taxonomy":"post_tag","embeddable":true,"href":"https:\/\/debateplural.net\/site\/wp-json\/wp\/v2\/tags?post=36567"}],"curies":[{"name":"wp","href":"https:\/\/api.w.org\/{rel}","templated":true}]}}