{"id":36579,"date":"2019-10-28T11:12:21","date_gmt":"2019-10-28T15:12:21","guid":{"rendered":"http:\/\/debateplural.com\/?p=36579"},"modified":"2019-10-28T11:12:21","modified_gmt":"2019-10-28T15:12:21","slug":"secuelas-de-un-viaje-maldito-de-soldados-dominicanos-a-irak","status":"publish","type":"post","link":"https:\/\/debateplural.net\/site\/2019\/10\/28\/secuelas-de-un-viaje-maldito-de-soldados-dominicanos-a-irak\/","title":{"rendered":"Secuelas de un viaje maldito de soldados dominicanos a Irak"},"content":{"rendered":"<div class=\"capitular_paragraph\">\n<p>Mariela Mejia (D. Libre, 28-5-19)<\/p>\n<p>&nbsp;<\/p>\n<p>Despu\u00e9s de pasar hasta seis meses en la guerra de Irak, en una misi\u00f3n que el Gobierno anunci\u00f3 como humanitaria, los 604 dominicanos retornaron en 2004 con sus sentidos en alerta. A pesar de que estaban en un territorio hostil, las Fuerzas Armadas se preocuparon m\u00e1s por el estado f\u00edsico en que volvieron y menos del mental. Todav\u00eda hay quienes padecen de estr\u00e9s postraum\u00e1tico y presentan secuelas comunes como agresividad e intolerancia.<\/p>\n<\/div>\n<div class=\"paragraph\">\n<p>En una loma de Yamas\u00e1 est\u00e1 el exsoldado Rub\u00e9n Rivas Rodr\u00edguez, de 36 a\u00f1os, diagnosticado con trastorno de estr\u00e9s postraum\u00e1tico y a quien su padre califica como un demente. En Mao, a la madre del exmilitar Stanling \u00c1lvarez Bueno se le dificulta lidiar con la agresividad y el insomnio de su hijo de 33. En Puerto Plata se instal\u00f3 Santos Olivo Fern\u00e1ndez, un exguardia, de 40 a\u00f1os, que prefiere vivir en el campo, rodeado de gallinas, porque la tranquilidad le ayuda a controlar sus impulsos violentos\u00a0<i>(vea sus historias m\u00e1s adelante)<\/i>.<\/p>\n<p>\u201cFue el viaje m\u00e1s maldito que se pudo dar\u201d, dice enojado Olivo Fern\u00e1ndez. Es uno m\u00e1s de los disgustos que suelta cuando recuerda su experiencia en Irak.<\/p>\n<p>En medio de un inter\u00e9s del entonces presidente Hip\u00f3lito Mej\u00eda de conseguir apoyo para lograr la reelecci\u00f3n presidencial, y a pesar de la oposici\u00f3n pol\u00edtica y social que gener\u00f3 su ofrecimiento de enviar soldados y polic\u00edas dominicanos a Irak, el 11 de agosto de 2003 parti\u00f3 a la misi\u00f3n el primer grupo de 302 criollos que integraron la Fuerza de Tarea Quisqueya.<\/p>\n<p>En ese entonces el Gobierno inform\u00f3 a la opini\u00f3n p\u00fablica que se envi\u00f3 al contingente para ayudar al pueblo iraqu\u00ed a reformar sus instituciones y reconstruir su pa\u00eds asediado por una guerra motivada principalmente por la supuesta posesi\u00f3n y desarrollo de su l\u00edder, Saddam Hussein, de armas de destrucci\u00f3n masiva. Pero el conflicto b\u00e9lico, que comenz\u00f3 en 2003, se extendi\u00f3 hasta 2011. El Ministerio de Defensa precis\u00f3 a\u00a0<i>Diario Libre<\/i>\u00a0que el personal realiz\u00f3 tareas de vigilancia, patrullaje e inteligencia.<\/p>\n<p>La base de operaciones de los dominicanos estaba en Diwaniya, una ciudad de casi 400,000 habitantes, a unos 180 kil\u00f3metros al sur de Bagdad. El grupo se integr\u00f3 a tropas de Honduras, El Salvador, Nicaragua y Espa\u00f1a (que las encabez\u00f3) para conformar la Brigada Multinacional Plus Ultra de la operaci\u00f3n\u00a0<i>Iraqui Freedom<\/i>, liderada por los Estados Unidos.<\/p>\n<p>Para septiembre de 2003, Espa\u00f1a ten\u00eda en Irak un contingente de tropas de 1,300 efectivos, sirviendo bajo el mando polaco en las regiones centrales de Najaf y Diwaniya, junto a una fuerza centroamericana de 1,200 personas de Nicaragua, Rep\u00fablica Dominicana, Honduras y El Salvador.<\/p>\n<p>En diciembre de ese a\u00f1o\u00a0se report\u00f3\u00a0que al menos tres iraqu\u00edes, entre ellos dos ni\u00f1os, resultaron heridos a consecuencia de un ataque con cinco granadas de mortero contra la base en la que estaban los dominicanos en Diwaniya, sin que alguno de los criollos resultara afectado.<\/p>\n<p>Entre finales de enero y principios de febrero de 2004, la Fuerza de Tareas Quisqueya retorn\u00f3 a la Rep\u00fablica Dominicana. A cada uno, personal de las Fuerzas Armadas le realiz\u00f3 un examen de pocos minutos y aval\u00f3 que estaba en buenas condiciones; lo mismo se hizo cuando volvi\u00f3 la segunda fuerza de tarea en mayo. Pero, seg\u00fan inform\u00f3 a\u00a0<i>Diario Libre<\/i>\u00a0un miembro del equipo m\u00e9dico que estuvo en la misi\u00f3n, no se les hizo un examen minucioso de la salud mental. Si lo hubieran hecho, indic\u00f3 que la prueba m\u00e1s simple habr\u00eda conllevado 45 minutos como m\u00ednimo.<\/p>\n<p>\u201c(El examen) fue totalmente por agotar un procedimiento y nada m\u00e1s\u201d, dice el exsargento Mario Polanco Medina, quien particip\u00f3 en la misi\u00f3n. \u201cYo dur\u00e9 alrededor de un a\u00f1o y pico que para dormir ten\u00eda que acostarme totalmente ebrio, no saber de m\u00ed, porque la mente m\u00eda todo el tiempo pensaba que estaba en conflicto\u201d.<\/p>\n<p>Polanco Medina fue uno de los 302 dominicanos que partieron a Irak en enero de 2004 para conformar la Fuerza de Tareas Quisqueya II. Relevar\u00edan por seis meses al primer grupo pero la misi\u00f3n se acort\u00f3.<\/p>\n<p>El 25 de abril de ese a\u00f1o,\u00a0<i>Diario Libre<\/i>\u00a0public\u00f3 que el expresidente Mej\u00eda revel\u00f3 que asumi\u00f3 la responsabilidad de retirar a los soldados luego de recibir un informe de las Fuerzas Armadas que le advert\u00eda sobre el p\u00e1nico en que viv\u00eda el contingente tras ser objeto de ataques.<\/p>\n<p>D\u00edas antes\u00a0la prensa report\u00f3\u00a0que la Fuerza de Tarea Quisqueya II hab\u00eda sido blanco de varios ataques en los que se confirm\u00f3 la muerte de por lo menos un civil y varios heridos.<\/p>\n<p>El oficial militar Carlos Cuervo Desangles, seg\u00fan lo publicado por el peri\u00f3dico El Caribe, inform\u00f3 que las tropas dominicanas que fueron fuertemente atacadas, ubicaron que desde un hospital, pr\u00e1cticamente abandonado, estaban recibiendo fuego y decidieron mandar una unidad a asegurar el edificio. \u201cCuando se acercaron fueron repelidos por un batall\u00f3n de \u2018elementos\u2019 armados, vestidos de civil, que empezaron a hacerles fuego, y ellos tuvieron que llegar al hospital, combatiendo\u201d, narr\u00f3<\/p>\n<p>\u201cDesde que pasaron esos ataques todos los compa\u00f1eros cambiaron\u201d, asegura Polanco Medina.<\/p>\n<p>El entonces secretario de las Fuerzas Armadas, teniente general Jos\u00e9 Miguel Soto Jim\u00e9nez, indic\u00f3 que el retiro de las tropas tuvo que ver con varias razones, entre las que se encontraba la salida intempestiva de otros pa\u00edses integrantes de la Brigada Multinacional Plus Ultra, lo que dejaba a los dominicanos sin apoyo operacional.<\/p>\n<p>La Fuerza de Tareas Quisqueya II regres\u00f3 en mayo de 2004.<\/p>\n<p><b>El regreso\u2026 y las secuelas<\/b><\/p>\n<p>El general Santo Domingo Guerrero Clase, quien para ese entonces era subdirector de Inteligencia de las Fuerzas Armadas, asegura que el contigente volvi\u00f3 en buen estado f\u00edsico y mental. Al preguntarle c\u00f3mo fue el proceso de la evaluaci\u00f3n sicol\u00f3gica, responde: \u201cNo tengo ahora mismo la documentaci\u00f3n para poder responder tu pregunta de una forma apegada al m\u00e9todo cient\u00edfico\u201d.<\/p>\n<p>El general, quien hoy es director de Planes y Operaciones del Estado Mayor Conjunto del Ministerio de Defensa, toma su tel\u00e9fono celular y llama a una persona -que no identifica- para que lo asista con las respuestas de la entrevista. Le pregunta:<\/p>\n<p>\u2014De los que se han ido de la guardia, \u00bfhay algunos que tienen o no problemas mentales?<\/p>\n<p>Pausa y escucha la respuesta.<\/p>\n<p>\u2014Que s\u00ed, que hay algunos que, al parecer, han tenido problemas, pero despu\u00e9s que han salido de la guardia.<\/p>\n<p>El oficial se refiere a personas que son parte de un grupo de unos 50 que fueron a Irak y no est\u00e1n activos porque fueron cancelados o se retiraron. \u201cDespu\u00e9s que salen, nosotros no tenemos que darles seguimiento\u201d, afirma.<\/p>\n<p>Los efectos sobre la salud mental de un suceso impactante pueden percibirse durante la exposici\u00f3n al evento o inmediatamente despu\u00e9s de este, as\u00ed como d\u00edas e incluso meses m\u00e1s tarde, explica la presidenta de la Sociedad Dominicana de Psiquiatr\u00eda, Marisol Taveras.<\/p>\n<p>El Ministerio de Defensa inform\u00f3 que \u201cno se tienen datos precisos\u201d sobre referimiento m\u00e9dico o siqui\u00e1trico de miembros de la misi\u00f3n. Sin embargo,\u00a0<i>Diario Libre<\/i>\u00a0encontr\u00f3 casos de veteranos atendidos por especialistas con s\u00edntomas cl\u00ednicos de problemas de salud mental.<\/p>\n<p>Un siquiatra que prest\u00f3 servicios en el Centro de Especialidades M\u00e9dicas de la Reserva de las Fuerzas Armadas recuerda que en los meses posteriores al retorno de los veteranos desde Irak, lleg\u00f3 a consultar en el local -y de forma privada- a militares con neurosis de ansiedad y trastorno de estr\u00e9s postraum\u00e1tico.<\/p>\n<p>Con un diagn\u00f3stico de estr\u00e9s postraum\u00e1tico vive en Yamas\u00e1 el excabo Rivas, cuyo caso y el de otros\u00a0<b>se pueden conocer en videos en el siguiente mapa exploratorio.<\/b><\/p>\n<div class=\"paragraph\">\n<p>Un especialista de salud mental que particip\u00f3 en la misi\u00f3n dominicana en Irak explica que lo ideal es que a una persona que ha sido sometida a un \u00e1rea de responsabilidad, de actividad b\u00e9lica, se le practiquen algunas pruebas y una buena entrevista psiqui\u00e1trica.<\/p>\n<p>El m\u00e9dico, que pidi\u00f3 no ser identificado y al que para esta historia llamaremos doctor Liranzo, cita entre las pruebas evaluaciones de personalidad, charlas continuadas, terapia de grupo, evaluaci\u00f3n individual y pruebas sicom\u00e9tricas extensivas a por lo menos uno o dos a\u00f1os, hasta desarticular cualquier trauma o secuela.<\/p>\n<p>\u201cHay que tener en cuenta que esta gente que estuvo ah\u00ed no son soldados cualquiera, son gente entrenada para matar que sabe de violencia\u201d, agrega.<\/p>\n<p>El doctor menciona que las pruebas no se hicieron con el rigor debido porque los soldados retornaron al pa\u00eds en un clima pol\u00edtico, el de las elecciones presidenciales de mayo de 2004, y cuando el expresidente Leonel Fern\u00e1ndez gan\u00f3 los comicios, no le dio importancia al tema.<\/p>\n<p>En la \u00e9poca electoral, el embajador Hans Hertell se acerc\u00f3 al entonces candidato Fern\u00e1ndez con una solicitud para que su campa\u00f1a no criticara p\u00fablicamente la decisi\u00f3n de Mej\u00eda de enviar tropas a Irak, seg\u00fan un cable de la Embajada de Estados Unidos en Santo Domingo, fechado el 2 de abril 2007 y filtrado en 2011 por Wikileaks.<\/p>\n<p>El cable agrega que, durante una visita inesperada a Washington, justo dos meses antes de las elecciones, los l\u00edderes del Partido de la Liberaci\u00f3n Dominicana (PLD), Danilo Medina y Tem\u00edstocles Mont\u00e1s, aseguraron al Consejo de Seguridad Nacional y al Departamento de Estado, que la campa\u00f1a no se centrar\u00eda en las acciones de Estados Unidos en Irak ni en las negociaciones en curso sobre el acuerdo de libre comercio regional con los Estados Unidos (CAFTA, en ingl\u00e9s).<\/p>\n<p>Estas condescendencias pol\u00edticas demostraron a la Embajada \u201cel pragmatismo y la moderaci\u00f3n del PLD\u201d. \u201cUn partido que creemos que comprende muy bien el valor de las relaciones de la Rep\u00fablica Dominicana con los Estados Unidos\u201d, dice el cable.<\/p>\n<div class=\"entretitulo\"><strong>Los males de los veteranos<\/strong><\/div>\n<div class=\"paragraph\">\n<p>El s\u00edndrome de estr\u00e9s postraum\u00e1tico es el trastorno m\u00e1s frecuente que presentan los veteranos de guerra estadounidenses, m\u00e1s que la depresi\u00f3n y el abuso de sustancias. Entre sus s\u00edntomas est\u00e1n sentir que el evento que lo provoc\u00f3 sucede otra vez, dificultad para dormir o pesadillas, sentimiento de soledad, depresi\u00f3n y explosiones de ira.<\/p>\n<p>Un mismo evento puede afectar a unos y a otros no. Esto se debe a que cada quien reacciona ante un suceso de acuerdo a sus condiciones particulares influenciadas por factores como el apoyo familiar o del c\u00edrculo primario, la presencia de condiciones de salud mental previas, resiliencia, rapidez y efectividad de la atenci\u00f3n que reciba posterior al evento traum\u00e1tico, explica la siquiatra Taveras.<\/p>\n<p>La especialista agrega que se considera trastorno de estr\u00e9s agudo cuando los s\u00edntomas se desarrollan al menos tres d\u00edas hasta un m\u00e1ximo de un mes luego de la exposici\u00f3n, y trastorno de estr\u00e9s postraum\u00e1tico cuando estos s\u00edntomas superan un mes de duraci\u00f3n. Las tasas de curaci\u00f3n no han sido determinadas con exactitud y se puede conseguir una disminuci\u00f3n significativa de los s\u00edntomas e incluso su control total con la combinaci\u00f3n de tratamientos.<\/p>\n<p>Aunque entre las filas militares hay quienes cuestionan que los veteranos dominicanos tengan secuelas sicol\u00f3gicas porque no estuvieron directamente en combate, el doctor Liranzo sostiene que el hecho de estar en terreno hostil y alertas a cualquier ataque, pudo dejar huellas e, inclusive, militares activos pueden padecerlas y no comunicarlas.<\/p>\n<p>\u201cEl estr\u00e9s era alt\u00edsimo porque nadie dorm\u00eda. Yo dorm\u00eda con el chaleco antibalas puesto\u201d, dice el m\u00e9dico.<\/p>\n<p>El doctor asegura que muchas personas que retornaron de Irak llegaron con tolerancia cero. Aunque observa que no hay datos que den seguimiento del estado de los 604 hombres que participaron, repasa que hubo gente que se mat\u00f3 en accidentes de tr\u00e1nsito y otros cometieron asesinatos por celotipia o \u201cpor cualquier cosa peque\u00f1a\u201d. Cita tambi\u00e9n consecuencias comunes como casos de divorcios.<\/p>\n<p>\u201cUna de las caracter\u00edsticas del estr\u00e9s postraum\u00e1tico es la tolerancia cero \u2013explica\u2013. No toleras ya muchas cosas. Por una exigencia normal como \u2018mira, falta esto, falta aquello\u2019, dices: Ah no, me voy a divorciar, voy a dejar esta vaina\u201d.<\/p>\n<p>A finales de enero de 2004, el cabo Aris Emmanuel Abreu Santos, reci\u00e9n regresado de Irak con la Fuerza de Tarea Quisqueya,\u00a0mat\u00f3 a balazos\u00a0a Sabino Castillo V\u00e1zquez e hiri\u00f3 a Nathanael Gil Mart\u00ednez durante una discusi\u00f3n en un centro de diversi\u00f3n de San Francisco de Macor\u00eds, seg\u00fan public\u00f3\u00a0<i>Diario Libre<\/i>. Quienes conoc\u00edan al agente, lo describieron como una persona tranquila antes de partir hacia la guerra, pero tras su regreso mostraba una conducta agresiva incluso contra algunos de sus amigos.<\/p>\n<div class=\"paragraph\">\n<p>En Espa\u00f1a se han documentado casos de veteranos con secuelas mentales tras prestar servicio en Irak. En mayo de 2008, la agencia de noticias Europa Press report\u00f3 que el Ministerio de Defensa de Espa\u00f1a reconoci\u00f3 por primera vez en ese pa\u00eds que un militar, veterano de Irak, padec\u00eda de trastorno por estr\u00e9s postraum\u00e1tico o s\u00edndrome del excombatiente y, seg\u00fan inform\u00f3 el abogado del suboficial, le correspond\u00eda una pensi\u00f3n vitalicia mejorada y la baja como miembro de las Fuerzas Armadas.<\/p>\n<p>Los problemas mentales son de las principales causas que llevan a buscar ayuda a los veteranos de guerra estadounidenses en el Departamento de Asuntos de Veteranos del Gobierno.<\/p>\n<p>En los Estados Unidos hubo m\u00e1s de 6,000 suicidios de veteranos cada a\u00f1o desde 2008 hasta 2016, de acuerdo a un informe oficial. El reporte estima que los soldados que fueron a la guerra tienen 1.5 veces m\u00e1s probabilidades de suicidarse que los adultos que no participaron.<\/p>\n<p>El presidente estadounidense Donald Trump firm\u00f3 en marzo pasado una orden ejecutiva que busca contener el alto n\u00famero de suicidios en los veteranos mediante un programa de salud integral.<\/p>\n<p>\u201cEn Estados Unidos y los pa\u00edses civilizados, cuando la gente regresa la familia puede verlos y est\u00e1n obligadas a tener sesiones permanentes en unidades de sicolog\u00eda\u201d, observa el doctor Liranzo.<\/p>\n<p>Recuerda que hubo un soldado dominicano que cuando estaba en Irak se le muri\u00f3 su madre. \u201c\u00c9l era el \u00fanico hijo, entonces cuando son casos as\u00ed, es un caso repatriable porque ese se\u00f1or se puede convertir en una bomba de tiempo y un soldado as\u00ed puede terminar matando gente\u201d, dice.<\/p>\n<\/div>\n<div id=\"container-1168182\" class=\"mt-3 mb-4 p-3 insert_headline content-capsule\">\n<div class=\"insertBlock\">\n<div class=\"insert_title\">\u201cHay que tener en cuenta que esta gente que estuvo ah\u00ed no son soldados cualquiera, son gente entrenada para matar, que sabe de violencia\u201d.<\/div>\n<\/div>\n<\/div>\n<div class=\"paragraph\">\n<p>Un grupo de veteranos de Irak (que no son militares activos) todav\u00eda sostiene que les prometieron incentivos, como pensi\u00f3n, viviendas y exoneraciones, que recibir\u00edan a su regreso de la misi\u00f3n, y las Fuerzas Armadas lo niega y no los retribuye.\u00a0Han realizado protestas\u00a0para que se les compense por el hito de pertenecer a una generaci\u00f3n de militares dominicanos que participaron en un conflicto b\u00e9lico en el extranjero. Entre los activistas est\u00e1n \u00c1lvarez Bueno, Polanco Medina y Olivo Fern\u00e1ndez.<\/p>\n<p>Al respecto, el general Guerrero Clase asegura que \u201ccuando a un militar se le tiene que pagar para que vaya a la guerra se convierte en mercenario, ya no es militar\u201d.<\/p>\n<p>\u201c\u00bfPara qu\u00e9 est\u00e1 el militar? Para ejercer su funci\u00f3n. Por ejercer su funci\u00f3n no debe pag\u00e1rsele un incentivo adicional\u201d, dice. Insiste en que quienes exigen reivindicaciones \u201cquieren hacer ruido para tratar de obtener una ventaja de algo que no se les prometi\u00f3\u201d.<\/p>\n<p>Con el decreto 235-16, el presidente Danilo Medina concedi\u00f3 la condecoraci\u00f3n Orden al M\u00e9rito Militar a 295 soldados que fueron a Irak. La cifra result\u00f3 injusta para los excluidos. Guerrero Clase la defiende al asegurar que ese grupo cumpl\u00eda con unos perfiles a ser reconocidos.<\/p>\n<p>El general sostiene que los militares que fueron a Irak que est\u00e1n activos en las Fuerzas Armadas no han presentado secuelas de la guerra, a pesar de que no se tienen datos precisos sobre el estado sicol\u00f3gico de los veteranos.<\/p>\n<p>El doctor Liranzo explica que un militar activo puede evaluar si necesita ayuda al interiorizar en c\u00f3mo est\u00e1 su nivel de tolerancia y si tiene despertares bruscos cuando duerme, pesadillas, ira irracional y desbordada angustia de separaci\u00f3n.<\/p>\n<p>\u201cTodos nosotros, de alguna manera estamos atravesados por eso, somos antes y despu\u00e9s de Irak, no somos seres humanos iguales\u201d, concluye.<\/p>\n<\/div>\n<\/div>\n<\/div>\n<\/div>\n","protected":false},"excerpt":{"rendered":"<p>Mariela Mejia (D. Libre, 28-5-19) &nbsp; Despu\u00e9s de pasar hasta seis meses en la guerra de Irak, en una misi\u00f3n que el Gobierno anunci\u00f3 como humanitaria, los 604 dominicanos retornaron en 2004 con sus sentidos en alerta. A pesar de que estaban en un territorio hostil, las Fuerzas Armadas se preocuparon m\u00e1s por el estado [&hellip;]<\/p>\n","protected":false},"author":1,"featured_media":34923,"comment_status":"open","ping_status":"open","sticky":false,"template":"","format":"standard","meta":{"footnotes":""},"categories":[5,17],"tags":[],"class_list":["post-36579","post","type-post","status-publish","format-standard","has-post-thumbnail","hentry","category-nacionales","category-sociedad"],"_links":{"self":[{"href":"https:\/\/debateplural.net\/site\/wp-json\/wp\/v2\/posts\/36579"}],"collection":[{"href":"https:\/\/debateplural.net\/site\/wp-json\/wp\/v2\/posts"}],"about":[{"href":"https:\/\/debateplural.net\/site\/wp-json\/wp\/v2\/types\/post"}],"author":[{"embeddable":true,"href":"https:\/\/debateplural.net\/site\/wp-json\/wp\/v2\/users\/1"}],"replies":[{"embeddable":true,"href":"https:\/\/debateplural.net\/site\/wp-json\/wp\/v2\/comments?post=36579"}],"version-history":[{"count":1,"href":"https:\/\/debateplural.net\/site\/wp-json\/wp\/v2\/posts\/36579\/revisions"}],"predecessor-version":[{"id":36580,"href":"https:\/\/debateplural.net\/site\/wp-json\/wp\/v2\/posts\/36579\/revisions\/36580"}],"wp:featuredmedia":[{"embeddable":true,"href":"https:\/\/debateplural.net\/site\/wp-json\/wp\/v2\/media\/34923"}],"wp:attachment":[{"href":"https:\/\/debateplural.net\/site\/wp-json\/wp\/v2\/media?parent=36579"}],"wp:term":[{"taxonomy":"category","embeddable":true,"href":"https:\/\/debateplural.net\/site\/wp-json\/wp\/v2\/categories?post=36579"},{"taxonomy":"post_tag","embeddable":true,"href":"https:\/\/debateplural.net\/site\/wp-json\/wp\/v2\/tags?post=36579"}],"curies":[{"name":"wp","href":"https:\/\/api.w.org\/{rel}","templated":true}]}}