{"id":36623,"date":"2019-10-29T13:35:16","date_gmt":"2019-10-29T17:35:16","guid":{"rendered":"http:\/\/debateplural.com\/?p=36623"},"modified":"2019-10-29T13:35:16","modified_gmt":"2019-10-29T17:35:16","slug":"la-guerra-imaginacional-y-el-nuevo-orden-mundial-2","status":"publish","type":"post","link":"https:\/\/debateplural.net\/site\/2019\/10\/29\/la-guerra-imaginacional-y-el-nuevo-orden-mundial-2\/","title":{"rendered":"La guerra \u2018imaginacional\u2019 y el nuevo orden mundial"},"content":{"rendered":"<p>Jos\u00e9 Negr\u00f3n Valera (Sputnik, 14-6-19)<\/p>\n<p>&nbsp;<\/p>\n<div class=\"b-article__lead\">\n<p>Estamos a las puertas de un nuevo mundo, o al menos as\u00ed lo ha declarado Klaus Schwab, fundador del Foro Econ\u00f3mico Mundial: una \u00abcuarta revoluci\u00f3n industrial\u00bb, dominada por la intersecci\u00f3n de las dimensiones f\u00edsicas, biol\u00f3gicas y digitales en la vida humana.<\/p>\n<\/div>\n<div class=\"b-article__text\">\n<p>Los arrebatos, en apariencia infantiles, de\u00a0<strong>Donald Trump en contra de China<\/strong>, y en especial contra el gigante de las telecomunicaciones Huawei, demuestran que entiende el valor de la transformaci\u00f3n que se avecina.<\/p>\n<p>La tecnolog\u00eda 5G ser\u00e1 el terreno donde se asiente esta nueva tierra prometida y Estados Unidos no puede permitir que sean otros quienes planten la primera semilla.<\/p>\n<h4><strong>M\u00e1s all\u00e1 del 5G<\/strong><\/h4>\n<p>Mucho se ha escrito \u00faltimamente al respecto de la confrontaci\u00f3n entre ambas potencias. Sin embargo, a\u00fan quedan zonas grises de las cuales no se quiere hablar, no al menos en voz alta.<\/p>\n<p>Aspectos velados, que son objeto de severo estudio no precisamente por los tanques pensantes que se dan cita en los foros econ\u00f3micos mundiales, sino por otros, cuyo perfil es m\u00e1s reservado y discreto.<\/p>\n<p class=\"marker-quote1\">\u00bfQu\u00e9 buscan al controlar\u00a0la tecnolog\u00eda 5G? O dicho de otro modo, \u00bfqu\u00e9 transita por las redes de comunicaci\u00f3n e informaci\u00f3n que sea tan preciado por las superpotencias?<\/p>\n<p>Lo que casi siempre queda subterr\u00e1neo dentro de los debates, difuminado por las argumentaciones de corte econ\u00f3mica y militar, es que el centro de toda esta gran disputa no es otra cosa sino el acceso a la mente.<\/p>\n<p>No se trata de un asunto t\u00e9cnico, sino de una nueva alquimia planetaria. Usted es un nodo dentro de la red del control global y la pantalla que le acompa\u00f1a a casi todas partes, la puerta de este nuevo sistema.<\/p>\n<p>A esto se resume lo que llamamos guerra \u2018imaginacional\u2019, el conflicto cuyo campo de batalla es la cultura y donde el arma son las nuevas tecnolog\u00edas de comunicaci\u00f3n e informaci\u00f3n. Se lucha por y para la hegemon\u00eda simb\u00f3lica, es decir, para instaurar una determinada forma de concebir e interpretar el mundo.<\/p>\n<p>Podr\u00edamos considerar que lo que ocurre en el mundo simb\u00f3lico no tiene efectos en el mundo concreto. Sin embargo, es mucho m\u00e1s importante de lo que se cree. No hay ning\u00fan efecto social y\/o pol\u00edtico que no haya sido previamente canalizado a trav\u00e9s del imaginario.<\/p>\n<p>Es decir, la forma que tendr\u00e1 el capitalismo, la sociedad democr\u00e1tica, la religi\u00f3n, la propia reproducci\u00f3n de la especie, la relaci\u00f3n con el planeta tierra, pasar\u00e1 primero por este tamiz.<\/p>\n<p class=\"marker-quote1\">El poeta Rainer Maria Rilke lo dir\u00eda en los siguientes t\u00e9rminos: \u00abLo que [nos] llega posee tal adelanto sobre lo que pensamos, sobre nuestras intenciones, que jam\u00e1s podemos alcanzarlo, ni jam\u00e1s conocer su verdadera experiencia\u00bb. As\u00ed funciona el modelaje.<\/p>\n<h4><strong>La era de lo \u2018imaginacional\u2019<\/strong><\/h4>\n<p>Melinda Davis, investigadora norteamericana que dirige un tanque de pensamiento dedicado a la investigaci\u00f3n de \u2018marketing\u2019 y nuevos mercados, apuntaba que a partir de 1993, fecha oficial del nacimiento de internet, entramos en una era de lo \u2018imaginacional\u2019 que ha trastocado absolutamente toda nuestra cotidianidad.<\/p>\n<p>Davis explica que a partir de dicho a\u00f1o se suscit\u00f3 un cambio de rumbo en \u00abel mundo que podemos ver y experimentar fuera de nosotros mismos y el mundo que solo podemos percibir dentro de nuestros cerebros\u201d.<\/p>\n<p>Para la investigadora, con la llegada de internet afrontamos como humanidad lo que podr\u00eda considerarse el gran problema de nuestro tiempo.<\/p>\n<p>\u00abLa gran acci\u00f3n de nuestra vida no tiene lugar en el universo concreto y material, sino en el mundo inasible del pensamiento, la imagen y la idea. Este fen\u00f3meno absolutamente extraordinario por el cual la realidad interior se vuelve m\u00e1s apremiante, m\u00e1s real que la exterior, se ha apoderado de la corriente principal de la experiencia humana. La misma realidad se ha vuelto mental. Se podr\u00eda decir que el futuro est\u00e1 en el cerebro\u00bb, concluye Davis.<\/p>\n<p>Esta transformaci\u00f3n, o mejor dicho, este nuevo r\u00e9gimen de tecno-social que impulsa internet, afecta especialmente la \u00f3rbita occidental capitalista, pero tambi\u00e9n a los pa\u00edses perif\u00e9ricos que son radiados por la influencia creciente de las nuevas tecnolog\u00edas en su vida diaria.<\/p>\n<p>La caracter\u00edstica fundamental de este fen\u00f3meno viene a ser seg\u00fan Melinda Davis, el abandono de la realidad f\u00edsica como h\u00e1bitat primordial de la especie humana, y su migraci\u00f3n total al espacio cerebral.<\/p>\n<p>Lo que era \u2018no material\u2019 ha dejado de ser \u2018inmaterial\u2019, o dicho en otro modo, el mundo \u2018imaginacional\u2019 es una realidad invisible de ideas y electrones que existe \u2014y que puede ser experimentada\u2014 en la imaginaci\u00f3n humana. Refiere a un mundo cada vez m\u00e1s com\u00fan de datos digitales que avasallan nuestras mentes.<\/p>\n<p>Para Davis, lo que conocemos como la experiencia del mundo concreto est\u00e1 desapareciendo. Con ello \u00abafrontamos problemas para reconocer la realidad y experimentamos lo que la comunidad psiqui\u00e1trica denomina \u2018desrealizaci\u00f3n&#8217;\u00bb.<\/p>\n<p>Los medios de comunicaci\u00f3n juegan un papel determinante en esta situaci\u00f3n. Son ellos lo que hacen posible la vida \u2018imaginacional\u2019 a trav\u00e9s de la marea permanente e imparable de im\u00e1genes e informaci\u00f3n aceleradas por la dimensi\u00f3n tecnol\u00f3gica, lo cual nos obliga a \u00abpasar una creciente cantidad de tiempo dentro de nuestros cr\u00e1neos, atascados en el tr\u00e1fico mental\u00bb, explica la investigadora.<\/p>\n<p>Seg\u00fan un estudio realizado por el grupo de investigaci\u00f3n Nielsen, en Estados Unidos, los adultos pasan\u00a0m\u00e1s de 11 horas por d\u00eda interactuando con los medios de comunicaci\u00f3n. De esas 11 horas, cuatro horas y 46 minutos\u00a0se pasan\u00a0viendo la televisi\u00f3n.<\/p>\n<p>Por su parte, el grupo Common Sense Media,\u00a0revel\u00f3\u00a0que los adolescentes de ese mismo pa\u00eds est\u00e1n expuestos un promedio de nueve horas por d\u00eda a los medios de comunicaci\u00f3n. Los ni\u00f1os de 8 a 12 a\u00f1os, lo est\u00e1n aproximadamente seis horas por d\u00eda, mientras que los ni\u00f1os de 2 a 5 a\u00f1os, est\u00e1n 32 horas por semana delante de una pantalla (por ejemplo, viendo televisi\u00f3n, videos, juegos).<\/p>\n<p>La consultora estrat\u00e9gica, Jacqueline Montes,\u00a0refer\u00eda a Sputnik\u00a0que el \u00faltimo informe de la empresa Domo, conocido como\u00a0Data Never Sleeps 6.0\u00a0sobre el movimiento de data que se produce en internet en 2018, mostraba los siguientes resultados:<\/p>\n<p class=\"marker-quote1\">\u00ab4.333.560 personas ven videos en YouTube por minuto, al tiempo que 473.400 tuits son publicados, 12.986.111 mensajes de texto son enviados, por mencionar solo tres cosas que ocurren cada 60 segundos, y sin contar que se estima que para el 2020 en el planeta se producir\u00e1n 1,7 MB de datos por segundo por persona\u00bb.<\/p>\n<p>Si se unen ambas estad\u00edsticas, la exposici\u00f3n a las interfaces electr\u00f3nicas m\u00e1s la cantidad de informaci\u00f3n que discurre por las redes de comunicaci\u00f3n e informaci\u00f3n, tendremos una idea bastante aproximada del por qu\u00e9 la llegada del 5G causa tanto revuelo.<\/p>\n<p>La conquista del mundo \u2018imaginacional\u2019, tendr\u00e1 tanto o m\u00e1s valor estrat\u00e9gico que la b\u00fasqueda de recursos energ\u00e9ticos o de biodiversidad. Puede que estemos en el umbral de la primera gran guerra por la influencia de un territorio que no podemos tocar con nuestras manos, pero que aun as\u00ed, impacta brutalmente sobre la vida material.<\/p>\n<h4><strong>El \u2018Dorado digital\u2019<\/strong><\/h4>\n<p>Este inmenso flujo de informaci\u00f3n que transita por internet, y que se acrecienta segundo a segundo, viene a ser el objeto de deseo de cada actor del entramado pol\u00edtico, econ\u00f3mico y militar del planeta.<\/p>\n<p>Manejar la infraestructura digital y el procesamiento masivo de esos datos, brindar\u00e1 ventajas definitivas a la potencia que pegue primero.<\/p>\n<p>Las grandes empresas tecnol\u00f3gicas como Google o Facebook fingen una c\u00e1ndida sorpresa ante la arremetida de Trump, pero es indudable que han mostrado sus preocupaciones ante China en los \u2018lugares de debate seguro\u2019 como las reuniones de Bilderberg.<\/p>\n<p>Su modelo de negocios est\u00e1 cimentado sobre el poder de controlar el procesamiento de datos, lo cual se pone en riesgo si Estados Unidos pierde control sobre la infraestructural digital.<\/p>\n<p>No se trata simplemente de conocer los patrones de consumo o\u00a0influenciar unas determinadas elecciones\u00a0\u2014caso de\u00a0Cambridge Analytica\u2014, sino de ceder la posibilidad de dise\u00f1ar los modos de vida de enormes grupos poblacionales. No es poca cosa el trofeo de esta guerra.<\/p>\n<p>Pi\u00e9nsese tan solo en la noticia de que Estados Unidos har\u00e1 revisi\u00f3n de las redes sociales de quienes soliciten visa de entrada a dicho pa\u00eds.<\/p>\n<p>La excusa, como siempre, ser\u00e1 la lucha contra el terrorismo. Sin embargo, el asunto plantea grandes complejidades.<\/p>\n<p>Una de ellas es la comprobaci\u00f3n de que ambos mundos no solo se superponen, sino que se convierten en uno. Por otro lado, la coerci\u00f3n estilo \u2018Gran Hermano\u2019 que plantea esta medida, da una idea bastante aproximada de c\u00f3mo ser\u00eda un planeta cuya infraestructura digital estuviese controlada por dicho pa\u00eds. La distop\u00eda lleg\u00f3 para quedarse.<\/p>\n<h4><strong>La cat\u00e1strofe de lo \u2018imaginacional\u2019<\/strong><\/h4>\n<p>Aunque pueda decirse que la guerra \u2018imaginacional\u2019 no es sino la misma guerra cultural con esteroides y que las megacorporaciones de telecomunicaciones no hacen nada que la mercadotecnia de siglo XX no haya experimentado antes, lo que s\u00ed es cierto es que nunca como ahora la tecnolog\u00eda hab\u00eda apartado tanto a los humanos de la realidad concreta.<\/p>\n<p>El antrop\u00f3logo Marc Aug\u00e9, consideraba que vivimos una \u00abcat\u00e1strofe\u00bb a la cual hay que prestar mucha atenci\u00f3n y destacaba la posibilidad de que lo \u00abreal se ha convertido en ficci\u00f3n\u00bb. Y en toda ficci\u00f3n, apunta Aug\u00e9, lo que priva no solo es la superabundancia de im\u00e1genes, sino sobre todo \u00abla abstracci\u00f3n de la mirada\u00bb.<\/p>\n<p class=\"\">Mirada que es en s\u00ed misma la \u00fanica que nos pertenece y donde entra en juego nuestra identidad y lo que somos. No se trata del secuestro de nuestros ojos 10 horas al d\u00eda a trav\u00e9s de una pantalla. Se trata de la monopolizaci\u00f3n de nuestros referentes, s\u00edmbolos, expectativas, recuerdos y utop\u00edas.<\/p>\n<p>En esta guerra \u2018imaginacional\u2019, la reconfiguraci\u00f3n y aseguramiento del imaginario colectivo ser\u00e1 el objetivo estrat\u00e9gico. Una parcela corporativizada donde el que venza va a colocar su gran bandera, un nuevo mundo, un nuevo pensamiento.<\/p>\n<p>Cuando volvamos a escuchar de la batalla por la tecnolog\u00eda 5G, ya no hablemos de vigilancia en tiempo real, una nueva econom\u00eda mediada por el conocimiento, el pr\u00f3ximo ecosistema digital, y todas esas cosas con que nos distraen en las charlas TED y los segmentos televisados del Foro Econ\u00f3mico Mundial.<\/p>\n<p>Pensemos m\u00e1s bien en que vivimos en un planeta de recursos limitados y con un modelo expansivo y abrasador que concentra la riqueza y reparte la pobreza. Pensemos en qu\u00e9 cada vez m\u00e1s la \u00e9lite necesitar\u00e1 mayor represi\u00f3n para mantener su privilegiado nivel de vida. Pensemos m\u00e1s bien, en cu\u00e1l ser\u00e1 la pr\u00f3xima serie de televisi\u00f3n que nos mantendr\u00e1 ocupados mentalmente, mientras las bombas arrasan Yemen y Palestina.<\/p>\n<p>Pensemos, pensemos\u2026pensemos en eso.<\/p>\n<\/div>\n","protected":false},"excerpt":{"rendered":"<p>Jos\u00e9 Negr\u00f3n Valera (Sputnik, 14-6-19) &nbsp; Estamos a las puertas de un nuevo mundo, o al menos as\u00ed lo ha declarado Klaus Schwab, fundador del Foro Econ\u00f3mico Mundial: una \u00abcuarta revoluci\u00f3n industrial\u00bb, dominada por la intersecci\u00f3n de las dimensiones f\u00edsicas, biol\u00f3gicas y digitales en la vida humana. Los arrebatos, en apariencia infantiles, de\u00a0Donald Trump en [&hellip;]<\/p>\n","protected":false},"author":1,"featured_media":33167,"comment_status":"open","ping_status":"open","sticky":false,"template":"","format":"standard","meta":{"footnotes":""},"categories":[14,12],"tags":[],"class_list":["post-36623","post","type-post","status-publish","format-standard","has-post-thumbnail","hentry","category-internacionales","category-politica-3"],"_links":{"self":[{"href":"https:\/\/debateplural.net\/site\/wp-json\/wp\/v2\/posts\/36623"}],"collection":[{"href":"https:\/\/debateplural.net\/site\/wp-json\/wp\/v2\/posts"}],"about":[{"href":"https:\/\/debateplural.net\/site\/wp-json\/wp\/v2\/types\/post"}],"author":[{"embeddable":true,"href":"https:\/\/debateplural.net\/site\/wp-json\/wp\/v2\/users\/1"}],"replies":[{"embeddable":true,"href":"https:\/\/debateplural.net\/site\/wp-json\/wp\/v2\/comments?post=36623"}],"version-history":[{"count":1,"href":"https:\/\/debateplural.net\/site\/wp-json\/wp\/v2\/posts\/36623\/revisions"}],"predecessor-version":[{"id":36624,"href":"https:\/\/debateplural.net\/site\/wp-json\/wp\/v2\/posts\/36623\/revisions\/36624"}],"wp:featuredmedia":[{"embeddable":true,"href":"https:\/\/debateplural.net\/site\/wp-json\/wp\/v2\/media\/33167"}],"wp:attachment":[{"href":"https:\/\/debateplural.net\/site\/wp-json\/wp\/v2\/media?parent=36623"}],"wp:term":[{"taxonomy":"category","embeddable":true,"href":"https:\/\/debateplural.net\/site\/wp-json\/wp\/v2\/categories?post=36623"},{"taxonomy":"post_tag","embeddable":true,"href":"https:\/\/debateplural.net\/site\/wp-json\/wp\/v2\/tags?post=36623"}],"curies":[{"name":"wp","href":"https:\/\/api.w.org\/{rel}","templated":true}]}}