{"id":3670,"date":"2016-02-06T15:04:49","date_gmt":"2016-02-06T15:04:49","guid":{"rendered":"http:\/\/debateplural.com\/?p=3670"},"modified":"2016-06-23T14:07:15","modified_gmt":"2016-06-23T14:07:15","slug":"terroristas-huyen-atemorizados-ante-la-furia-de-las-fuerzas-especiales-sirias","status":"publish","type":"post","link":"https:\/\/debateplural.net\/site\/2016\/02\/06\/terroristas-huyen-atemorizados-ante-la-furia-de-las-fuerzas-especiales-sirias\/","title":{"rendered":"Terroristas huyen atemorizados ante la furia de las fuerzas especiales sirias"},"content":{"rendered":"<div id=\"attachment_3671\" style=\"width: 715px\" class=\"wp-caption aligncenter\"><img loading=\"lazy\" decoding=\"async\" aria-describedby=\"caption-attachment-3671\" class=\"size-full wp-image-3671\" src=\"http:\/\/tripletecnologia.com\/website\/debateplural\/wp-content\/uploads\/2016\/02\/ejercito-sirio-recuperando-ciudades-3.jpg\" alt=\"Ejercito sirio recuperando ciudades\" width=\"705\" height=\"397\" \/><p id=\"caption-attachment-3671\" class=\"wp-caption-text\">Ejercito sirio recuperando ciudades<\/p><\/div>\n<p style=\"text-align:justify;\">Las fuerzas especiales del Ej\u00e9rcito sirio se enfrentaron el viernes a la organizaci\u00f3n terrorista\u00a0<a href=\"https:\/\/actualidad.rt.com\/actualidad\/165186-frente-nusra-siria\" target=\"_blank\" rel=\"up\">Frente Al Nusra<\/a>\u00a0en las afueras de la recientemente liberada localidad de Ataman, provincia de Daraa, informa la agencia internacional Ruptly.<!--more--><\/p>\n<p style=\"text-align:justify;\">\"Ataman es estrat\u00e9gica porque est\u00e1 muy cerca de la ciudad de <a href=\"https:\/\/actualidad.rt.com\/actualidad\/198756-ejercito-sirio-provocar-huida-terroristas\" target=\"_blank\" rel=\"up\">Daraa<\/a> (capital de la provincia hom\u00f3nima). Reunimos un gran grupo para proteger la ruta que une Daraa y Ataman. Despu\u00e9s de la liberaci\u00f3n de Ataman desplegamos nuestras fuerzas para liberar otros pueblos\", dijo un comandante del Ej\u00e9rcito.<\/p>\n<p style=\"text-align:justify;\">Ante la ofensiva de las fuerzas especiales, los terroristas se vieron obligados a retirarse. Con este avance las fuerzas gubernamentales han cortado las rutas de abastecimiento del Frente Al Nusra en el este, oeste y norte de la provincia de Daraa.<\/p>\n<p style=\"text-align:justify;\">Este viernes el canal de televisi\u00f3n liban\u00e9s <a href=\"http:\/\/www.almanar.com.lb\/english\/adetails.php?eid=253735&amp;cid=23&amp;fromval=1&amp;frid=23&amp;seccatid=20&amp;s1=1\" target=\"_blank\">Al-Manar<\/a>\u00a0inform\u00f3 que el Ej\u00e9rcito sirio tras intensos enfrentamientos con grupos armados logr\u00f3 tomar el control de Ataman. La liberaci\u00f3n de esa localidad permitir\u00e1 a las fuerzas gubernamentales consolidar sus posiciones dentro y en los alrededores de Daraa ante una potencial ofensiva yihadista.<\/p>\n<p style=\"text-align:justify;\">El avance posibilitar\u00e1 restablecer el control de otros pueblos y cortar las rutas de abastecimiento de los extremistas en el sur, en la frontera con <a href=\"https:\/\/actualidad.rt.com\/actualidad\/view\/107965-papel-jordania-guerra-siria\" target=\"_blank\" rel=\"up\">Jordania<\/a>.<\/p>\n","protected":false},"excerpt":{"rendered":"<p>Las fuerzas especiales del Ej\u00e9rcito sirio se enfrentaron el viernes a la organizaci\u00f3n terrorista\u00a0Frente Al Nusra\u00a0en las afueras de la recientemente liberada localidad de Ataman, provincia de Daraa, informa la agencia internacional Ruptly.<\/p>\n","protected":false},"author":1,"featured_media":7746,"comment_status":"open","ping_status":"open","sticky":false,"template":"","format":"standard","meta":{"footnotes":""},"categories":[14],"tags":[],"class_list":["post-3670","post","type-post","status-publish","format-standard","has-post-thumbnail","hentry","category-internacionales"],"_links":{"self":[{"href":"https:\/\/debateplural.net\/site\/wp-json\/wp\/v2\/posts\/3670"}],"collection":[{"href":"https:\/\/debateplural.net\/site\/wp-json\/wp\/v2\/posts"}],"about":[{"href":"https:\/\/debateplural.net\/site\/wp-json\/wp\/v2\/types\/post"}],"author":[{"embeddable":true,"href":"https:\/\/debateplural.net\/site\/wp-json\/wp\/v2\/users\/1"}],"replies":[{"embeddable":true,"href":"https:\/\/debateplural.net\/site\/wp-json\/wp\/v2\/comments?post=3670"}],"version-history":[{"count":1,"href":"https:\/\/debateplural.net\/site\/wp-json\/wp\/v2\/posts\/3670\/revisions"}],"predecessor-version":[{"id":7747,"href":"https:\/\/debateplural.net\/site\/wp-json\/wp\/v2\/posts\/3670\/revisions\/7747"}],"wp:featuredmedia":[{"embeddable":true,"href":"https:\/\/debateplural.net\/site\/wp-json\/wp\/v2\/media\/7746"}],"wp:attachment":[{"href":"https:\/\/debateplural.net\/site\/wp-json\/wp\/v2\/media?parent=3670"}],"wp:term":[{"taxonomy":"category","embeddable":true,"href":"https:\/\/debateplural.net\/site\/wp-json\/wp\/v2\/categories?post=3670"},{"taxonomy":"post_tag","embeddable":true,"href":"https:\/\/debateplural.net\/site\/wp-json\/wp\/v2\/tags?post=3670"}],"curies":[{"name":"wp","href":"https:\/\/api.w.org\/{rel}","templated":true}]}}