{"id":36733,"date":"2019-11-02T12:23:15","date_gmt":"2019-11-02T16:23:15","guid":{"rendered":"http:\/\/debateplural.com\/?p=36733"},"modified":"2019-11-02T12:32:24","modified_gmt":"2019-11-02T16:32:24","slug":"factores-externos-en-el-caso-chileno","status":"publish","type":"post","link":"https:\/\/debateplural.net\/site\/2019\/11\/02\/factores-externos-en-el-caso-chileno\/","title":{"rendered":"Factores externos en el caso chileno"},"content":{"rendered":"<p>Oscar Bravo (Aporrea, 1-11-19)<\/p>\n<p>&nbsp;<\/p>\n<p>Existen m\u00faltiples e infinidades manera ver e interpretar a la praxis pol\u00edtica, que van desde el estudio de las relaciones de poder, como una manera civilizada de hacer la guerra, hasta que es el arte de lo posible\u2026y son en \u00e9stas aproximaciones epistemol\u00f3gicas, las que nos permite intentar construir un acercamiento a una definici\u00f3n que encaje en la din\u00e1mica social, para encontramos con los que dicen, que en pol\u00edtica todo es posible, que los argumentos pol\u00edticos de ayer, pueden cambiar ma\u00f1ana, o que todo es pendular e inestable\u2026<\/p>\n<p>La anterior reflexi\u00f3n, es para decir, que en pol\u00edtica, \"uno nunca deja de sorprenderse\", cuando el discurso pol\u00edtico imperial, acusa al \"injerencismo\" de toda la agitaci\u00f3n social, protestas y manifestaciones multitudinaria de chilenas y chilenos, y que no hay razones objetivas para pedir la renuncia del presidente Pi\u00f1era, y que todo lo malo que ocurre, es por culpa de factores externos!!&#8230;<\/p>\n<p>Como olvidar lo que sucedi\u00f3 precisamente en Chile, hace 46 a\u00f1os, cuando en septiembre de 1973, el gobierno estadounidense, se involucr\u00f3 de manera determinante en desestabilizar y hacer chillar a la econom\u00eda chilena, para crear las condiciones m\u00e1s adecuadas, para desalojar del poder al m\u00e9dico socialista, Salvador Allende, quien era el presidente constitucional y leg\u00edtimo, pero que se convirti\u00f3 en un objetivo pol\u00edtico de la derecha internacional\u2026<\/p>\n<p>Mayor iron\u00eda del imperio, imposible!&#8230;el pa\u00eds m\u00e1s injerencista, desestabilizador, intervencionista y golpista de toda la historia de la humanidad, y que ahora viene a descubrir de que si existen \"los factores externos\", y s\u00f3lo lo hacen con la perversa intenci\u00f3n de construir toda una nefasta matriz de opini\u00f3n para culpar a \"la izquierda suramericana\" de todos los actos violentos, muertos y heridos, en Chile\u2026con un mensaje pol\u00edtico totalmente manipulado y alejado de la realidad social: \"la culpa es de Maduro y sus colectivos\", que andan acabando con la paz social de una poderosa y feliz naci\u00f3n chilena, que tienen un significativo e importante desarrollo econ\u00f3mico, con un alt\u00edsimo bienestar general, libres y felices\u2026<\/p>\n<p>Ahora el imperio, \"reconoce\" que los factores externos, tienen un papel preponderante para lograr desestabilizar a cualquier sistema pol\u00edtico y aumentar de intensidad los ambientes de \"calma tensa\" y acciones de calle\u2026pero jam\u00e1s van a \"reconocer\" que las molestias del pueblo chileno, se deben a los evidentes fracasos de las pol\u00edticas econ\u00f3micas neoliberales de un gobierno chileno pro imperialista\u2026<\/p>\n<p>Con raz\u00f3n siempre se ha dicho, de que en EEUU no hay golpe de Estado, porque no tienen una embajada estadounidense en su territorio\u2026<\/p>\n","protected":false},"excerpt":{"rendered":"<p>Oscar Bravo (Aporrea, 1-11-19) &nbsp; Existen m\u00faltiples e infinidades manera ver e interpretar a la praxis pol\u00edtica, que van desde el estudio de las relaciones de poder, como una manera civilizada de hacer la guerra, hasta que es el arte de lo posible\u2026y son en \u00e9stas aproximaciones epistemol\u00f3gicas, las que nos permite intentar construir un [&hellip;]<\/p>\n","protected":false},"author":1,"featured_media":36521,"comment_status":"open","ping_status":"open","sticky":false,"template":"","format":"standard","meta":{"footnotes":""},"categories":[14,12],"tags":[],"class_list":["post-36733","post","type-post","status-publish","format-standard","has-post-thumbnail","hentry","category-internacionales","category-politica-3"],"_links":{"self":[{"href":"https:\/\/debateplural.net\/site\/wp-json\/wp\/v2\/posts\/36733"}],"collection":[{"href":"https:\/\/debateplural.net\/site\/wp-json\/wp\/v2\/posts"}],"about":[{"href":"https:\/\/debateplural.net\/site\/wp-json\/wp\/v2\/types\/post"}],"author":[{"embeddable":true,"href":"https:\/\/debateplural.net\/site\/wp-json\/wp\/v2\/users\/1"}],"replies":[{"embeddable":true,"href":"https:\/\/debateplural.net\/site\/wp-json\/wp\/v2\/comments?post=36733"}],"version-history":[{"count":1,"href":"https:\/\/debateplural.net\/site\/wp-json\/wp\/v2\/posts\/36733\/revisions"}],"predecessor-version":[{"id":36734,"href":"https:\/\/debateplural.net\/site\/wp-json\/wp\/v2\/posts\/36733\/revisions\/36734"}],"wp:featuredmedia":[{"embeddable":true,"href":"https:\/\/debateplural.net\/site\/wp-json\/wp\/v2\/media\/36521"}],"wp:attachment":[{"href":"https:\/\/debateplural.net\/site\/wp-json\/wp\/v2\/media?parent=36733"}],"wp:term":[{"taxonomy":"category","embeddable":true,"href":"https:\/\/debateplural.net\/site\/wp-json\/wp\/v2\/categories?post=36733"},{"taxonomy":"post_tag","embeddable":true,"href":"https:\/\/debateplural.net\/site\/wp-json\/wp\/v2\/tags?post=36733"}],"curies":[{"name":"wp","href":"https:\/\/api.w.org\/{rel}","templated":true}]}}