{"id":36743,"date":"2019-11-05T11:16:05","date_gmt":"2019-11-05T15:16:05","guid":{"rendered":"http:\/\/debateplural.com\/?p=36743"},"modified":"2019-11-05T11:16:05","modified_gmt":"2019-11-05T15:16:05","slug":"sobre-las-bravuconadas-neofascistas-y-la-cobardia","status":"publish","type":"post","link":"https:\/\/debateplural.net\/site\/2019\/11\/05\/sobre-las-bravuconadas-neofascistas-y-la-cobardia\/","title":{"rendered":"Sobre las bravuconadas neofascistas y la cobard\u00eda"},"content":{"rendered":"<p>Dilma Rosseff (Rebelion, 5-11-19)<\/p>\n<p>&nbsp;<\/p>\n<p><i>El pasado 31 de noviembre el hijo del presidente brasile\u00f1o Jair Bolsonaro y l\u00edder del PSL en la C\u00e1mara, Eduardo Bolsonaro, afirm\u00f3, en una\u00a0<a href=\"https:\/\/www.youtube.com\/watch?v=m_cyKtlTpL4\">entrevista concedida a la presentadora Leda Nagle en su canal de Youtube<\/a>, que de producirse una radicalizaci\u00f3n de la izquierda brasile\u00f1a ser\u00eda conveniente resucitar el AI-5, que aprob\u00f3 la dictadura militar brasile\u00f1a en 1968 para facultar de poderes extraordinarios al presidente de la Rep\u00fablica y anulaba las garant\u00edas procesales y constitucionales.<\/i><\/p>\n<p><i>En respuesta a esas declaraciones,\u00a0<\/i><i><a href=\"https:\/\/politica.estadao.com.br\/noticias\/geral,ex-presidentes-criticam-fala-de-eduardo-sobre-ai-5,70003074208\">Felipe Frazao, del\u00a0peri\u00f3dico\u00a0Estado de Sao Paulo, realiz\u00f3 una ronda de preguntas<\/a>\u00a0a los expresidentes\u00a0Collor, FHC, Dilma\u00a0y Temer. La respuesta de\u00a0la expresidenta Dilma Roussef -v\u00edctima de torturas durante la dictadura militar- recogida en el siguiente texto, fue sustancialmente abreviada en el mencionado art\u00edculo.<br \/>\n<\/i><\/p>\n<blockquote dir=\"ltr\"><p><i><b>Sobre las bravuconadas neofascistas y la cobard\u00eda<\/b><br \/>\n<\/i><\/p>\n<p>Nadie, en los \u00f3rganos de prensa, puede decir que est\u00e1 sorprendido por las opiniones del diputado Eduardo Bolsonaro a favor del AI-5. Ciertamente, nadie puede sorprenderse porque ya son varias las manifestaciones en contra de la democracia por parte de la familia Bolsonaro.Defendieron la dictadura militar y, por lo tanto, el AI-5; alabaron reg\u00edmenes totalitarios y a dictadores; homenajearon al torturador y a la tortura; confraternizaron con milicianos. Desde siempre pensaron y actuaron a favor de una vuelta al pasado.<\/p>\n<p>Antes de las elecciones no hab\u00eda dudas a respeto. Durante las elecciones y tras ellas, mucho menos, ya que se manifestaron en contra de la democracia y de sus principios civilizatorios siempre tuvieron la oportunidad de hacerlo.<\/p>\n<p>Lo grave es que nunca recibieron de la prensa la oposici\u00f3n en\u00e9rgica que merec\u00edan. Al contrario, creo que la prensa hizo la vista gorda al crecimiento del neofascismo bolsonarista, porque este adopt\u00f3 la agenda neoliberal.<\/p>\n<p>La cuesti\u00f3n es que, aparte de las cuestiones propias del neofascismo, la extrema derecha defiende la retirada de derechos y de garant\u00edas al trabajo y a la jubilaci\u00f3n; las privatizaciones desnacionalizantes de las empresas p\u00fablicas y de la educaci\u00f3n universitaria y la suspensi\u00f3n de la fiscalizaci\u00f3n y de la protecci\u00f3n ambiental de la Amazonia y de las poblaciones ind\u00edgenas. No es posible alegar sorpresa o asustarse ante la defensa del AI-5. Verdaderamente, en aras de poner en marcha la agenda neoliberal, en la mejor de las hip\u00f3tesis se desentendieron creyendo que podr\u00edan cooptar o moderar a Bolsonaro.<\/p>\n<p>Pero la defensa del AI-5 y de la dictadura siempre estuvo en su discurso.<\/p>\n<p>Acord\u00e9monos de que el llamado hijo 03, que ahora dice que considera el AI-5 necesario, es el mismo que, hace alg\u00fan tiempo, dijo que \u201cun soldado y un cabo\u201d sobraban para cerrar el STF. Obviamente, sin el poder coercitivo del AI-5, esto nunca ser\u00eda posible.<\/p>\n<p>El presidente, entonces diputado, defendi\u00f3 en el pleno de la C\u00e1mara un voto con el que homenaje\u00f3 a uno de los m\u00e1s notorios y sanguinarios torturadores del r\u00e9gimen militar. Recordemos que ese coronel actu\u00f3 con semejante brutalidad contra los opositores del r\u00e9gimen militar porque estaba protegido por el AI-5.<\/p>\n<p>Jair Bolsonaro afirm\u00f3 en una entrevista que la dictadura militar cometi\u00f3 pocos asesinatos de opositores pol\u00edticos. Y que los militares deb\u00edan haber matado \u201cpor lo menos unos 30 mil\u201d. Tambi\u00e9n afirm\u00f3, en la campa\u00f1a del a\u00f1o pasado, que, si venciera las elecciones, s\u00f3lo le quedar\u00edan dos caminos a los petistas \u2013el exilio o la prisi\u00f3n\u2013, pero&#8230; \u00bfde qu\u00e9 forma se podr\u00eda conseguir eso si no es por medio de la fuerza brutal de un acto institucional como el AI-5?<\/p>\n<p>Es extra\u00f1o que me pregunten que es lo que pienso de la \u00faltima declaraci\u00f3n sobre el AI-5, ya que toda mi vida luch\u00e9, y contin\u00fao luchando, contra el AI-5, sus semejantes y sus defensores. El\u00a0<i>Estad\u00e3o<\/i>, que me hace esta pregunta, tambi\u00e9n debe y tiene que responder esa pregunta, ya que su posici\u00f3n editorial ha sido, d\u00edgase con mucha gentileza, como m\u00ednimo ambigua ante el ascenso de la extrema derecha en el Pa\u00eds.<\/p>\n<p>Qui\u00e9n nunca cuestion\u00f3 las amenazas de la familia Bolsonaro con la firmeza necesaria y que, en nombre de una oposici\u00f3n ciega, cobarde e irracional al PT, se inhibi\u00f3 ante el crecimiento del odio y de la extrema derecha, se hizo c\u00f3mplice de la desafortunada defensa del autoritarismo neofascista.<\/p><\/blockquote>\n","protected":false},"excerpt":{"rendered":"<p>Dilma Rosseff (Rebelion, 5-11-19) &nbsp; El pasado 31 de noviembre el hijo del presidente brasile\u00f1o Jair Bolsonaro y l\u00edder del PSL en la C\u00e1mara, Eduardo Bolsonaro, afirm\u00f3, en una\u00a0entrevista concedida a la presentadora Leda Nagle en su canal de Youtube, que de producirse una radicalizaci\u00f3n de la izquierda brasile\u00f1a ser\u00eda conveniente resucitar el AI-5, que [&hellip;]<\/p>\n","protected":false},"author":1,"featured_media":36724,"comment_status":"open","ping_status":"open","sticky":false,"template":"","format":"standard","meta":{"footnotes":""},"categories":[14,12],"tags":[],"class_list":["post-36743","post","type-post","status-publish","format-standard","has-post-thumbnail","hentry","category-internacionales","category-politica-3"],"_links":{"self":[{"href":"https:\/\/debateplural.net\/site\/wp-json\/wp\/v2\/posts\/36743"}],"collection":[{"href":"https:\/\/debateplural.net\/site\/wp-json\/wp\/v2\/posts"}],"about":[{"href":"https:\/\/debateplural.net\/site\/wp-json\/wp\/v2\/types\/post"}],"author":[{"embeddable":true,"href":"https:\/\/debateplural.net\/site\/wp-json\/wp\/v2\/users\/1"}],"replies":[{"embeddable":true,"href":"https:\/\/debateplural.net\/site\/wp-json\/wp\/v2\/comments?post=36743"}],"version-history":[{"count":1,"href":"https:\/\/debateplural.net\/site\/wp-json\/wp\/v2\/posts\/36743\/revisions"}],"predecessor-version":[{"id":36744,"href":"https:\/\/debateplural.net\/site\/wp-json\/wp\/v2\/posts\/36743\/revisions\/36744"}],"wp:featuredmedia":[{"embeddable":true,"href":"https:\/\/debateplural.net\/site\/wp-json\/wp\/v2\/media\/36724"}],"wp:attachment":[{"href":"https:\/\/debateplural.net\/site\/wp-json\/wp\/v2\/media?parent=36743"}],"wp:term":[{"taxonomy":"category","embeddable":true,"href":"https:\/\/debateplural.net\/site\/wp-json\/wp\/v2\/categories?post=36743"},{"taxonomy":"post_tag","embeddable":true,"href":"https:\/\/debateplural.net\/site\/wp-json\/wp\/v2\/tags?post=36743"}],"curies":[{"name":"wp","href":"https:\/\/api.w.org\/{rel}","templated":true}]}}