{"id":36759,"date":"2019-11-05T14:05:52","date_gmt":"2019-11-05T18:05:52","guid":{"rendered":"http:\/\/debateplural.com\/?p=36759"},"modified":"2019-11-05T14:05:52","modified_gmt":"2019-11-05T18:05:52","slug":"america-latina-en-pie-de-lucha-contra-el-neoliberalismo","status":"publish","type":"post","link":"https:\/\/debateplural.net\/site\/2019\/11\/05\/america-latina-en-pie-de-lucha-contra-el-neoliberalismo\/","title":{"rendered":"Am\u00e9rica Latina, en pie de lucha contra el neoliberalismo"},"content":{"rendered":"<p>Vicky Pel\u00e1ez (Sputnik, 31-10-19)<\/p>\n<p>&nbsp;<\/p>\n<div class=\"b-article__lead\">\n<p>El neoliberalismo impuesto en escala global desde el Gobierno de Ronald Reagan como \u00fanico camino hacia el crecimiento econ\u00f3mico ha sufrido una tremenda ca\u00edda en Am\u00e9rica Latina.<\/p>\n<\/div>\n<div class=\"b-article__text\">\n<p><em>La verdad raramente es pura y nunca es simple\u00a0(Oscar Wilde, 1854-1900)<\/em><\/p>\n<p>La explosi\u00f3n popular en Chile \u2014pa\u00eds considerado como modelo durante m\u00e1s de 40 a\u00f1os\u2014, la derrota del seguidor incondicional del Fondo Monetario Internacional \u2014Mauricio Macri en Argentina\u2014, el estallido social en Ecuador, el triunfo indiscutible de Evo Morales en Bolivia, la casi victoria del candidato del Frente Amplio \u2014Daniel Mart\u00ednez en Uruguay\u2014 y la existencia del gobierno populista de Andr\u00e9s Manuel L\u00f3pez Obrador en M\u00e9xico indican que\u00a0<strong>este sistema econ\u00f3mico est\u00e1 agotado<\/strong>.<\/p>\n<p>Lo interesante es que ning\u00fan analista y partidario del neoliberalismo global estaba preparado para la repentina rebeli\u00f3n latinoamericana que hizo desmitificar este modelo econ\u00f3mico y presentarlo en toda su desnudez. Carlos Heller, un pol\u00edtico argentino,\u00a0<a href=\"https:\/\/www.pagina12.com.ar\/227564-en-argentina-el-estallido-fue-en-las-urnas\" target=\"_blank\" rel=\"nofollow noopener\">coment\u00f3<\/a>\u00a0que \"el neoliberalismo opera en la escala global como una especie de bomba de succi\u00f3n que traslada recursos de las mayor\u00edas hacia las minor\u00edas\".<\/p>\n<p>En otras palabras, este sistema econ\u00f3mico concentra los recursos pero nunca los derrama. El think tank Credit Suisse Research Institute en su informe\u00a0<em>Global Wealth Report 2019<\/em>\u00a0<a href=\"https:\/\/www.fundssociety.com\/es\/noticias\/private-banking\/la-riqueza-mundial-crece-un-26-impulsada-por-eeuu-y-china-a-pesar-de-las-tensiones-comerciales\" target=\"_blank\" rel=\"nofollow noopener\">revel\u00f3<\/a>\u00a0que la riqueza global de los \"millonarios creci\u00f3 hasta 360 millones de d\u00f3lares entre mediados de 2018 y mediados de 2019&#8243;. Tambi\u00e9n sigui\u00f3 aumentando la desigualdad a escala global cuando el \"45% de la riqueza est\u00e1 en manos del 1% m\u00e1s rico, mientras que la mitad de la poblaci\u00f3n m\u00e1s pobre posee menos del 1% de este patrimonio mundial\".<\/p>\n<p>Para los promotores de este modelo, la desigualdad econ\u00f3mica no es negativa mientras est\u00e9 acompa\u00f1ada por la disminuci\u00f3n de la pobreza sin querer darse cuenta que el crecimiento de la desigualdad social y econ\u00f3mica est\u00e1 pauperizando a la clase media y cierra el camino de los pobres hacia su bienestar.<\/p>\n<p>Chile despu\u00e9s del\u00a0<a href=\"https:\/\/mundo.sputniknews.com\/america-latina\/201809111081908979-chile-dictadura-pinochet-allende-bombardeo-moneda-consecuencias\/\" target=\"_blank\" rel=\"noopener\">golpe de Estado<\/a>\u00a0de Pinochet en 1973 se convirti\u00f3 en el laboratorio del neoliberalismo inaugurado con la represi\u00f3n, secuestros, exilio, relegaciones, allanamientos, tortura, ejecuci\u00f3n de opositores, desapariciones forzadas que facilitaron la aplicaci\u00f3n de las reformas econ\u00f3micas elaboradas por el grupo Chicago Boys de Milton Friedman y Arnold Harberger.<\/p>\n<p>La privatizaci\u00f3n de corporaciones estatales, las medidas de austeridad, la represi\u00f3n de toda la oposici\u00f3n y el control estatal de sindicatos fueron aplicados con facilidad debido al miedo que impuso la dictadura, y produciendo en Chile un trauma psicosocial que, de acuerdo a los estudios del Instituto Latinoamericano de Salud Mental y Derechos Humanos (ILAS), generalmente dura no menos de 30 a\u00f1os. Es decir,\u00a0<a href=\"http:\/\/biblioteca.clacso.edu.ar\/Chile\/di-uarcis\/20120921040402\/tocor.pdf\" target=\"_blank\" rel=\"nofollow noopener\">persiste<\/a>\u00a0durante unas tres generaciones. Y as\u00ed sucedi\u00f3 en Chile, donde Pinochet supo atar todos los aspectos de la vida de sus ciudadanos y aplastar a sangre y fuego la sociedad chilena en nombre de la estabilidad, el desarrollo, el orden, la sensatez y el \u00e9xito.<\/p>\n<p>El modelo econ\u00f3mico y social impuesto por la dictadura fue avalado por la Constituci\u00f3n de 1980 que los gobiernos de Concertaci\u00f3n Pol\u00edtica de Patricio Aylwin (1990-1994), Eduardo Frei (1994-2000), Ricardo Lagos (2000-2006) y Michelle Bachelet (2006-2010) no se atrevieron ni siquiera a modificar. Tampoco cambiaron el orden impuesto por el r\u00e9gimen de Augusto Pinochet. Segu\u00edan pasando los a\u00f1os y el modelo impuesto por la dictadura se convert\u00eda por los medios de comunicaci\u00f3n globalizada cada vez m\u00e1s en un ejemplo del \u00e9xito mientras\u00a0<a href=\"https:\/\/mundo.sputniknews.com\/radio_contante_y_sonante\/201910231089068935-chile-el-modelo-economico-detras-de-las-protestas\/\" target=\"_blank\" rel=\"noopener\">la desigualdad crec\u00eda<\/a>, los sueldos de la mayor\u00eda de los chilenos estaban por debajo de los sue\u00f1os, la educaci\u00f3n privada era cada vez m\u00e1s inaccesible y la p\u00fablica, escasa, y las AFP estaban ganando cada vez m\u00e1s mientras los jubilados ten\u00edan pensiones de hambre.<\/p>\n<p>Tuvieron que pasar 46 a\u00f1os para que se agote la paciencia del pueblo y se produzca un estallido de indignaci\u00f3n saliendo solamente en la capital m\u00e1s de un mill\u00f3n de chilenos a protestar. Ni la abolici\u00f3n del incremento de la tarifa del metro ni la represi\u00f3n y la militarizaci\u00f3n de las calles y el toque de queda han llegado a acallar las marchas y protestas. Pero\u00a0<a href=\"https:\/\/mundo.sputniknews.com\/sociedad\/201910231089070474-los-estudiantes-y-la-chispa-de-las-protestas-en-chile-de-los-pinguinos-a-instagram-\/\" target=\"_blank\" rel=\"noopener\">este estallido fue precedido<\/a>\u00a0por la llamada Revoluci\u00f3n de los ping\u00fcinos en 2006, cuando 600.000 estudiantes secundarios salieron a exigir el derecho a la educaci\u00f3n. Cinco a\u00f1os despu\u00e9s, en 2011, los estudiantes universitarios organizaron la Primavera de Chile cuando se sublevaron contra la privatizaci\u00f3n de la ense\u00f1anza. El mismo a\u00f1o el pueblo mapuche empez\u00f3 su lucha de resistencia.<\/p>\n<p>Los psic\u00f3logos han tenido raz\u00f3n cuando afirmaron que se necesitaba\u00a0<a href=\"https:\/\/mundo.sputniknews.com\/america-latina\/201910221089057254-no-son-30-pesos-son-30-anos-de-abuso-sindicalista-explica-las-protestas-en-chile\/\" target=\"_blank\" rel=\"noopener\">no menos de 30 a\u00f1os<\/a>\u00a0para que los seres humanos sean capaces de superar el trauma psicosocial producido por la represi\u00f3n de la dictadura. Al declarar el presidente Sebasti\u00e1n Pi\u00f1era que desde el 18 de octubre \"<a href=\"https:\/\/mundo.sputniknews.com\/america-latina\/201910211089045159-presidente-de-chile-asegura-que-su-pais-esta-en-guerra\/\" target=\"_blank\" rel=\"noopener\">estamos en guerra<\/a>\u00a0contra un enemigo poderoso, que est\u00e1 dispuesto a usar la violencia sin ning\u00fan l\u00edmite\", la indignaci\u00f3n del pueblo chileno creci\u00f3 a\u00fan m\u00e1s porque este \"enemigo poderoso\" estaba representado por los hombres y mujeres chilenos que ya perdieron miedo a la represi\u00f3n y a la violencia del Estado. Seg\u00fan los documentos del Instituto Nacional de los Derechos Humanos (0INDH) de Chile, durante 11 d\u00edas de protestas que siguen adelante hasta el env\u00edo de este art\u00edculo,\u00a0<a href=\"https:\/\/mundo.sputniknews.com\/america-latina\/201910291089149909-gobierno-de-chile-actualiza-a-20-la-cifra-de-muertos-en-protestas\/\" target=\"_blank\" rel=\"noopener\">20 personas murieron<\/a>, 3.162 fueron detenidas y 1.092 fueron heridas: de ellas 237 por perdigones y 272 por armas de fuego.<\/p>\n<p>Entre los heridos hay 60 ni\u00f1os y adolescentes. Tambi\u00e9n el INDH registr\u00f3 50 querellas por tortura, actos crueles, inhumanos y degradantes durante la detenci\u00f3n y 17 casos de violencia sexual. La Coordinadora Ni Una Menos y Feministas Aut\u00f3nomas denunci\u00f3 la\u00a0<a href=\"https:\/\/www.pagina12.com.ar\/228077-chile-denuncian-la-desaparicion-de-mujeres\" target=\"_blank\" rel=\"nofollow noopener\">desaparici\u00f3n de 13 mujeres<\/a>\u00a0desde el viernes 18 de octubre. A pesar de todo esto el pueblo chileno sigue la lucha contra la injusticia y la desigualdad impuesta por el neoliberalismo.<\/p>\n<p>Mientras en Chile su\u00a0<strong><a href=\"https:\/\/mundo.sputniknews.com\/trend\/violentas_protestas_chile\/\" target=\"_blank\" rel=\"noopener\">pueblo sali\u00f3 a las calles<\/a><\/strong>\u00a0para protestar contra el sistema econ\u00f3mico y pol\u00edtico impuesto por el Fondo Monetario Internacional, en Argentina hubo\u00a0<a href=\"https:\/\/mundo.sputniknews.com\/america-latina\/201910281089139521-el-pueblo-argentino-derroto-en-las-urnas-al-salvaje-modelo-neoliberal-impuesto-por-el-fmi\/\" target=\"_blank\" rel=\"noopener\">estallido popular en las urnas<\/a>\u00a0poniendo el fin durante las\u00a0<strong><a href=\"https:\/\/mundo.sputniknews.com\/trend\/elecciones_presidenciales_argentina\/\" target=\"_blank\" rel=\"noopener\">elecciones presidenciales<\/a><\/strong>\u00a0al r\u00e9gimen derechista de Mauricio Macri, considerado por los globalizadores y entre ellos el Premio Nobel de Literatura Mario Vargas Llosa como el ejemplo de aplicaci\u00f3n exitosa del modelo neoliberal. Se olvidaron los que pretenden ser amos del mundo que Mauricio Macri \u2014quien prometi\u00f3 en el 2015 luchar contra la corrupci\u00f3n\u2014 en 2017 apareci\u00f3\u00a0<a href=\"https:\/\/mundo.sputniknews.com\/america-latina\/201904041086513481-influencia-de-papeles-de-panama-en-agenda-publica-en-argentina\/\" target=\"_blank\" rel=\"noopener\">envuelto en los Papeles de Panam\u00e1<\/a>. Durante su presidencia hizo todo lo posible para beneficiar las empresas de su familia con contratos en autopistas, pero a la vez baj\u00f3 significativamente el poder adquisitivo de los argentinos.<\/p>\n<p>En total, la gesti\u00f3n de Macri fue desastrosa en todo: desempleo, aumento de pobreza al 34%, crecimiento de inflaci\u00f3n al 47%, devaluaci\u00f3n del peso, endeudamiento con el FMI de hasta 278.000 millones de d\u00f3lares \u2014es decir, un 72% m\u00e1s\u2014 y la desarticulaci\u00f3n del 40% de la planta productiva que provoc\u00f3 un colapso fabril.<\/p>\n<p>Precisamente por estas cosas, el pueblo,\u00a0<a href=\"https:\/\/www.pagina12.com.ar\/227975-el-corazon\" target=\"_blank\" rel=\"nofollow noopener\">como dijo el periodista argentino<\/a>\u00a0Luis Bruschtein, \"esa multitud que fue calificada como vagos, fan\u00e1ticos, choriplaneros, violentos, chorros que aguant\u00f3 a pie firme la discriminaci\u00f3n, la destrucci\u00f3n de sus trabajos y de sus bolsillos, del futuro de sus hijos, esa multitud hizo derrocar al macrismo\".<\/p>\n<p>Los argentinos dieron el 48,10% de su voto al Frente de Todos, encabezado por Alberto Fern\u00e1ndez, quien\u00a0<a href=\"https:\/\/mundo.sputniknews.com\/america-latina\/201910281089125418-candidato-opositor-argentino-alberto-fernandez-se-impone-con-4721-de-los-votos\/\" target=\"_blank\" rel=\"noopener\">ser\u00e1 el pr\u00f3ximo presidente del pa\u00eds<\/a>, y a Cristina Fern\u00e1ndez de Kirchner, quien asumir\u00e1 la vicepresidencia. Fue precisamente la expresidenta del pa\u00eds, Cristina Fern\u00e1ndez, quien logr\u00f3 formar la convocatoria de la unidad de peronistas y otras fuerzas para derrotar a Macri con la consigna\u00a0<em>Nunca m\u00e1s el neoliberalismo<\/em>. Lo hizo a pesar de ser sometida al circo judicial durante los \u00faltimos cuatro a\u00f1os, allanamientos de su vivienda y ataques contra sus hijos.<\/p>\n<p><a href=\"https:\/\/mundo.sputniknews.com\/america-latina\/201910211089050975-alberto-fernandez-un-operador-dialoguista-en-busca-de-la-presidencia-argentina\/\" target=\"_blank\" rel=\"noopener\">Alberto Fern\u00e1ndez<\/a>\u00a0prometi\u00f3 a sus votantes \"una Argentina solidaria y m\u00e1s igualitaria con el nuevo orden y nueva l\u00f3gica\". Uno de sus primeros gestos fue encontrarse con la presidenta de Abuelas de la Plaza de Mayo, Estela de Carlotto, y saludar a Madres de Plaza de Mayo y Familiares de Desaparecidos y Detenidos por Razones Pol\u00edticas. Ya se sabe que una de las primeras acciones del nuevo Gobierno, que asumir\u00e1 sus funciones el pr\u00f3ximo 10 de diciembre, va a ser la implementaci\u00f3n de la Ley de Emergencia Alimentaria. En un reciente art\u00edculo la periodista argentina Victoria Ginzberg\u00a0<a href=\"https:\/\/www.pagina12.com.ar\/227712-se-va-macri\" target=\"_blank\" rel=\"nofollow noopener\">afirm\u00f3<\/a>\u00a0que por fin vamos a tener \"un presidente con el que podremos enojarnos y amargarnos, pedirle m\u00e1s, exigirle m\u00e1s, como \u00e9l mismo dijo, si no cumple con lo que prometi\u00f3\".<\/p>\n<p>No cabe duda que al nuevo Gobierno del Frente de Todos le espera un trabajo tit\u00e1nico para recomponer la econom\u00eda y que ser\u00e1 muy dif\u00edcil dar primeros pasos en la direcci\u00f3n contraria al neoliberalismo. No hay que olvidar que Am\u00e9rica Latina est\u00e1\u00a0<strong>bajo una mirada permanente de Washington<\/strong>, cuyos l\u00edderes siguen implementando la consigna elaborada por la exsecretaria de Estado Condoleezza Rice, que consiste en \"crear nuevos mecanismos para reprender a aquellos pa\u00edses que se apartan del camino democr\u00e1tico\". En otras palabras, a los que empiezan a renegar del neoliberalismo. Venezuela es la v\u00edctima del ojo que todo lo ve del Big Brother.<\/p>\n<p>Ya uno de los m\u00e1s incondicionales de Estados Unidos, el presidente de Brasil, Jair Bolsonaro,\u00a0<a href=\"https:\/\/mundo.sputniknews.com\/america-latina\/201910281089134447-bolsonaro-afirma-que-argentina-escogio-mal-y-que-no-piensa-felicitar-a-fernandez\/\" target=\"_blank\" rel=\"noopener\">se mostr\u00f3 descontento<\/a>\u00a0con los resultados de las elecciones en Argentina al declarar que \"Argentina eligi\u00f3 mal. No pienso a felicitar a Fern\u00e1ndez. Argentina puede ser apartada del Mercosur\". Bolsonaro expres\u00f3 su mayor molestia por el retorno al poder de Cristina Fern\u00e1ndez debido a su cercan\u00eda con Nicol\u00e1s Maduro, Lula da Silva, Dilma Rousseff y Evo Morales.<\/p>\n<p>Lo extra\u00f1o que est\u00e1 pasando en el pa\u00eds de Evo Morales es que mientras en Argentina, Chile y Ecuador su pueblo repudia al neoliberalismo, un gran sector de la poblaci\u00f3n de Bolivia, el pa\u00eds con\u00a0<a href=\"https:\/\/mundo.sputniknews.com\/america-latina\/201910161088998198-morales-dejaria-una-bolivia-realineada-internacionalmente-y-con-gran-crecimiento-economico\/\" target=\"_blank\" rel=\"noopener\">mayor crecimiento econ\u00f3mico<\/a>\u00a0en la regi\u00f3n, quiere variar el proceso y retornar al neoliberalismo. Durante las recientes elecciones presidenciales Evo Morales\u00a0<a href=\"https:\/\/mundo.sputniknews.com\/america-latina\/201910241089083931-evo-morales-logra-ventaja-necesaria-para-reeleccion-en-bolivia\/\" target=\"_blank\" rel=\"noopener\">obtuvo el 47,07%<\/a>\u00a0de los votos, qued\u00e1ndose\u00a0<a href=\"https:\/\/mundo.sputniknews.com\/america-latina\/201910171089011880-carlos-mesa-el-intelectual-que-solo-cree-en-si-mismo-para-ser-presidente-de-bolivia\/\" target=\"_blank\" rel=\"noopener\">Carlos Mesa<\/a>\u00a0en el segundo lugar con el 36,51%. Inmediatamente desde Washington el servidor incondicional de EEUU, el secretario general de la OEA, Luis Almagro, declar\u00f3 no reconocer la victoria de Evo Morales, como si la OEA estuviera por encima de la Constituci\u00f3n de Bolivia.<\/p>\n<p>La Coordinadora Nacional de la Democracia que incluye opositores de la derecha, centroizquierda, comit\u00e9s proc\u00edvicos, comit\u00e9s militares y comit\u00e9s de polic\u00edas retirados declar\u00f3 desde el anuncio del Tribunal Supremo Electoral (TSE) al ganador Evo Morales, el inicio del paro nacional, marchas de protesta para crear\u00a0<strong><a href=\"https:\/\/mundo.sputniknews.com\/trend\/protestas_en_bolivia_tras_elecciones\/\" target=\"_blank\" rel=\"noopener\">estado de crisis total<\/a><\/strong>\u00a0acompa\u00f1ado por la violencia.<\/p>\n<p>El vicepresidente de Bolivia, \u00c1lvaro Garc\u00eda Linera, ya se\u00f1al\u00f3 a Carlos S\u00e1nchez Berzain y al millonario boliviano Branko Marinkovic como los promotores y financistas de la violencia en el pa\u00eds. Carlos S\u00e1nchez Berzain, exministro de Gobierno y de Defensa en el Gobierno de Gonzalo S\u00e1nchez de Lozada, reside en EEUU y recientemente public\u00f3 el libro\u00a0<em>Castrochavismo: crimen organizado en las Am\u00e9ricas<\/em>. Branko Marinkovic, de origen montenegrino, es pr\u00f3fugo de la justicia boliviana por organizar y financiar entre 2006 y 2008 una banda armada terrorista para lucha por la secesi\u00f3n de la Media Luna de Bolivia, una zona ubicada en el oriente del pa\u00eds con abundantes yacimientos de hidrocarburos integrada por los Departamentos de Tarija, Santa Cruz, Beni y Pando.<\/p>\n<p>Los 30 auditores de la OEA que ya est\u00e1n en Bolivia dif\u00edcilmente van a apoyar los resultados de la votaci\u00f3n. Evo Morales, por su acercamiento a Rusia y su pol\u00edtica independiente, est\u00e1 irritando a Washington desde hace mucho tiempo. Entonces,\u00a0<strong>el futuro de Bolivia est\u00e1 en manos de su pueblo<\/strong>. Mientras, miles de ind\u00edgenas campesinos, mineros y el grueso de la Confederaci\u00f3n Obrera de Bolivia (COB) llegaron a la capital y salieron a las calles para defender los resultados de la elecci\u00f3n y amenazan a los opositores al servicio de EEUU con el \"uso de dinamita que\u00a0<a href=\"https:\/\/www.paginasiete.bo\/nacional\/2019\/10\/30\/huarachi-uso-de-la-dinamita-es-historico-democratico-235903.html\" target=\"_blank\" rel=\"nofollow noopener\">es hist\u00f3rico y democr\u00e1tico<\/a>\".<\/p>\n<\/div>\n","protected":false},"excerpt":{"rendered":"<p>Vicky Pel\u00e1ez (Sputnik, 31-10-19) &nbsp; El neoliberalismo impuesto en escala global desde el Gobierno de Ronald Reagan como \u00fanico camino hacia el crecimiento econ\u00f3mico ha sufrido una tremenda ca\u00edda en Am\u00e9rica Latina. La verdad raramente es pura y nunca es simple\u00a0(Oscar Wilde, 1854-1900) La explosi\u00f3n popular en Chile \u2014pa\u00eds considerado como modelo durante m\u00e1s de [&hellip;]<\/p>\n","protected":false},"author":1,"featured_media":36454,"comment_status":"open","ping_status":"open","sticky":false,"template":"","format":"standard","meta":{"footnotes":""},"categories":[14,12],"tags":[],"class_list":["post-36759","post","type-post","status-publish","format-standard","has-post-thumbnail","hentry","category-internacionales","category-politica-3"],"_links":{"self":[{"href":"https:\/\/debateplural.net\/site\/wp-json\/wp\/v2\/posts\/36759"}],"collection":[{"href":"https:\/\/debateplural.net\/site\/wp-json\/wp\/v2\/posts"}],"about":[{"href":"https:\/\/debateplural.net\/site\/wp-json\/wp\/v2\/types\/post"}],"author":[{"embeddable":true,"href":"https:\/\/debateplural.net\/site\/wp-json\/wp\/v2\/users\/1"}],"replies":[{"embeddable":true,"href":"https:\/\/debateplural.net\/site\/wp-json\/wp\/v2\/comments?post=36759"}],"version-history":[{"count":1,"href":"https:\/\/debateplural.net\/site\/wp-json\/wp\/v2\/posts\/36759\/revisions"}],"predecessor-version":[{"id":36760,"href":"https:\/\/debateplural.net\/site\/wp-json\/wp\/v2\/posts\/36759\/revisions\/36760"}],"wp:featuredmedia":[{"embeddable":true,"href":"https:\/\/debateplural.net\/site\/wp-json\/wp\/v2\/media\/36454"}],"wp:attachment":[{"href":"https:\/\/debateplural.net\/site\/wp-json\/wp\/v2\/media?parent=36759"}],"wp:term":[{"taxonomy":"category","embeddable":true,"href":"https:\/\/debateplural.net\/site\/wp-json\/wp\/v2\/categories?post=36759"},{"taxonomy":"post_tag","embeddable":true,"href":"https:\/\/debateplural.net\/site\/wp-json\/wp\/v2\/tags?post=36759"}],"curies":[{"name":"wp","href":"https:\/\/api.w.org\/{rel}","templated":true}]}}