{"id":36854,"date":"2019-11-08T12:21:49","date_gmt":"2019-11-08T16:21:49","guid":{"rendered":"http:\/\/debateplural.com\/?p=36854"},"modified":"2019-11-08T12:21:49","modified_gmt":"2019-11-08T16:21:49","slug":"el-desenlace-lo-decidiran-los-pueblos","status":"publish","type":"post","link":"https:\/\/debateplural.net\/site\/2019\/11\/08\/el-desenlace-lo-decidiran-los-pueblos\/","title":{"rendered":"El desenlace, lo decidir\u00e1n los pueblos"},"content":{"rendered":"<p>Angel Guerra (Cubadebate, 7-11-19)<\/p>\n<p>&nbsp;<\/p>\n<p><strong>Una potente contraofensiva popular recorre\u00a0<a href=\"http:\/\/www.cubadebate.cu\/opinion\/2018\/07\/19\/america-latina-amenazada-con-retroceder\/#.XcRTz1VKjIU\">nuestra Am\u00e9rica<\/a>\u00a0y m\u00e1s all\u00e1<\/strong>. En tierras latinocaribe\u00f1as podr\u00eda decirse que comenz\u00f3 por Hait\u00ed en enero de este a\u00f1o, se reaviv\u00f3 la llama de la lucha en Honduras, que en octubre logr\u00f3 una importante demostraci\u00f3n a escala nacional, mientras en Ecuador estallaba una sublevaci\u00f3n ind\u00edgena y popular contra un paquetazo del Fondo Monetario Internacional (FMI).<\/p>\n<p>A finales de ese mes una gran rebeli\u00f3n con votos en Argentina, en rechazo al gobierno de Mauricio Macri, sus pol\u00edticas de hambre y desempleo neoliberales y al arrasamiento de la econom\u00eda y las condiciones sociales de vida por los condicionamientos, igualmente, de un pr\u00e9stamo del FMI.<\/p>\n<p><strong>Casi a la par que en Ecuador, en Chile se produc\u00eda una insurrecci\u00f3n antineoliberal pac\u00edfica que ha crecido impetuosamente,<\/strong>\u00a0al abarcar desde sectores muy desfavorecidos a clase media alta y extenderse sin pausa a todo el territorio nacional hasta la actualidad, cuando contin\u00faa desafiando diariamente en las calles una ola represiva Pi\u00f1erapinochetista.<\/p>\n<p>No pod\u00eda haber otro momento mejor para la celebraci\u00f3n en La Habana del primero al 3 de noviembre del Encuentro Antimperialista de Solidaridad en Defensa de la Democracia y contra el Neoliberalismo al que asistieron mil 332 delegados de 789 organizaciones sociales y populares, de solidaridad, de articulaciones regionales y globales, de partidos pol\u00edticos e intelectuales, de 86 pa\u00edses.<\/p>\n<p>Dicha reuni\u00f3n cont\u00f3 con una activa y relevante participaci\u00f3n de j\u00f3venes de ambos sexos y mujeres, con una composici\u00f3n de personas informadas, formadas y dispuestas para la lucha. Tras tres intens\u00edsimos d\u00edas de trabajo en paneles y comisiones, este formidable colectivo produjo una declaraci\u00f3n final en la que puede leerse este diagn\u00f3stico y reflexi\u00f3n:<\/p>\n<p><strong>Vivimos un nuevo momento en la historia. Los pueblos en las urnas, en las calles y en las redes sociales demuestran con su voto y sus protestas<\/strong>, el agotamiento de la ofensiva imperial conservadora y restauradora neoliberal de la derecha olig\u00e1rquica, en alianza con el fundamentalismo religioso, el poder medi\u00e1tico, el capital y las empresas trasnacionales que, de la mano del imperialismo norteamericano, en su naturaleza depredadora, excluye a amplios sectores de la poblaci\u00f3n, destruye el trabajo digno, la vida en armon\u00eda con la naturaleza y pone en peligro a la especie humana.<\/p>\n<p><strong><a href=\"http:\/\/www.cubadebate.cu\/noticias\/2019\/11\/05\/chile-en-la-cuarta-semana-de-protestas-y-en-medio-de-la-crisis-pinera-afirma-que-no-renunciara\/#.XcRUAlVKjIU\">Los pueblos<\/a>\u00a0est\u00e1n demostrando que es posible derrotar la ofensiva imperial, que en sus prop\u00f3sitos acude a la criminalizaci\u00f3n de la protesta social<\/strong>, el confinamiento y desplazamiento de poblaciones, el asesinato de l\u00edderes sociales y pol\u00edticos, el feminicidio, la persecuci\u00f3n a l\u00edderes de gobiernos progresistas y a la judicializaci\u00f3n de la pol\u00edtica.<br \/>\nSe abren tiempos de esperanza. La unidad es vital y constituye un deber.<\/p>\n<p><strong>La reuni\u00f3n de La Habana tuvo como ejes del debate en comisiones: la solidaridad con Cuba y otras causas justas<\/strong>, el libre comercio y las trasnacionales, descolonizaci\u00f3n y guerra cultural, comunicaci\u00f3n y lucha social, juventudes, estrategias y continuidad en las luchas; democracia, soberan\u00eda y antimperialismo, integraci\u00f3n, identidades y luchas comunes.<\/p>\n<p>Presidido por Ra\u00fal Castro, l\u00edder del Partido Comunista de Cuba, el Encuentro fue concluido con emotivas y sustanciosas intervenciones del presidente de Venezuela Nicolas Maduro, y de Cuba, Miguel D\u00edaz Canel.<\/p>\n<p>Maduro se refiri\u00f3 al importante papel de Fidel Castro como pionero en la lucha de ideas contra el neoliberalismo cuando se anunciaba el fin de la historia y cund\u00eda el pesimismo, primero al convocar en Cuba numerosas reuniones de organizaciones sindicales, populares, de intelectuales, acad\u00e9micos y partidos pol\u00edticos para debatir sobre la deuda externa y luego al hacer lo mismo cuando Estados Unidos pugnaba por imponer el Acuerdo de Libre Comercio para las Am\u00e9ricas (ALCA).<\/p>\n<p>Fidel, dijo, contribuy\u00f3 a crear conciencia sobre estos temas y prepar\u00f3 el camino para la entrada en la escena pol\u00edtica regional de Hugo Ch\u00e1vez. Maduro tambi\u00e9n se refiri\u00f3 a las felicitaciones que envi\u00f3 Evo Morales al encuentro, a Ra\u00fal y a D\u00edaz Canel:\u00a0El indio Evo va a triunfar y a resistir a esta amenaza fascista, dijo v\u00eda telef\u00f3nica el mandatario boliviano al venezolano en relaci\u00f3n con el intento de golpe de Estado de Estados Unidos y la oligarqu\u00eda minutos antes de iniciar la sesi\u00f3n de clausura del encuentro.<\/p>\n<p>La libertad de Luiz In\u00e1cio Lula da Silva fue demanda constante del encuentro, que acord\u00f3 acciones en esa direcci\u00f3n.<\/p>\n<p><strong>D\u00edaz-Canel expres\u00f3 que a nivel global se advierte gran preocupaci\u00f3n por los retrocesos en temas como la paz, autodeterminaci\u00f3n y soberan\u00eda de las naciones, el enfrentamiento al cambio clim\u00e1tico, los derechos humanos, la justicia social y la equidad econ\u00f3mica.<\/strong>\u00a0Subray\u00f3 el papel de los pueblos, que se levantan y no cejar\u00e1n en su lucha de emancipaci\u00f3n pese a los intentos imperialistas de restaurar la doctrina Monroe, como se est\u00e1 observando.<\/p>\n","protected":false},"excerpt":{"rendered":"<p>Angel Guerra (Cubadebate, 7-11-19) &nbsp; Una potente contraofensiva popular recorre\u00a0nuestra Am\u00e9rica\u00a0y m\u00e1s all\u00e1. En tierras latinocaribe\u00f1as podr\u00eda decirse que comenz\u00f3 por Hait\u00ed en enero de este a\u00f1o, se reaviv\u00f3 la llama de la lucha en Honduras, que en octubre logr\u00f3 una importante demostraci\u00f3n a escala nacional, mientras en Ecuador estallaba una sublevaci\u00f3n ind\u00edgena y popular [&hellip;]<\/p>\n","protected":false},"author":1,"featured_media":36855,"comment_status":"open","ping_status":"open","sticky":false,"template":"","format":"standard","meta":{"footnotes":""},"categories":[14,12],"tags":[],"class_list":["post-36854","post","type-post","status-publish","format-standard","has-post-thumbnail","hentry","category-internacionales","category-politica-3"],"_links":{"self":[{"href":"https:\/\/debateplural.net\/site\/wp-json\/wp\/v2\/posts\/36854"}],"collection":[{"href":"https:\/\/debateplural.net\/site\/wp-json\/wp\/v2\/posts"}],"about":[{"href":"https:\/\/debateplural.net\/site\/wp-json\/wp\/v2\/types\/post"}],"author":[{"embeddable":true,"href":"https:\/\/debateplural.net\/site\/wp-json\/wp\/v2\/users\/1"}],"replies":[{"embeddable":true,"href":"https:\/\/debateplural.net\/site\/wp-json\/wp\/v2\/comments?post=36854"}],"version-history":[{"count":1,"href":"https:\/\/debateplural.net\/site\/wp-json\/wp\/v2\/posts\/36854\/revisions"}],"predecessor-version":[{"id":36856,"href":"https:\/\/debateplural.net\/site\/wp-json\/wp\/v2\/posts\/36854\/revisions\/36856"}],"wp:featuredmedia":[{"embeddable":true,"href":"https:\/\/debateplural.net\/site\/wp-json\/wp\/v2\/media\/36855"}],"wp:attachment":[{"href":"https:\/\/debateplural.net\/site\/wp-json\/wp\/v2\/media?parent=36854"}],"wp:term":[{"taxonomy":"category","embeddable":true,"href":"https:\/\/debateplural.net\/site\/wp-json\/wp\/v2\/categories?post=36854"},{"taxonomy":"post_tag","embeddable":true,"href":"https:\/\/debateplural.net\/site\/wp-json\/wp\/v2\/tags?post=36854"}],"curies":[{"name":"wp","href":"https:\/\/api.w.org\/{rel}","templated":true}]}}