{"id":3713,"date":"2016-02-25T17:30:07","date_gmt":"2016-02-25T17:30:07","guid":{"rendered":"http:\/\/debateplural.com\/?p=3713"},"modified":"2019-12-03T15:16:48","modified_gmt":"2019-12-03T19:16:48","slug":"el-premio-a-mario-vargas-llosa-en-la-republica-dominicana-segun-el-somos-los-parias-del-caribe","status":"publish","type":"post","link":"https:\/\/debateplural.net\/site\/2016\/02\/25\/el-premio-a-mario-vargas-llosa-en-la-republica-dominicana-segun-el-somos-los-parias-del-caribe\/","title":{"rendered":"El premio a Mario Vargas Llosa en la Rep\u00fablica Dominicana: Seg\u00fan \u00e9l somos \"los parias del caribe\""},"content":{"rendered":"<p style=\"text-align: justify;\"><strong>El Ministro de Cultura de Rep\u00fablica Dominicana y un pu\u00f1ado de intelectuales que formaron el jurado para conceder el Premio Internacional Pedro Henr\u00edquez \u00a0Ure\u00f1a a Mario Vargas Llosa, actuaron de manera unilateral y maliciosa, ciega y desconsiderada. \u00a0<\/strong><\/p>\n<p><!--more--><\/p>\n<p>Por Angel Moreta (Autor-Editor)<\/p>\n<p>&nbsp;<\/p>\n<p style=\"text-align: justify;\">Se concedi\u00f3 recientemente a Vargas Llosa el mayor reconocimiento literario de la Rep\u00fablica Dominicana, el premio Internacional Pedro Henr\u00edquez Ure\u00f1a. Lo hizo un jurado integrado seg\u00fan la visi\u00f3n ciega del Ministro de Cultura, y en conjunto con un grupo de intelectuales plumiferos, decidieron dar esa alta distinci\u00f3n al autor del discriminatorio y ominoso art\u00edculo \"Los parias del caribe\", en el cual ataca desoladoramente a la<a href=\"http:\/\/localhost\/debateplural\/tag\/republica-dominicana\"> Rep\u00fablica Dominicana<\/a>.<\/p>\n<p style=\"text-align: justify;\">Vargas Llosa se ha caracterizado durante los \u00faltimos veinte a\u00f1os por una postura ideol\u00f3gica y pol\u00edtica recalcitrante y abiertamente reaccionaria, en defensa de intereses esp\u00fareo, gobiernos golpistas de Am\u00e9rica Latina y forjador de criticas negativas contra \u00a0intelectuales de avanzada del continente. Valga decir tambi\u00e9n, defensor del modelo neoliberal capitalista imperial y servidor y amanuense de las \u00e9lites locales entreguistas y reaccionarias<\/p>\n<p style=\"text-align: justify;\">El haberlo concedido al autor peruano-espa\u00f1ol o espa\u00f1ol-peruano, esos intelectuales han actuado en forma discriminatoria y c\u00f3mplice, y sin dignidad, ya que hay otros intelectuales dominicanos merecedores de tal reconocimiento; tambi\u00e9n de manera confabulatoria con el prop\u00f3sito de cerrar los ojos a los graves ataques a la moral de los dominicanos, que ha venido profiriendo a nivel mundial dicho autor.<\/p>\n<p style=\"text-align: justify;\">Todo el mundo sabe que los premios se conceden de acuerdo con ciertos lineamientos ideol\u00f3gicos y pol\u00edticos, incluyendo los premios Nobel que siempre se otorgan de acuerdo con la coyuntura pol\u00edtica mundial y los intereses de occidente. Autores no occidentales han sido reconocidos con Premios Nobel, con el prop\u00f3sito de crear glamour y simpat\u00edas a favor de cierto pensamiento de autores que escriben desde <a href=\"http:\/\/localhost\/debateplural\/tag\/rusia\">Rusia<\/a> y otros pa\u00edses, falsas criticas solapadas que luego son promovidas a nivel mundial.<\/p>\n<p style=\"text-align: justify;\"><strong>A\u00a0continuaci\u00f3n\u00a0reproducimos completo el\u00a0art\u00edculo\u00a0de Vargas\u00a0Llosa, \"Los\u00a0parias del caribe\", para que los lectores comprueben el instinto negativo y el\u00a0af\u00e1n\u00a0despectivo del genial autor de \"La ciudad y los perros\":\u00a0<\/strong><\/p>\n<h3 style=\"text-align: center;\"><strong><em>Los parias del Caribe<\/em><\/strong><\/h3>\n<p style=\"text-align: justify;\">PIEDRA DE TOQUE. La sentencia del Tribunal Constitucional de la Rep\u00fablica Dominicana sobre el caso de Juliana Regis Pierre es un desatino que niega la nacionalidad a los hijos de inmigrantes irregulares.<\/p>\n<p style=\"text-align: justify;\">\u00a0Juliana Deguis Pierre naci\u00f3 hace 29 a\u00f1os, de padres haitianos, en la Rep\u00fablica Dominicana y nunca ha salido de su tierra natal. Jam\u00e1s aprendi\u00f3 franc\u00e9s ni cr\u00e9ole y su \u00fanica lengua es el bello y musical espa\u00f1ol de sabor dominicano. Con su certificado de nacimiento, Juliana pidi\u00f3 su carnet de identidad a la Junta Central Electoral (responsable del registro civil), pero este organismo se neg\u00f3 a d\u00e1rselo y le decomis\u00f3 su certificado alegando que sus \" apellidos eran sospechosos \". Juliana apel\u00f3 y el 23 de septiembre de 2013 el Tribunal Constitucional dominicano dict\u00f3 una sentencia negando la nacionalidad dominicana a todos quienes, como aquella joven, sean hijos o descendientes de \" migrantes \" irregulares. La disposici\u00f3n del Tribunal ha puesto a la Rep\u00fablica Dominicana en la picota de la opini\u00f3n p\u00fablica internacional y ha hecho de Juliana Deguis Pierre un s\u00edmbolo de la tragedia de cerca de 200.000 dominicanos de origen haitiano (seg\u00fan Laura Bingham, de la Open Society Justice Initiative) que, de este modo, la mayor\u00eda de ellos de manera retroactiva, pierden su nacionalidad y se convierten en ap\u00e1tridas.<\/p>\n<p style=\"text-align: justify;\">La sentencia del Tribunal Constitucional dominicano es una aberraci\u00f3n jur\u00eddica y parece directamente inspirada en las famosas leyes hitlerianas de los a\u00f1os treinta dictadas por los jueces alemanes nazis para privar de la nacionalidad alemana a los jud\u00edos que llevaban muchos a\u00f1os (muchos siglos) avecindados en ese pa\u00eds y eran parte constitutiva de su sociedad. Por lo pronto, se insubordina contra una disposici\u00f3n legal de la Corte Interamericana de Derechos Humanos (de la que la Rep\u00fablica Dominicana forma parte) que, en septiembre de 2005, conden\u00f3 a este pa\u00eds por negar su derecho a la nacionalidad a las ni\u00f1as Dilcia Yean y Violeta Bosico, dominicanas como Juliana, e igual que ella hijas de haitianos. Con este precedente, es obvio que, si es consultada, la Corte Interamericana volver\u00e1 a reafirmar aquel derecho y la Rep\u00fablica Dominicana tendr\u00e1 que acatar esta decisi\u00f3n, a menos que decida \u2014algo muy improbable\u2014 retirarse del sistema legal interamericano y convertirse a su vez en un pa\u00eds paria.<\/p>\n<p style=\"text-align: justify;\">Hay que se\u00f1alar, como lo hace The New York Times el 24 de Octubre, que dos miembros del Tribunal Constitucional dominicano dieron un voto disidente y salvaron el honor de la instituci\u00f3n y de su pa\u00eds oponi\u00e9ndose a una medida claramente racista y discriminatoria. El argumento utilizado por los miembros del Tribunal para negar la nacionalidad a personas como Juliana Deguis Pierre es que sus padres tienen una \" situaci\u00f3n irregular \". Es decir, hay que hacer pagar a los hijos (o a los nietos y bisnietos) un supuesto delito que habr\u00edan cometido sus antepasados. Como en la Edad Media y en los tribunales de la Inquisici\u00f3n, seg\u00fan esta sentencia, los delitos son hereditarios y se transmiten de padres a hijos con la sangre.<\/p>\n<p style=\"text-align: justify;\">A la crueldad e inhumanidad de semejantes jueces se suma la hipocres\u00eda. Ellos saben muy bien que la migraci\u00f3n \" irregular \" o ilegal de haitianos a la Rep\u00fablica Dominicana que comenz\u00f3 a principios del siglo veinte es un fen\u00f3meno social y econ\u00f3mico complejo, que en muchos per\u00edodos \u2014los de mayor bonanza, precisamente\u2014 ha sido alentado por hacendados y empresarios dominicanos a fin de disponer de una mano de obra barata para las zafras de la ca\u00f1a de az\u00facar, la construcci\u00f3n o los trabajos dom\u00e9sticos, con pleno conocimiento y tolerancia de las autoridades, conscientes del provecho econ\u00f3mico que obten\u00eda el pa\u00eds \u2014bueno, sus clases medias y altas\u2014 con la existencia de una masa de inmigrantes en situaci\u00f3n irregular y que, por lo mismo, viv\u00edan en condiciones sumamente precarias, la gran mayor\u00eda de ellos sin contratos de trabajo, ni seguridad social ni protecci\u00f3n legal alguna.<\/p>\n<p style=\"text-align: justify;\">Uno de los mayores cr\u00edmenes cometidos durante la tiran\u00eda de General\u00edsimo Trujillo fue la matanza indiscriminada de haitianos de 1937 en la que, se dice, varias decenas de miles de estos miserables inmigrantes fueron asesinados por una masa enardecida con las fabricaciones apocal\u00edpticas de grupos nacionalistas fan\u00e1ticos. No menos grave es, desde el punto de vista moral y c\u00edvico, la escandalosa sentencia del Tribunal Constitucional. Mi esperanza es que la oposici\u00f3n a ella, tanto interna como internacional, libre al Caribe de una injusticia tan b\u00e1rbara y flagrante. Porque el fallo del Tribunal no se limita a pronunciarse sobre el caso de Juliana Deguis Pierre. Adem\u00e1s, para que no quede duda de que quiere establecer jurisprudencia con el fallo, ordena a las autoridades someter a un escrutinio riguroso todos los registros de nacimientos en el pa\u00eds desde el a\u00f1o 1929 a fin de determinar retroactivamente qui\u00e9nes no ten\u00edan derecho a obtener la nacionalidad dominicana y por lo tanto pueden ser ahora privados de ella.<\/p>\n<p style=\"text-align: justify;\">Si semejante paralogismo jur\u00eddico prevaleciera, decenas de miles de familias dominicanas de origen haitiano (pr\u00f3ximo o remoto) quedar\u00edan convertidas en zombies, en no personas, seres incapacitados para obtener un trabajo legal, inscribirse en una escuela o universidad p\u00fablica, recibir un seguro de salud, una jubilaci\u00f3n, salir del pa\u00eds, y v\u00edctimas potenciales por lo tanto de todos los abusos y atropellos. \u00bfPor qu\u00e9 delito? Por el mismo de los jud\u00edos a los que Hitler priv\u00f3 de existencia legal antes de mandarlos a los campos de exterminio: por pertenecer a una raza despreciada. S\u00e9 muy bien que el racismo es una enfermedad muy extendida y que no hay sociedad ni pa\u00eds, por civilizado y democr\u00e1tico que sea, que est\u00e9 totalmente vacunado contra \u00e9l. Siempre aparece, sobre todo cuando hacen falta chivos expiatorios que distraigan a la gente de los verdaderos problemas y de los verdaderos culpables de que los problemas no se resuelvan, pero, hemos vivido ya demasiados horrores a consecuencias del nacionalismo cerril (siempre m\u00e1scara del racismo) como para que no salgamos a enfrentarnos a \u00e9l apenas asoma, a fin de evitar las tragedias que causa a la corta o a la larga.<\/p>\n<p style=\"text-align: justify;\">Afortunadamente hay en la sociedad civil dominicana muchas voces valientes y democr\u00e1ticas \u2014de intelectuales, asociaciones de derechos humanos, periodistas\u2014 que, al igual que los dos jueces disidentes del Tribunal Constitucional, han denunciado la medida y se movilizan contra ella. Es penoso, eso s\u00ed, el silencio c\u00f3mplice de tantos partidos pol\u00edticos o l\u00edderes de opini\u00f3n que callan ante la iniquidad o, como el prehist\u00f3rico cardenal arzobispo de Santo Domingo, Nicol\u00e1s de Jes\u00fas L\u00f3pez Rodr\u00edguez, que la apoya, sazon\u00e1ndola de insultos contra quienes la condenan. Yo cre\u00eda que los peruanos ten\u00edamos, con el Cardenal Juan Luis Cipriani, el triste privilegio de contar con el arzobispo m\u00e1s reaccionario y antidemocr\u00e1tico de Am\u00e9rica Latina, pero veo que su colega dominicano le disputa el cetro.<\/p>\n<p style=\"text-align: justify;\">Quiero mucho a la Rep\u00fablica Dominicana, desde que visit\u00e9 ese pa\u00eds por primera vez, en 1974, para hacer un documental televisivo. Desde entonces he vuelto muchas veces y con alegr\u00eda lo he visto democratizarse, modernizarse, en todos estos a\u00f1os, a un ritmo m\u00e1s veloz que el de muchos otros pa\u00edses latinoamericanos sin que se reconozca siempre su transformaci\u00f3n como merecer\u00eda. El segundo de mis hijos vive y trabaja all\u00e1 y entrega todos sus esfuerzos a apoyar los derechos humanos en ese pa\u00eds, secundado por muchos admirables dominicanos. Por eso me apena profundamente ver la tempestad de cr\u00edticas que llueven sobre el Tribunal Constitucional y su insensata sentencia. \u00c9ste es uno de esos momentos cr\u00edticos que viven todos los pa\u00edses en su historia. Lo fue tambi\u00e9n cuando ocurri\u00f3 el terrible terremoto que devast\u00f3 a su pa\u00eds vecino, Hait\u00ed, en enero de 2010. \u00bfC\u00f3mo actu\u00f3 la Rep\u00fablica Dominicana en esa ocasi\u00f3n ? El Presidente Leonel Fern\u00e1ndez vol\u00f3 de inmediato a Puerto Pr\u00edncipe a ofrecer ayuda y \u00e9sta se volc\u00f3 con una abundancia y generosidad formidables. Yo recuerdo todav\u00eda los hospitales dominicanos repletos de v\u00edctimas haitianas y los m\u00e9dicos y enfermeras dominicanos que volaron a Hait\u00ed a prestar sus servicios. Esa es la verdadera cara de la Rep\u00fablica Dominicana que no puede verse desnaturalizada por las malandanzas de su Tribunal Constitucional.<\/p>\n<p style=\"text-align: justify;\">\n","protected":false},"excerpt":{"rendered":"<p>El Ministro de Cultura de Rep\u00fablica Dominicana y un pu\u00f1ado de intelectuales que formaron el jurado para conceder el Premio Internacional Pedro Henr\u00edquez \u00a0Ure\u00f1a a Mario Vargas Llosa, actuaron de manera unilateral y maliciosa, ciega y desconsiderada. \u00a0<\/p>\n","protected":false},"author":2,"featured_media":7496,"comment_status":"open","ping_status":"open","sticky":false,"template":"","format":"standard","meta":{"footnotes":""},"categories":[18,5],"tags":[6,40],"class_list":["post-3713","post","type-post","status-publish","format-standard","has-post-thumbnail","hentry","category-cultura","category-nacionales","tag-republica-dominicana","tag-rusia"],"_links":{"self":[{"href":"https:\/\/debateplural.net\/site\/wp-json\/wp\/v2\/posts\/3713"}],"collection":[{"href":"https:\/\/debateplural.net\/site\/wp-json\/wp\/v2\/posts"}],"about":[{"href":"https:\/\/debateplural.net\/site\/wp-json\/wp\/v2\/types\/post"}],"author":[{"embeddable":true,"href":"https:\/\/debateplural.net\/site\/wp-json\/wp\/v2\/users\/2"}],"replies":[{"embeddable":true,"href":"https:\/\/debateplural.net\/site\/wp-json\/wp\/v2\/comments?post=3713"}],"version-history":[{"count":2,"href":"https:\/\/debateplural.net\/site\/wp-json\/wp\/v2\/posts\/3713\/revisions"}],"predecessor-version":[{"id":37389,"href":"https:\/\/debateplural.net\/site\/wp-json\/wp\/v2\/posts\/3713\/revisions\/37389"}],"wp:featuredmedia":[{"embeddable":true,"href":"https:\/\/debateplural.net\/site\/wp-json\/wp\/v2\/media\/7496"}],"wp:attachment":[{"href":"https:\/\/debateplural.net\/site\/wp-json\/wp\/v2\/media?parent=3713"}],"wp:term":[{"taxonomy":"category","embeddable":true,"href":"https:\/\/debateplural.net\/site\/wp-json\/wp\/v2\/categories?post=3713"},{"taxonomy":"post_tag","embeddable":true,"href":"https:\/\/debateplural.net\/site\/wp-json\/wp\/v2\/tags?post=3713"}],"curies":[{"name":"wp","href":"https:\/\/api.w.org\/{rel}","templated":true}]}}