{"id":37215,"date":"2019-11-26T11:35:48","date_gmt":"2019-11-26T15:35:48","guid":{"rendered":"http:\/\/debateplural.com\/?p=37215"},"modified":"2019-11-26T11:35:48","modified_gmt":"2019-11-26T15:35:48","slug":"nuestra-politica-de-alianzas","status":"publish","type":"post","link":"https:\/\/debateplural.net\/site\/2019\/11\/26\/nuestra-politica-de-alianzas\/","title":{"rendered":"Nuestra pol\u00edtica de alianzas"},"content":{"rendered":"<p>Guillermo Moreno (D. Libre, 18-11-19)<\/p>\n<p>&nbsp;<\/p>\n<p>El cuadro pol\u00edtico se hizo m\u00e1s complejo a partir de las primarias del pasado 6 de octubre, la divisi\u00f3n del peled\u00e9 y la conformaci\u00f3n de un tercer bloque de partidos que proyectan un escenario de segunda vuelta.<\/p>\n<div class=\"paragraph\">\n<p>Este nuevo escenario, con el peled\u00e9 dividido, es una oportunidad de oro para unificar a los verdaderos sectores de oposici\u00f3n; compactar el amplio sentimiento anti-peled\u00e9; aislar a la facci\u00f3n de Leonel Fern\u00e1ndez y enfrentar y disputarle el poder al candidato de Danilo Medina.<\/p>\n<p>Y es que el ejercicio de oposici\u00f3n pol\u00edtica que necesita el pa\u00eds, no puede ser reducido a una toma de partido en la lucha de facciones del partido oficial. La verdadera oposici\u00f3n se hace construyendo alternativas al modelo pelede\u00edsta, elevando la conciencia de la gente, moviliz\u00e1ndola en un ejercicio permanente de impugnaci\u00f3n frente a las injusticias, los privilegios, la privaci\u00f3n de las libertades, la negaci\u00f3n de derechos, el secuestro de las instituciones democr\u00e1ticas.<\/p>\n<p>Lamentablemente, varios sectores pol\u00edticos y de la sociedad civil leyeron al rev\u00e9s el nuevo escenario y han terminando tendi\u00e9ndole un puente a Leonel Fern\u00e1ndez y su facci\u00f3n, no d\u00e1ndose cuenta que el escenario de crecimiento de la oposici\u00f3n est\u00e1 en el sentimiento generalizado contra la continuidad del peled\u00e9 y en la alta tasa de rechazo que concita el expresidente de la Rep\u00fablica.<\/p>\n<p>El mayor da\u00f1o que se le puede hacer al proceso de cambios democr\u00e1ticos pendientes es la rehabilitaci\u00f3n pol\u00edtica de Leonel Fern\u00e1ndez. \u00c9ste, que gobern\u00f3 en tres oportunidades, durante 12 a\u00f1os, junto a muchos de los que hoy le acompa\u00f1an, propici\u00f3 gobiernos medularmente corruptos, elimin\u00f3 en los hechos la independencia de la justicia para garantizarse impunidad; vendi\u00f3 a precio de \u201cvaca muerta\u201d las empresas estatales, privatiz\u00f3 derechos sociales. En sus gobiernos hubo un auge del narcotr\u00e1fico, el lavado y el microtr\u00e1fico por la protecci\u00f3n de funcionarios, militares y polic\u00edas; entreg\u00f3 nuestros recursos naturales; quebr\u00f3 el aparato productivo nacional; depred\u00f3 el medio ambiente.<\/p>\n<p>Habilitar a Leonel Fern\u00e1ndez es apostar al retroceso pol\u00edtico. Es la reiteraci\u00f3n del borr\u00f3n y cuenta nueva. Leonel Fern\u00e1ndez y muchos de sus acompa\u00f1antes tienen asuntos pendientes con la justicia, por los que deben responder y, por eso, pactar con ellos terminar\u00e1 traduci\u00e9ndose en impunidad.<\/p>\n<p>Leonel Fern\u00e1ndez y su facci\u00f3n, y Danilo Medina y su facci\u00f3n, no se diferencian por ideas, visi\u00f3n o por representar proyectos pol\u00edticos distintos. A ellos poco les importa la democracia o la institucionalidad. Ambas facciones est\u00e1n unificadas en un mismo prop\u00f3sito: tener el control del Estado, del presupuesto nacional, aprovechar los negocios p\u00fablicos, las inversiones, las construcciones y pr\u00e9stamos para continuar su proceso de acumulaci\u00f3n econ\u00f3mica y de enriquecimiento il\u00edcito.<\/p>\n<p>El pacto con la facci\u00f3n de Leonel Fern\u00e1ndez parte de premisas erradas. Leonel Fern\u00e1ndez es un falso opositor. Su prop\u00f3sito no es propiamente sacar al peled\u00e9 del poder, sino reagruparlo en torno suyo bajo otras siglas. Su objetivo no es producir un cambio en el modelo iniciado por \u00e9l, sino sustituir a Danilo Medina y a la c\u00fapula pelede\u00edsta en su implementaci\u00f3n.<\/p>\n<p>La otra falsa premisa es creer que la panacea est\u00e1 en un congreso diverso. De qu\u00e9 servir\u00eda esa diversidad, si quienes resulten electos legisladores, lo que tengan como principal motivaci\u00f3n sea acceder al barrilito, el cofrecito, las exoneraciones y enriquecerse vendiendo su voto legislativo al mejor postor. Por eso, no es solo la diversidad, sino que sean legisladores \u00edntegros y que tengan el compromiso con una agenda legislativa encaminada a producir las reformas necesarias para garantizar la separaci\u00f3n de poderes; la independencia de la justicia, de la C\u00e1mara de Cuentas, del Ministerio P\u00fablico, del \u00f3rgano electoral; para garantizar los derechos al trabajo, a la seguridad p\u00fablica, la salud, la seguridad social, educaci\u00f3n de calidad y parar el irresponsable endeudamiento p\u00fablico.<\/p>\n<p>En Alianza Pa\u00eds, siempre apostamos a la unidad, pero sujet\u00e1ndola a principios y sin desvirtuar los altos prop\u00f3sitos pol\u00edticos que perseguimos. Fue por esta raz\u00f3n que ante esta compleja coyuntura pol\u00edtica, Alianza Pa\u00eds decide, en primer lugar, mantener su participaci\u00f3n electoral con candidaturas nacionales y con propuestas program\u00e1ticas propias. Y es que, en el actual cambalache pol\u00edtico-electoral, en que las dos facciones del peled\u00e9 lo han contaminado todo, es m\u00e1s que necesaria la existencia de propuestas alternativas al modelo pelede\u00edsta, con visibilidad propia y claramente diferenciadas en el discurso y en las pr\u00e1cticas pol\u00edticas.<\/p>\n<p>En correspondencia con lo anterior, Alianza Pa\u00eds decidi\u00f3 solamente participar en acuerdos puntuales, tanto a nivel provincial como municipal y en torno a candidatos que no tengan lastre de corrupci\u00f3n, que cuenten con el reconocimiento de sus comunidades y que se identifiquen con las propuestas dirigidas a producir el cambio democr\u00e1tico.<\/p>\n<p>De aqu\u00ed se deriva la no participaci\u00f3n en la coalici\u00f3n pol\u00edtica de la que forma parte la facci\u00f3n de Leonel Fern\u00e1ndez ni concertar acuerdos con ninguno de los partidos que lo asumen como su candidato presidencial.<\/p>\n<\/div>\n","protected":false},"excerpt":{"rendered":"<p>Guillermo Moreno (D. Libre, 18-11-19) &nbsp; El cuadro pol\u00edtico se hizo m\u00e1s complejo a partir de las primarias del pasado 6 de octubre, la divisi\u00f3n del peled\u00e9 y la conformaci\u00f3n de un tercer bloque de partidos que proyectan un escenario de segunda vuelta. Este nuevo escenario, con el peled\u00e9 dividido, es una oportunidad de oro [&hellip;]<\/p>\n","protected":false},"author":1,"featured_media":8922,"comment_status":"open","ping_status":"open","sticky":false,"template":"","format":"standard","meta":{"footnotes":""},"categories":[5,12],"tags":[],"class_list":["post-37215","post","type-post","status-publish","format-standard","has-post-thumbnail","hentry","category-nacionales","category-politica-3"],"_links":{"self":[{"href":"https:\/\/debateplural.net\/site\/wp-json\/wp\/v2\/posts\/37215"}],"collection":[{"href":"https:\/\/debateplural.net\/site\/wp-json\/wp\/v2\/posts"}],"about":[{"href":"https:\/\/debateplural.net\/site\/wp-json\/wp\/v2\/types\/post"}],"author":[{"embeddable":true,"href":"https:\/\/debateplural.net\/site\/wp-json\/wp\/v2\/users\/1"}],"replies":[{"embeddable":true,"href":"https:\/\/debateplural.net\/site\/wp-json\/wp\/v2\/comments?post=37215"}],"version-history":[{"count":1,"href":"https:\/\/debateplural.net\/site\/wp-json\/wp\/v2\/posts\/37215\/revisions"}],"predecessor-version":[{"id":37216,"href":"https:\/\/debateplural.net\/site\/wp-json\/wp\/v2\/posts\/37215\/revisions\/37216"}],"wp:featuredmedia":[{"embeddable":true,"href":"https:\/\/debateplural.net\/site\/wp-json\/wp\/v2\/media\/8922"}],"wp:attachment":[{"href":"https:\/\/debateplural.net\/site\/wp-json\/wp\/v2\/media?parent=37215"}],"wp:term":[{"taxonomy":"category","embeddable":true,"href":"https:\/\/debateplural.net\/site\/wp-json\/wp\/v2\/categories?post=37215"},{"taxonomy":"post_tag","embeddable":true,"href":"https:\/\/debateplural.net\/site\/wp-json\/wp\/v2\/tags?post=37215"}],"curies":[{"name":"wp","href":"https:\/\/api.w.org\/{rel}","templated":true}]}}