{"id":37293,"date":"2019-11-29T12:43:41","date_gmt":"2019-11-29T16:43:41","guid":{"rendered":"http:\/\/debateplural.com\/?p=37293"},"modified":"2019-11-29T12:43:41","modified_gmt":"2019-11-29T16:43:41","slug":"radiografia-completa-de-la-crisis-politica-y-social-que-sacude-a-chile","status":"publish","type":"post","link":"https:\/\/debateplural.net\/site\/2019\/11\/29\/radiografia-completa-de-la-crisis-politica-y-social-que-sacude-a-chile\/","title":{"rendered":"Radiograf\u00eda completa de la crisis pol\u00edtica y social que sacude a Chile"},"content":{"rendered":"<p>Kaosenlared, (29-11-19)<\/p>\n<p>&nbsp;<\/p>\n<p>A principios de octubre, lo que inici\u00f3 como una evasi\u00f3n masiva\u00a0en el metro de de Santiago de Chile como\u00a0<a href=\"https:\/\/www.youtube.com\/watch?v=Gwl-HtfKhqg\" target=\"_blank\" rel=\"noopener\">forma de protesta<\/a>\u00a0ante el aumento del servicio, se transform\u00f3 en un ciclo de protestas de 21 d\u00edas que pese a las represi\u00f3n, suspensi\u00f3n del incremento y otras medidas coyunturales por parte del gobierno de Sebasti\u00e1n Pi\u00f1era, no han podido ser contenidas.<\/p>\n<p>Una semana despu\u00e9s de este evento, se derrumb\u00f3 el mito del pa\u00eds vitrina del libre mercado\u00a0y ejemplo de civilidad para las otras naciones del continente, cuando las principales ciudades de Chile eran un caos pruducto de la represi\u00f3n de carabineros y del ej\u00e9rcito contra los manifestantes.<\/p>\n<h4>EL DETONANTE<\/h4>\n<p>El 6 de octubre entr\u00f3 en vigencia el aumento del pasaje del metro en 30 pesos para quedar en 820, un equivalente a 1.17 d\u00f3lares. Al respecto, Cristian P\u00e9rez, acad\u00e9mico de la Universidad Diego Portales,\u00a0<a href=\"https:\/\/actualidad.rt.com\/actualidad\/330862-sebastian-pinera-suspende-aumento-pasaje-santiago\" target=\"_blank\" rel=\"noopener\">explic\u00f3<\/a>\u00a0a RT que el incremento tuvo un impacto regresivo\u00a0para los que cobran salario m\u00edmino, 300 mil pesos (400 d\u00f3lares aproximadamente), en tanto que para la gran mayor\u00eda de los trabajadores chilenos\u00a0la movilidad en transporte p\u00fablico representa el 20 % de su paga mensual.<\/p>\n<p>Las protestas en un principio estuvieron organizadas por estudiantes, y el 18 de octubre llegaron al punto m\u00e1s \u00e1lgido cuando varias estaciones del transporte subterr\u00e1neo cerraron por los enfrentamientos entre la pol\u00edc\u00eda y los manifestantes. Esta acci\u00f3n fue catalogada por las autoridades como vandalismo injustificado porque el incremento no aplicaba para estudiantes ni adultos mayores.<\/p>\n<p>Por su parte, la organizaci\u00f3n estudiantil argument\u00f3 que, si bien la medida no era para ellos, esta los afectaba directamente ya que su n\u00facleo familiar s\u00ed sufrir\u00eda el incremento.<\/p>\n<p>Los disturbios que dejaron 40 estaciones del metro inoperativas, se trasladaron a las calles de Santiago registr\u00e1ndose\u00a0\"saqueos\" y la quema del edificio corporativo de la empresa de electricidad, seg\u00fan un balance que\u00a0<a href=\"https:\/\/www.elmostrador.cl\/noticias\/pais\/2019\/10\/19\/el-dia-despues-del-18-de-octubre-negro-los-militares-controlan-santiago-como-en-los-80\/\" target=\"_blank\" rel=\"noopener\">ofreci\u00f3<\/a>\u00a0en ese momento el jefe de Defensa Nacional, Javier Iturriaga del Campo.<\/p>\n<h4>LA RESPUESTA DEL ESTADO<\/h4>\n<p>Intentando erosionar el ritmo expansivo de las protestas, la respuesta del Estado consisti\u00f3 en\u00a0aplicar la Ley de Seguridad del Estado, que le otorgaba m\u00e1s poder a los carabineros e interpon\u00eda delitos contra quienes manifestaran en las calles. Las autoridades obviaron la actuaci\u00f3n de la polic\u00eda que en ese momento ya hab\u00eda dejado 137 heridos y m\u00e1s de 300 detenidos.<\/p>\n<p>Contrario a lo\u00a0esperado, los focos de protestas se multiplicaron en la capital y otras ciudades se sumaron a las jornadas de manifestaciones con cierre de v\u00edas, cacerolazos y concentraciones.<\/p>\n<p>Ya en este punto, ante el par\u00e1lisis\u00a0del\u00a0sistema de transporte subterr\u00e1neo y superficial y sin\u00a0posibilidades de contener la revuelta social, Pi\u00f1era retrocedi\u00f3 en la ejecuci\u00f3n del aumento del metro. Sin embargo, esto tampoco sirvi\u00f3 para frenar las manifestaciones en repudio a su gobierno.<\/p>\n<p>Posteriormente, el gobierno se vio en la necesidad de mover un fuerte contingente militar desde otras regiones para enfrentar la situaci\u00f3n. Este movimiento sirvi\u00f3 como pre\u00e1mbulo a la aplicaci\u00f3n del toque de queda en la capital chilena.<\/p>\n<p>Con esta\u00a0<a href=\"https:\/\/www.t13.cl\/noticia\/nacional\/toque-queda-noche-del-25-al-26-octubre-ciudades-donde-rige-medida\" target=\"_blank\" rel=\"noopener\">medida<\/a>\u00a0que contemplaba el control militar de las calles de Santiago, los chilenos vivieron\u00a0un\u00a0<em>flashback<\/em>\u00a0de los tiempos de la dictadura de Augusto Pinochet. A pesar de esto, las protestas continuaron fuera de la capital y el toque de queda se extendi\u00f3 a otras\u00a0regiones como Antofagasta, Atacama, Valpara\u00edso, O&#8217;Higgins, etc.<\/p>\n<p>La crispaci\u00f3n social fue mayor cuando el presidente de Pi\u00f1era lanz\u00f3 la consigna\u00a0\"estamos en guerra\", haciendo referencia a un\u00a0supuesto enemigo implacable y poderoso, que estaba \"dispuesto a usar la violencia y la delincuencia sin ning\u00fan l\u00edmite\", una sentencia similar a la proferida por dictador Pinochet, en aras\u00a0fabricar en el imaginario social un \"enemigo interno\" que justificara la masacre contra el bloque social\u00a0que se opuso\u00a0a la dictadura.<\/p>\n<h4>OTROS RECLAMOS<\/h4>\n<p>Con la consigna \"no son treinta pesos, son treinta a\u00f1os\", el aumento del metro asom\u00f3 el reclamo de otras deudas sociales que atraviesan a CHile\u00a0producto de las pol\u00edticas neoliberales aplicadas desde la \u00e9poca de la dictadura.<\/p>\n<p>Un estudio revela que la desigualdad en Chile es desmedida, pues el 1% m\u00e1s rico se queda con m\u00e1s de un cuarto de la riqueza del pa\u00eds, mientras el 50% de las familias de menores ingresos tiene acceso solo al 2.1 %,\u00a0<a href=\"https:\/\/www.bbc.com\/mundo\/noticias-america-latina-50115798\" target=\"_blank\" rel=\"noopener\">refiere la BBC<\/a>.<\/p>\n<p>Los gremios de los sectores salud, transporte y educaci\u00f3n tambi\u00e9n\u00a0<a href=\"http:\/\/www.laizquierdadiario.cl\/Salud-precaria-52-cree-que-la-calidad-de-la-salud-en-chile-es-mala\" target=\"_blank\" rel=\"noopener\">se sumaron a las movilizaciones<\/a>\u00a0para reclamar mejoras salariales. Un a\u00f1o antes de la crisis, en la naci\u00f3n suramericana ya reclamaban por el descenso en la calidad en el servicio de salud p\u00fablico y privado, donde los m\u00e1s afectados eran los pobres y adultos mayores por la forma en la que se organiza este sistema.<\/p>\n<p>En cuanto al sector educativo, desde hace a\u00f1os\u00a0<a href=\"https:\/\/www.eldesconcierto.cl\/2019\/10\/30\/demanda-antineoliberal-en-chile-contra-la-educacion-de-mercado\/\" target=\"_blank\" rel=\"noopener\">demandan<\/a>\u00a0una educaci\u00f3n p\u00fablica gratuita.<\/p>\n<p>La violencia de la protesta tambi\u00e9n se descarg\u00f3 contra la clase pol\u00edtica chilena. Los\u00a0<a href=\"https:\/\/www.bbc.com\/mundo\/noticias-america-latina-50516866\" target=\"_blank\" rel=\"noopener\">sueldos mensuales<\/a>\u00a0de los senadores y diputados de ese pa\u00eds rondan cerca de los 10 millones de pesos (unos 11 mil d\u00f3lares).<\/p>\n<p>Esta cantidad representa un exabrupto para quienes los calificaron como \"ladrones y corruptos\". A pesar de que hubo resistencia\u00a0por parte de un sector, la presi\u00f3n social hizo que entrara en discusi\u00f3n la posibilidad de que se redujera el sueldo de los parlamentarios, reconocido como uno de los m\u00e1s altos de Latinoam\u00e9rica y el mundo.<\/p>\n<h4>\u00bfEL FIN DE UNA ERA?<\/h4>\n<p>Pinochet es uno de los referentes m\u00e1s sonados en la actual crisis de Chile. Adem\u00e1s de las actuaciones policiales y militares que evocan el periodo dictatorial, en el plano pol\u00edtico se puso sobre el tapete el hecho de que la actual Constituci\u00f3n de ese pa\u00eds fue aprobada por el dictador en 1980.<\/p>\n<p>Todas las demandas sociales en Chile confluyeron en la necesidad realizar cambios profundos en la estructura pol\u00edtica del Estado, eso implica, entre otras cosas, desligar\u00a0la Carta Magna de la era de Pinochet.<\/p>\n<p>Las primeras manifestaciones en las que se demandaba justicia social en \u00e1reas vitales como salud y educaci\u00f3n, evolucionaron a un punto en el que se ped\u00eda la renuncia de Sebasti\u00e1n Pi\u00f1era y de todo su gobierno.<\/p>\n<p>Con las \u00faltimas movilizaciones, reconocidas como las m\u00e1s multitudinarias en la historia del pa\u00eds sudamericano, se forz\u00f3 la convocatoria a\u00a0una Constituyente, a trav\u00e9s de un plesbicito pautado para abril de 2020.<\/p>\n<h4>ACTUACI\u00d3N DE LOS CARABINEROS Y MILITARES<\/h4>\n<p>Desde el inicio de la crisis, la actuaci\u00f3n de la pol\u00edcia chilena tuvo fuertes cuestionamientos en medios y redes sociales. El uso desmedido de la fuerza, denuncias por abusos sexuales, mal empleo del armamento reglamentario, robos y desapariciones, fueron\u00a0<a href=\"https:\/\/www.youtube.com\/watch?v=AYHJcOK-XQY\" target=\"_blank\" rel=\"noopener\">los hechos<\/a>\u00a0m\u00e1s denunciados.<\/p>\n<p>Un estudio realizado por la Universidad de Austral de Chile revel\u00f3 que el 80 % de los perdigones usados por los carabineros durante las manifestaciones \"tienen alta concentraci\u00f3n de plomo\". De las cuatro muestras estudiadas,\u00a0<a href=\"https:\/\/www.telesurtv.net\/news\/estudio-plomo-perdigones-carabineros-chile-20191122-0002.html\" target=\"_blank\" rel=\"noopener\">se determin\u00f3<\/a>\u00a0que adem\u00e1s de plomo, los proyectiles presentan concentraci\u00f3n de otros materiales met\u00e1licos.<\/p>\n<p>Desde el inicio de la crisis, 230 chilenos\u00a0<a href=\"https:\/\/www.jornada.com.mx\/ultimas\/mundo\/2019\/11\/14\/balines-de-la-policia-han-dejado-ciegos-a-230-chilenos-en-protestas-4461.html\" target=\"_blank\" rel=\"noopener\">han perdido la vista<\/a>\u00a0por disparos de la polic\u00eda.<\/p>\n<h4>RESPUESTA DE LA COMUNIDAD INTERNACIONAL<\/h4>\n<p>Unas de las actuaciones m\u00e1s cuestionadas durante el ciclo de protestas en Chile fue la de Michelle Bachelet. Si bien el uso desmedido de la fuerza por parte de los organismos de seguridad del Estado fue noticia a nivel global desde el 18 de octubre, la alta comisionada de la ONU para los Derechos Humanos se pronunci\u00f3 el 21 de ese mes.<\/p>\n<p>El hecho de ser chilena y presidenta del pa\u00eds en dos periodos no continuos, despert\u00f3 la indignaci\u00f3n de muchos de sus conciudadados.\u00a0Tres d\u00edas despu\u00e9s del pronunciamiento, la comisionada decidi\u00f3 enviar una comisi\u00f3n para\u00a0<a href=\"https:\/\/twitter.com\/mbachelet\/status\/1187403699246813185\" target=\"_blank\" rel=\"noopener\">\"verificar\"<\/a>\u00a0las denuncias de violaciones de los derechos humanos.\u00a0Para esa fecha, ya\u00a0<a href=\"https:\/\/www.youtube.com\/watch?v=Lg_BanUOqhE\" target=\"_blank\" rel=\"noopener\">la cifra de asesinados<\/a>\u00a0se elevaba a 18 y se contaban 1.500 heridos, seg\u00fan un balance presentado por las autoridades\u00a0un d\u00eda antes de su pronunciamiento.<\/p>\n<p>En cuanto a la Organizaci\u00f3n de Estados Americanos (OEA), cuya actuaci\u00f3n de su secretario general, Luis Almagro,\u00a0ha estado orientada de acuerdo a las decisiones de pol\u00edtica exterior de Estados Unidos, era de esperarse que su foco estuviera sobre Venezuela y los pa\u00edses no alineados a EE.UU.<\/p>\n<p>Desde que empez\u00f3 el conflicto en Chile ni en su periodo de mayor violencia hubo un pronunciamiento por parte del secretario del organismo multilateral.\u00a0Almagro se dedic\u00f3 a validar el golpe de Estado contra Evo Morales en Bolivia y a atacar a Venezuela y Cuba, mientras en Chile asesinaban a los manifestantes.<\/p>\n<p>Cuarenta d\u00edas despu\u00e9s, el secretario se refiri\u00f3 a Chile solo para\u00a0<a href=\"https:\/\/twitter.com\/Almagro_OEA2015\/status\/1199459558403522562\" target=\"_blank\" rel=\"noopener\">mencionar<\/a>\u00a0\"los retos que enfrentan los sistemas democr\u00e1ticos en la regi\u00f3n\", ambig\u00fcedad que coincide con la postura de Estados Unidos, que si bien no se\u00f1al\u00f3 a Venezuela directamente como responsable,\u00a0<a href=\"https:\/\/www.efe.com\/efe\/usa\/politica\/gobierno-denuncia-injerencia-externa-en-protestas-chile-y-apunta-a-rusia\/50000105-4100423\" target=\"_blank\" rel=\"noopener\">se refiri\u00f3<\/a>\u00a0a cierta influencia extranjera en el desarrollo de las protestas.<\/p>\n<p>Por su parte, la alta comosionada del Parlamento Europeo, Federica Mogherini, llam\u00f3 a \"una \u00e1gil investigaci\u00f3n de todos los cr\u00edmenes y violaciones de los derechos humanos, de todos los sectores\", al tiempo que\u00a0<a href=\"https:\/\/eeas.europa.eu\/delegations\/chile\/70462\/discurso-de-la-alta-representante-vice-presidenta-federica-mogherini-en-el-debate-plenario-del_es\" target=\"_blank\" rel=\"noopener\">elogi\u00f3<\/a>\u00a0las medidas del gobierno para responder a las demandas sociales.<\/p>\n<h4>UN BALANCE DE LA VIOLENCIA<\/h4>\n<p>Hasta el momento, tras cumplirse m\u00e1s de un mes de las revueltas sociales en Chile, el Instituto Nacional de Derecho Humanos de ese pa\u00eds report\u00f3 que 23 personas han fallecido, seg\u00fan la \u00faltima actualizaci\u00f3n.<\/p>\n<p>Asimismo, el organismo afirma que\u00a0ha recibido 340 denuncias contra agentes del Estado por diversos delitos. De ese total, 245 corresponden a denuncias por torturas y 58 casos de violencia sexual,\u00a0<a href=\"https:\/\/www.indh.cl\/a-un-mes-del-inicio-de-movilizaciones-indh-suma-345-querellas-interpuestas-contra-agentes-del-estado\/\" target=\"_blank\" rel=\"noopener\">detalla<\/a>\u00a0el informe.<\/p>\n<p>De los 2.381 heridos, 217 fueron lesionados de gravedad por disparos al rostro. Por otra parte, se cuentan 6.362 detenidos\u00a0en comisar\u00edas y centros de salud, ampl\u00eda\u00a0el\u00a0<a href=\"https:\/\/www.indh.cl\/\" target=\"_blank\" rel=\"noopener\">documento<\/a>.<\/p>\n<h4>EL ACTUAL ESCENARIO<\/h4>\n<p>Pese a los se\u00f1alamientos de organismos defensores de derechos humanos locales e internacionales, en la actualidad las calles de Chile siguen tomadas por los organismos de seguridad. El Estado de Emergencia se levant\u00f3 pero Pi\u00f1era present\u00f3 un\u00a0<a href=\"https:\/\/twitter.com\/LemusteleSUR\/status\/1199884231041835014\" target=\"_blank\" rel=\"noopener\">proyecto de ley<\/a>\u00a0para utilizar a las Fuerzas Armadas para \"la protecci\u00f3n de infraestructura p\u00fablica\".<\/p>\n<p>A pesar los acuerdos entre oposici\u00f3n y gobierno, que incluye el plesbicito del a\u00f1o que viene, las movilizaciones siguen\u00a0teniendo como demanda central\u00a0<a href=\"https:\/\/www.youtube.com\/watch?v=oMIphQVHwlE\" target=\"_blank\" rel=\"noopener\">la renuncia<\/a>\u00a0del presidente.<\/p>\n<p>Hasta el momento, la consulta de 2020 le alarga la vida pol\u00edtica a Sebasti\u00e1n Pi\u00f1era. El panorama\u00a0en el que se define si termina su mandato a\u00fan no est\u00e1 cerrado. Las grandes movilizaciones que congregaron a todos los sectores sociales de Chile, impulsores la Constituyente por la misma naturaleza que los conforma, no fueron capitalizadas por ning\u00fan sector pol\u00edtico.<\/p>\n<p>Entre tanto, Espa\u00f1a\u00a0<a href=\"https:\/\/www.t13.cl\/noticia\/nacional\/espana-enviara-instructores-adiestrar-policia-chilena\" target=\"_blank\" rel=\"noopener\">enviar\u00e1 especialistas<\/a>\u00a0en \"control de masas\"\u00a0por petici\u00f3n del ejecutivo chileno, con el fin de \"aprovechar la expericia espa\u00f1ola, tanto en Catalu\u00f1a como en el Pa\u00eds Vasco\". As\u00ed, el gobierno chileno busca cerrar a la fuerza un conflicto que hunde sus ra\u00edces en el quebradizo y catastr\u00f3fico orden neoliberal.<\/p>\n","protected":false},"excerpt":{"rendered":"<p>Kaosenlared, (29-11-19) &nbsp; A principios de octubre, lo que inici\u00f3 como una evasi\u00f3n masiva\u00a0en el metro de de Santiago de Chile como\u00a0forma de protesta\u00a0ante el aumento del servicio, se transform\u00f3 en un ciclo de protestas de 21 d\u00edas que pese a las represi\u00f3n, suspensi\u00f3n del incremento y otras medidas coyunturales por parte del gobierno de [&hellip;]<\/p>\n","protected":false},"author":1,"featured_media":37294,"comment_status":"open","ping_status":"open","sticky":false,"template":"","format":"standard","meta":{"footnotes":""},"categories":[14,12],"tags":[],"class_list":["post-37293","post","type-post","status-publish","format-standard","has-post-thumbnail","hentry","category-internacionales","category-politica-3"],"_links":{"self":[{"href":"https:\/\/debateplural.net\/site\/wp-json\/wp\/v2\/posts\/37293"}],"collection":[{"href":"https:\/\/debateplural.net\/site\/wp-json\/wp\/v2\/posts"}],"about":[{"href":"https:\/\/debateplural.net\/site\/wp-json\/wp\/v2\/types\/post"}],"author":[{"embeddable":true,"href":"https:\/\/debateplural.net\/site\/wp-json\/wp\/v2\/users\/1"}],"replies":[{"embeddable":true,"href":"https:\/\/debateplural.net\/site\/wp-json\/wp\/v2\/comments?post=37293"}],"version-history":[{"count":1,"href":"https:\/\/debateplural.net\/site\/wp-json\/wp\/v2\/posts\/37293\/revisions"}],"predecessor-version":[{"id":37295,"href":"https:\/\/debateplural.net\/site\/wp-json\/wp\/v2\/posts\/37293\/revisions\/37295"}],"wp:featuredmedia":[{"embeddable":true,"href":"https:\/\/debateplural.net\/site\/wp-json\/wp\/v2\/media\/37294"}],"wp:attachment":[{"href":"https:\/\/debateplural.net\/site\/wp-json\/wp\/v2\/media?parent=37293"}],"wp:term":[{"taxonomy":"category","embeddable":true,"href":"https:\/\/debateplural.net\/site\/wp-json\/wp\/v2\/categories?post=37293"},{"taxonomy":"post_tag","embeddable":true,"href":"https:\/\/debateplural.net\/site\/wp-json\/wp\/v2\/tags?post=37293"}],"curies":[{"name":"wp","href":"https:\/\/api.w.org\/{rel}","templated":true}]}}