{"id":37603,"date":"2019-12-14T10:12:51","date_gmt":"2019-12-14T14:12:51","guid":{"rendered":"http:\/\/debateplural.com\/?p=37603"},"modified":"2019-12-14T10:12:51","modified_gmt":"2019-12-14T14:12:51","slug":"carone-el-furioso-o-la-ira-imperial","status":"publish","type":"post","link":"https:\/\/debateplural.net\/site\/2019\/12\/14\/carone-el-furioso-o-la-ira-imperial\/","title":{"rendered":"Carone el furioso o la ira imperial"},"content":{"rendered":"<p>Randy Alonso Falc\u00f3n (Cubadebate, 13-12-19)<\/p>\n<p>&nbsp;<\/p>\n<p><strong>Mauricio Claver-Carone sali\u00f3 precipitado y furioso de Buenos Aires. Lo que hab\u00eda visto era demasiado para su prepotencia imperial.<\/strong>\u00a0Hab\u00eda llegado a la capital argentina encabezando la delegaci\u00f3n oficial de Estados Unidos a la toma de posesi\u00f3n de Alberto y Cristina Fern\u00e1ndez. Pero sufri\u00f3 ataque de escozor al saber de la presencia del Vicepresidente del gobierno venezolano Jorge Rodr\u00edguez y del expresidente ecuatoriano Rafael Correa.<\/p>\n<p><strong>El director de asuntos del Hemisferio Occidental en el Consejo de Seguridad Nacional de Estados Unidos no pudo aguantar siquiera hasta el momento de la ceremonia presidencial y cancel\u00f3 adem\u00e1s su reuni\u00f3n con el Presidente Fern\u00e1ndez y su ministro de Relaciones Exteriores<\/strong>. \"Desafortunadamente, debido a unas invitaciones y a algunas sorpresas que recibimos al llegar, decid\u00ed no ir y me voy temprano. No voy a tener las reuniones de trabajo que ten\u00eda programadas para ma\u00f1ana\", dijo a Clar\u00edn el funcionario yanqui antes de su intempestiva partida.<\/p>\n<p>Carone se\u00f1al\u00f3 que transmiti\u00f3 su disgusto y el mensaje suyo y de Trump al nuevo secretario de Asuntos Estrat\u00e9gicos de Argentina, Gustavo B\u00e9liz.<\/p>\n<p>El representante del Emperador no pod\u00eda admitir semejantes desaf\u00edos a su poder. Ya era de por s\u00ed bastante el recorrer miles de kil\u00f3metros para rendir honores a un binomio presidencial que derrot\u00f3 claramente al delf\u00edn de Washington en la lid electoral.<\/p>\n<p>Aunque no lo dijo p\u00fablicamente -ser\u00eda humillante-, al tal Carone debe haberle ca\u00eddo tambi\u00e9n como un recto de izquierda en el rostro, la presencia exitosa y seguida del Presidente cubano Miguel D\u00edaz-Canel y la evocaci\u00f3n frecuente al hist\u00f3rico viaje de Fidel a la Argentina en el a\u00f1o 2003. Carone, de origen cubano, es uno de los furibundos maquinadores de la andanada de medidas anticubanas aprobadas desde 2017 por la administraci\u00f3n Trump. Su odio visceral contra la Revoluci\u00f3n Cubana lo ha vertido con sa\u00f1a contra nuestro pueblo.<\/p>\n<p>\"&#8230;tenemos la mejor intenci\u00f3n de tener una relaci\u00f3n productiva para ayudar a la Argentina a progresar y para que \u00e9l tenga \u00e9xito (Fern\u00e1ndez). Sin embargo, estas distracciones no le traen ning\u00fan beneficio a la Argentina\", declar\u00f3 el funcionario imperial entre contrariado y amenazante. \"Jorge Rodr\u00edguez y Maduro no le traen ning\u00fan beneficio a la Agentina. Evo Morales no le trae ning\u00fan beneficio a la Argentina. Rafael Corre no le trae ning\u00fan beneficio a la Argentina. Son cuestiones al rev\u00e9s. Le quitan beneficio a la Argentina, y desenfocan lo que debe ser la prioridad de Argentina, que es el bienestar del pa\u00eds, y c\u00f3mo pueden trabajar bilaterlamente con nostros y con otros aliados\".<\/p>\n<p>Carone, quien fue representante estadounidense en el denostado Fondo Monetario Internacional, hab\u00eda ofrecido sus oficios para propiciar la relaci\u00f3n de Alberto Fern\u00e1ndez con el organismo financiero. \"Pero creo que tiene que saber que, o nos enfocamos en la relaci\u00f3n bilateral, en ayudar a los dos pa\u00edses a prosperar, a promover la democracia, los derechos humanos y el crecimiento econ\u00f3mico, o permitimos que todos esos dictadores de segunda y tercera categor\u00eda sigan amenazando y secuestrando al hemisferio y a la pol\u00edtica del hemisferio\", se\u00f1al\u00f3.<\/p>\n<p>Para el Washington del tuitero Trump no es tiempo de ceremonias. O se est\u00e1 con \u00e9l o se est\u00e1 contra \u00e9l. Claver-Carone es un buen reflejo de los vi\u00f1edos de la ira que imperan en los predios del imperio. Dicen que esta ma\u00f1ana lo volvieron a ver con el rostro rojo y los dientes apretados cuando aterriz\u00f3 en Argentina el avi\u00f3n que llevaba a Evo Morales, recibido como asilado pol\u00edtico en ese pa\u00eds. Hay gobiernos genuflexos en la regi\u00f3n, \u00a1y que los hay!, pero tambi\u00e9n queda dignidad y buen tino por estos lares.<\/p>\n","protected":false},"excerpt":{"rendered":"<p>Randy Alonso Falc\u00f3n (Cubadebate, 13-12-19) &nbsp; Mauricio Claver-Carone sali\u00f3 precipitado y furioso de Buenos Aires. Lo que hab\u00eda visto era demasiado para su prepotencia imperial.\u00a0Hab\u00eda llegado a la capital argentina encabezando la delegaci\u00f3n oficial de Estados Unidos a la toma de posesi\u00f3n de Alberto y Cristina Fern\u00e1ndez. Pero sufri\u00f3 ataque de escozor al saber de [&hellip;]<\/p>\n","protected":false},"author":1,"featured_media":37604,"comment_status":"open","ping_status":"open","sticky":false,"template":"","format":"standard","meta":{"footnotes":""},"categories":[14,12],"tags":[],"class_list":["post-37603","post","type-post","status-publish","format-standard","has-post-thumbnail","hentry","category-internacionales","category-politica-3"],"_links":{"self":[{"href":"https:\/\/debateplural.net\/site\/wp-json\/wp\/v2\/posts\/37603"}],"collection":[{"href":"https:\/\/debateplural.net\/site\/wp-json\/wp\/v2\/posts"}],"about":[{"href":"https:\/\/debateplural.net\/site\/wp-json\/wp\/v2\/types\/post"}],"author":[{"embeddable":true,"href":"https:\/\/debateplural.net\/site\/wp-json\/wp\/v2\/users\/1"}],"replies":[{"embeddable":true,"href":"https:\/\/debateplural.net\/site\/wp-json\/wp\/v2\/comments?post=37603"}],"version-history":[{"count":1,"href":"https:\/\/debateplural.net\/site\/wp-json\/wp\/v2\/posts\/37603\/revisions"}],"predecessor-version":[{"id":37605,"href":"https:\/\/debateplural.net\/site\/wp-json\/wp\/v2\/posts\/37603\/revisions\/37605"}],"wp:featuredmedia":[{"embeddable":true,"href":"https:\/\/debateplural.net\/site\/wp-json\/wp\/v2\/media\/37604"}],"wp:attachment":[{"href":"https:\/\/debateplural.net\/site\/wp-json\/wp\/v2\/media?parent=37603"}],"wp:term":[{"taxonomy":"category","embeddable":true,"href":"https:\/\/debateplural.net\/site\/wp-json\/wp\/v2\/categories?post=37603"},{"taxonomy":"post_tag","embeddable":true,"href":"https:\/\/debateplural.net\/site\/wp-json\/wp\/v2\/tags?post=37603"}],"curies":[{"name":"wp","href":"https:\/\/api.w.org\/{rel}","templated":true}]}}