{"id":37709,"date":"2019-12-18T11:59:26","date_gmt":"2019-12-18T15:59:26","guid":{"rendered":"http:\/\/debateplural.com\/?p=37709"},"modified":"2019-12-18T11:59:26","modified_gmt":"2019-12-18T15:59:26","slug":"libertad-para-julian-assange-2","status":"publish","type":"post","link":"https:\/\/debateplural.net\/site\/2019\/12\/18\/libertad-para-julian-assange-2\/","title":{"rendered":"Libertad para Julian Assange"},"content":{"rendered":"<p><span class=\"post-meta-author\">\u00a0REDH-Cuba (17-12-19)<\/span><\/p>\n<p>&nbsp;<\/p>\n<p>En un comunicado p\u00fablico del primero de noviembre \u00faltimo, el Relator Especial de las Naciones Unidas sobre la Tortura, Nils Melzer, expres\u00f3 \u201csu alarma por el continuo deterioro de la salud de Julian Assange desde su arresto y detenci\u00f3n a principios de este a\u00f1o, al afirmar que su vida est\u00e1 ahora en peligro\u201d.(1)<\/p>\n<p>Melzer, en su informe de mayo, hab\u00eda expresado: \u201cEn 20 a\u00f1os de trabajo con v\u00edctimas de guerra, violencia y persecuci\u00f3n pol\u00edtica,\u00a0<strong>nunca hab\u00eda visto a un grupo de Estados democr\u00e1ticos unirse para aislar, demonizar y abusar\u00a0<\/strong>deliberadamente de un individuo durante tanto tiempo y sin respetar la dignidad humana ni el estado de derecho\u201d. \u00c9l acababa de visitarlo con un equipo m\u00e9dico especializado en la c\u00e1rcel de alta seguridad de Belmarsh, Londres.<\/p>\n<p>Una de sus conclusiones es que el detenido \u201cmostr\u00f3 todos los s\u00edntomas t\u00edpicos de una\u00a0<strong>exposici\u00f3n prolongada a tortura psicol\u00f3gica<\/strong>, estr\u00e9s extremo, ansiedad cr\u00f3nica y trauma psicol\u00f3gico\u201d.<\/p>\n<p>Assange se refugi\u00f3 en junio del 2012 en la embajada de Ecuador en Londres. En agosto el gobierno del presidente Rafael Correa le concedi\u00f3 asilo pol\u00edtico. El no poder salir de ah\u00ed, pues ser\u00eda arrestado y seguramente extraditado a Estados Unidos, lo convirti\u00f3 en un prisionero. La nacionalidad ecuatoriana que se le otorg\u00f3 en diciembre de 2017 no fue suficiente para cambiar su situaci\u00f3n.<\/p>\n<p>El 11 de abril de este a\u00f1o el nuevo presidente de Ecuador, Lenin Moreno, a pedido del gobierno estadounidense, le retir\u00f3 el asilo y la nacionalidad. Entonces fue entregado a las autoridades brit\u00e1nicas, quienes lo confinaron en Belmarsh. Aislado, y sin poder preparar su defensa, est\u00e1 a la espera de un juicio que decidir\u00e1 su extradici\u00f3n a Estados Unidos donde bajo los cargos actuales podr\u00eda ser condenado hasta a 175 a\u00f1os de c\u00e1rcel.<\/p>\n<p>Assange, editor de WikiLeaks, est\u00e1 acusado por Washington de \u201cconspiraci\u00f3n\u201d y \u201cespionaje\u201d, al haber hecho part\u00edcipe a muchos medios de prensa en el mundo de los \u201cDiarios de Guerra\u201d. Estos son miles de documentos militares y diplom\u00e1ticos sobre m\u00faltiples cr\u00edmenes de guerra estadounidenses en Afganist\u00e1n e Irak.<\/p>\n<p>El Relator Melzer dijo sobre esto: \u201cMientras el gobierno de Estados Unidos procesa al Sr. Assange por publicar informaci\u00f3n sobre graves violaciones de derechos humanos, incluyendo tortura y asesinato, los funcionarios responsables de estos cr\u00edmenes contin\u00faan gozando de impunidad\u201d.<\/p>\n<p>Entre otros, su trabajo fue reconocido en 2011 con el Premio Walkley por su Contribuci\u00f3n Destacada al Periodismo; el Premio Martha Gellhorn de Periodismo; el Premio \u00cdndice de Censura; el New Media Award de\u00a0<em>The Economist;<\/em>\u00a0el New Media Award de Amnist\u00eda Internacional y el Premio Gavin MacFayden de 2019. WikiLeaks tambi\u00e9n fue nominado en 2015 para el Premio Mandela de la ONU y siete veces para el Premio Nobel de la Paz (de 2010 a 2015 y en 2019).<\/p>\n<p>Hace unas semanas un grupo de periodistas y comunicadores iniciaron una campa\u00f1a por su libertad. En ella se proclama: \u201c<em>Si el Gobierno de Estados Unidos puede procesar a Julian Assange por publicar documentos clasificados, despejar\u00e1 el camino para que los gobiernos enjuicien a periodistas en cualquier parte del mundo, lo cual sentar\u00eda un peligroso precedente para la libertad de prensa a nivel mundial<\/em>\u00a0[\u2026]\u00a0<em>En una democracia, se deben poder revelar cr\u00edmenes de guerra y casos de tortura y abuso sin tener que ir a la c\u00e1rcel. \u00c9se es, precisamente, el papel de la prensa en una democracia<\/em>\u201d.\u00a0<em>(2)<\/em><\/p>\n<p>A la fecha no han respondido ni mil periodistas a ese Llamado. Muy pocas organizaciones de derechos humanos han asumido seriamente la defensa de su caso.<\/p>\n<p>\u00bfPor qu\u00e9 esta actitud hacia Assange? El Relator Especial, Melzer, tiene una explicaci\u00f3n: \u201cDespu\u00e9s de haber sido deshumanizado mediante el aislamiento, el rid\u00edculo y la verg\u00fcenza, fue muy f\u00e1cil privarlo de sus derechos fundamentales sin provocar la indignaci\u00f3n de la opini\u00f3n p\u00fablica mundial\u201d.<\/p>\n<p>El editorial de\u00a0<em>Le Monde diplomatique<\/em>\u00a0de diciembre 2018, dice: \u201cLa persecuci\u00f3n al se\u00f1or. Assange por parte de las autoridades estadounidenses se ve alentada por la cobard\u00eda de los periodistas que lo abandonan a su suerte, e incluso se deleitan con su desgracia\u201d.<\/p>\n<p>Por tanto, nosotros, integrantes de la Red en Defensa de la Humanidad y quienes tengan a bien sumarse a este llamado, exigimos el respeto al debido proceso, la no extradici\u00f3n y la liberaci\u00f3n inmediata de Julian Assange. Instamos a los organismos nacionales e internacionales, a los intelectuales y a periodistas y sus medios a poner fin a la campa\u00f1a emprendida contra este valiente ser humano por el delito de revelar cr\u00edmenes de guerra contra la humanidad. Exigimos que se comunique verazmente a la opini\u00f3n p\u00fablica sobre esta terrible violaci\u00f3n a sus derechos fundamentales.<\/p>\n<p>Como dice el Llamado de los periodistas: \u201cLos tiempos peligrosos exigen un periodismo valiente\u201d.<\/p>\n","protected":false},"excerpt":{"rendered":"<p>\u00a0REDH-Cuba (17-12-19) &nbsp; En un comunicado p\u00fablico del primero de noviembre \u00faltimo, el Relator Especial de las Naciones Unidas sobre la Tortura, Nils Melzer, expres\u00f3 \u201csu alarma por el continuo deterioro de la salud de Julian Assange desde su arresto y detenci\u00f3n a principios de este a\u00f1o, al afirmar que su vida est\u00e1 ahora en [&hellip;]<\/p>\n","protected":false},"author":1,"featured_media":21861,"comment_status":"open","ping_status":"open","sticky":false,"template":"","format":"standard","meta":{"footnotes":""},"categories":[14,12],"tags":[],"class_list":["post-37709","post","type-post","status-publish","format-standard","has-post-thumbnail","hentry","category-internacionales","category-politica-3"],"_links":{"self":[{"href":"https:\/\/debateplural.net\/site\/wp-json\/wp\/v2\/posts\/37709"}],"collection":[{"href":"https:\/\/debateplural.net\/site\/wp-json\/wp\/v2\/posts"}],"about":[{"href":"https:\/\/debateplural.net\/site\/wp-json\/wp\/v2\/types\/post"}],"author":[{"embeddable":true,"href":"https:\/\/debateplural.net\/site\/wp-json\/wp\/v2\/users\/1"}],"replies":[{"embeddable":true,"href":"https:\/\/debateplural.net\/site\/wp-json\/wp\/v2\/comments?post=37709"}],"version-history":[{"count":1,"href":"https:\/\/debateplural.net\/site\/wp-json\/wp\/v2\/posts\/37709\/revisions"}],"predecessor-version":[{"id":37710,"href":"https:\/\/debateplural.net\/site\/wp-json\/wp\/v2\/posts\/37709\/revisions\/37710"}],"wp:featuredmedia":[{"embeddable":true,"href":"https:\/\/debateplural.net\/site\/wp-json\/wp\/v2\/media\/21861"}],"wp:attachment":[{"href":"https:\/\/debateplural.net\/site\/wp-json\/wp\/v2\/media?parent=37709"}],"wp:term":[{"taxonomy":"category","embeddable":true,"href":"https:\/\/debateplural.net\/site\/wp-json\/wp\/v2\/categories?post=37709"},{"taxonomy":"post_tag","embeddable":true,"href":"https:\/\/debateplural.net\/site\/wp-json\/wp\/v2\/tags?post=37709"}],"curies":[{"name":"wp","href":"https:\/\/api.w.org\/{rel}","templated":true}]}}