{"id":38070,"date":"2020-01-04T10:51:27","date_gmt":"2020-01-04T14:51:27","guid":{"rendered":"http:\/\/debateplural.com\/?p=38070"},"modified":"2020-01-04T10:51:27","modified_gmt":"2020-01-04T14:51:27","slug":"trump-quiza-con-fines-electorales-ordeno-asesinar-con-misiles-a-general-irani","status":"publish","type":"post","link":"https:\/\/debateplural.net\/site\/2020\/01\/04\/trump-quiza-con-fines-electorales-ordeno-asesinar-con-misiles-a-general-irani\/","title":{"rendered":"Trump, quiz\u00e1 con fines electorales, orden\u00f3 asesinar con misiles a general iran\u00ed"},"content":{"rendered":"<p>Isabella Arria (CLAE, 4-1-20)<\/p>\n<p>&nbsp;<\/p>\n<p>El comandante de la fuerza de elite Quds de la Guardia Revolucionaria iran\u00ed, el general Qasem Soleimani, fue asesinado en la madrugada del viernes durante un bombardeo con drones y misiles realizado por orden del presidente de Estados Unidos, Donald Trump, quiz\u00e1 como medida propagand\u00edstica en la campa\u00f1a para su reelecci\u00f3n.<\/p>\n<p>\u201cLa peligrosa escalada de Donald Trump nos acerca a\u00fan m\u00e1s a otra guerra desastrosa en Medio Oriente\u201d, fue la primera reacci\u00f3n de Bernie Sanders, uno de los principales dirigentes dem\u00f3cratas y precandidato a las pr\u00f3ximas elecciones presidenciales, mientras que el exvicepresidente Joe Biden, asegur\u00f3 que \u201cel presidente Trump acaba de tirar un cartucho de dinamita en un polvor\u00edn, y le debe al pueblo estadounidense una explicaci\u00f3n por lo que hizo\u201d.<\/p>\n<p>El ataque representa un salto de consecuencias impredecibles en la escalada que en las \u00faltimas semanas protagonizaron las fuerzas estadounidenses con los movimientos proiran\u00edes en Irak. EEUU ya hab\u00eda realizado el domingo cinco bombardeos en la frontera entre Irak y Siria, que causaron por lo menos 25 muertos.<\/p>\n<p>Como respuesta, centenares de manifestantes rodearon el martes la folrtificada\u00a0embajada estadounidense en Bagdad y atravesaron su muro exterior al grito de \u201c\u00a1Muerte a Estados Unidos!\u201d, en una acci\u00f3n que record\u00f3 la toma de la embajada estadounidense en Teher\u00e1n, una humillaci\u00f3n que le cost\u00f3 la presidencia a Jimmy Carter. Trump prometi\u00f3 vengarse y cumpli\u00f3 con la muerte de Soleimani, antiguo objetivo del Pent\u00e1gono, que desde abril de 2019 considera al Quds como una \u201corganizaci\u00f3n terrorista\u201d.<\/p>\n<p>El ataque de este viernes alcanz\u00f3 al auto en que Soleimani se retiraba del aeropuerto de Bagdad y tambi\u00e9n caus\u00f3 la muerte de Abu Mehdi al Muhandis, el n\u00famero dos de las proiran\u00edes Fuerzas de Movilizaci\u00f3n Popular (FMP), que lo hab\u00eda ido a recibir al aeropuerto.<\/p>\n<p>Al menos ocho personas murieron y varias m\u00e1s resultaron heridas el jueves tras el disparo de tres cohetes contra el aeropuerto de Bagdad, tres d\u00edas despu\u00e9s de que manifestantes pro iran\u00edes atacaran la embajada estadounidense.<\/p>\n<p>El ministerio de Defensa estadounidense (Pent\u00e1gono) se\u00f1al\u00f3 que \u201cel general Soleimani estaba desarrollando activamente planes para atacar a los diplom\u00e1ticos y miembros del servicio estadounidenses en Irak y en toda la regi\u00f3n. Este ataque ten\u00eda como objetivo disuadir futuros planes de ataque iran\u00edes. EEUU continuar\u00e1 tomando todas las medidas necesarias para proteger a nuestra gente y nuestros intereses en cualquier parte del mundo\u201d.<\/p>\n<p>Por su parte, el propio Donald Trump se limit\u00f3 a tuitear, minutos antes de que se difundiera el comunicado, una bandera norteamericana sin ning\u00fan texto acompa\u00f1\u00e1ndola.<\/p>\n<p>\u00abSe\u00f1or Trump sepa que estamos cerca de usted en ese lugar en el que no se imagina. Usted empezar\u00e1 la guerra, pero seremos nosotros los que la terminaremos\u00bb, afirm\u00f3 hace 18 meses el general asesinado<\/p>\n<p>El ministro de asuntos extranjeros de Ir\u00e1n, Mohammed Javad Zarif, denunci\u00f3 \u201cuna escalada extremadamente peligrosa e imprudente\u201d y resalt\u00f3 que EU \u201ctendr\u00e1 que hacerse cargo de todas las consecuencias de su aventurerismo irresponsable\u201d. Tambi\u00e9n se encarg\u00f3 de destacar que Soleimani hab\u00eda sido \u201cel m\u00e1s efectivo combatiente contra el Estado Isl\u00e1mico\u201d.<\/p>\n<p>El ayatol\u00e1 Jamenei llam\u00f3 a vengar la muerte del general y anunci\u00f3 que \u201cuna venganza implacable espera a los criminales que se han manchado las manos con su sangre\u201d, mientras que el antiguo jefe de la Guardia Revolucionaria, Mohsen Rezai, escribi\u00f3 en Twitter que \u201cSoleimani se uni\u00f3 a nuestros m\u00e1rtires, pero nuestra venganza sobre Am\u00e9rica ser\u00e1 terrible\u201d.<\/p>\n<p><strong>Qasem Soleimani, atacado con misiles por orden de Trump<\/strong><\/p>\n<p>Nacido en marzo de 1957, Sleimani se incorpor\u00f3 a la Guardia Revolucionaria en 1979, poco despu\u00e9s de la Revoluci\u00f3n Isl\u00e1mica encabezada por el ayatol\u00e1 Jomeini que termin\u00f3 con el poder de los Sha, viejos aliados de Estados Unidos en la regi\u00f3n. Particip\u00f3 en la guerra entre Ir\u00e1n e Irak y tambi\u00e9n en Afganist\u00e1n.<\/p>\n<p>Pero adquiri\u00f3 notoriedad cuando a principios de 1998 lleg\u00f3 a la jefatura de Al-Quds, el brazo exterior de la Guardia Revolucionaria, fundamentalmente encargado de organizar y sostener a las fuerzas chi\u00edtas proiran\u00edes en Siria, L\u00edbano e Irak.<\/p>\n<p>En Ir\u00e1n hablaba con todas las facciones, ten\u00eda l\u00ednea directa con el l\u00edder supremo y era el responsable de la pol\u00edtica regional. En las \u00faltimas dos d\u00e9cadas, Suleimani cosech\u00f3 un \u00e9xito notable en la misi\u00f3n de la divisi\u00f3n Quds: ampliar la influencia iran\u00ed en el extranjero.<\/p>\n<p>En el ambiente ca\u00f3tico y letal que sigui\u00f3 a la invasi\u00f3n estadounidense de Irak de 2003 y al levantamiento de Siria de 2011, Suleimani vio la oportunidad de construir una creciente fuerza proiran\u00ed en toda la regi\u00f3n: desde el L\u00edbano, por el oeste; hasta Yemen, por el sur.<\/p>\n<p>De estrecha relaci\u00f3n con el ayatol\u00e1 Al\u00ed Jamenei, considerado el l\u00edder supremo de Ir\u00e1n, fue nombrado general de divisi\u00f3n en 2011. Desde ese puesto se convirti\u00f3 en leyenda. A sus cualidades como estratega se atribuyen todos los avances iran\u00edes en la regi\u00f3n, sobre todo la exitosa lucha contra las fuerzas del Estado Isl\u00e1mico durante la Guerra Civil en Siria.<\/p>\n<p>En todos esos a\u00f1os, con su ayuda a Hezbola en L\u00edbano, al presidente Bashar al Asad en Siria y a las Fuerzas de Movilizaci\u00f3n Popular en Irak, Soleimani consolid\u00f3 el poder regional de Ir\u00e1n y sus aliados chi\u00edtas, para desesperaci\u00f3n de Israel y los sunnitas respaldados por Arabia Saudita que permanentemente exigieron a Trump que interviniera.<\/p>\n<p>En los \u00faltimos a\u00f1os hab\u00eda crecido su influencia en los c\u00edrculos de poder de Teher\u00e1n, acompa\u00f1ada con un toque \u201cmodernizador\u201d por su popular presencia en Instagram. Y ya, se consideraba decisiva su influencia en las sucesivas tratativas para formar gobierno en Irak, un pa\u00eds donde la mayor\u00eda de la poblaci\u00f3n es chi\u00edta.<\/p>\n","protected":false},"excerpt":{"rendered":"<p>Isabella Arria (CLAE, 4-1-20) &nbsp; El comandante de la fuerza de elite Quds de la Guardia Revolucionaria iran\u00ed, el general Qasem Soleimani, fue asesinado en la madrugada del viernes durante un bombardeo con drones y misiles realizado por orden del presidente de Estados Unidos, Donald Trump, quiz\u00e1 como medida propagand\u00edstica en la campa\u00f1a para su [&hellip;]<\/p>\n","protected":false},"author":1,"featured_media":38071,"comment_status":"open","ping_status":"open","sticky":false,"template":"","format":"standard","meta":{"footnotes":""},"categories":[14,12],"tags":[],"class_list":["post-38070","post","type-post","status-publish","format-standard","has-post-thumbnail","hentry","category-internacionales","category-politica-3"],"_links":{"self":[{"href":"https:\/\/debateplural.net\/site\/wp-json\/wp\/v2\/posts\/38070"}],"collection":[{"href":"https:\/\/debateplural.net\/site\/wp-json\/wp\/v2\/posts"}],"about":[{"href":"https:\/\/debateplural.net\/site\/wp-json\/wp\/v2\/types\/post"}],"author":[{"embeddable":true,"href":"https:\/\/debateplural.net\/site\/wp-json\/wp\/v2\/users\/1"}],"replies":[{"embeddable":true,"href":"https:\/\/debateplural.net\/site\/wp-json\/wp\/v2\/comments?post=38070"}],"version-history":[{"count":1,"href":"https:\/\/debateplural.net\/site\/wp-json\/wp\/v2\/posts\/38070\/revisions"}],"predecessor-version":[{"id":38072,"href":"https:\/\/debateplural.net\/site\/wp-json\/wp\/v2\/posts\/38070\/revisions\/38072"}],"wp:featuredmedia":[{"embeddable":true,"href":"https:\/\/debateplural.net\/site\/wp-json\/wp\/v2\/media\/38071"}],"wp:attachment":[{"href":"https:\/\/debateplural.net\/site\/wp-json\/wp\/v2\/media?parent=38070"}],"wp:term":[{"taxonomy":"category","embeddable":true,"href":"https:\/\/debateplural.net\/site\/wp-json\/wp\/v2\/categories?post=38070"},{"taxonomy":"post_tag","embeddable":true,"href":"https:\/\/debateplural.net\/site\/wp-json\/wp\/v2\/tags?post=38070"}],"curies":[{"name":"wp","href":"https:\/\/api.w.org\/{rel}","templated":true}]}}