{"id":3816,"date":"2016-02-13T15:24:49","date_gmt":"2016-02-13T15:24:49","guid":{"rendered":"http:\/\/debateplural.com\/?p=3816"},"modified":"2016-06-23T14:04:47","modified_gmt":"2016-06-23T14:04:47","slug":"turquia-y-arabia-saudita-podrian-lanzar-una-operacion-terrestre-en-siria","status":"publish","type":"post","link":"https:\/\/debateplural.net\/site\/2016\/02\/13\/turquia-y-arabia-saudita-podrian-lanzar-una-operacion-terrestre-en-siria\/","title":{"rendered":"Turqu\u00eda y Arabia Saudita podr\u00edan lanzar una operaci\u00f3n terrestre en Siria"},"content":{"rendered":"<div id=\"attachment_1544\" style=\"width: 610px\" class=\"wp-caption aligncenter\"><img loading=\"lazy\" decoding=\"async\" aria-describedby=\"caption-attachment-1544\" class=\"size-full wp-image-1544\" src=\"http:\/\/tripletecnologia.com\/website\/debateplural\/wp-content\/uploads\/2016\/02\/aviones-de-combate-su-34-su-24m-y-su-25sm-fueron-utilizados-para-la-operacic3b3n-3.jpg\" alt=\"Aviones de combate Su-34, Su-24M y Su-25SM fueron utilizados para la operaci\u00f3n.\" width=\"600\" height=\"340\" \/><p id=\"caption-attachment-1544\" class=\"wp-caption-text\">Aviones de combate Su-34, Su-24M y Su-25SM fueron utilizados para la operaci\u00f3n.<\/p><\/div>\n<p style=\"text-align:justify;\"><a href=\"http:\/\/localhost\/debateplural\/tag\/arabia-saudita\">Arabia Saudita<\/a> va a desplegar aviones militares y personal en la base a\u00e9rea de Incirlik en <a href=\"http:\/\/localhost\/debateplural\/tag\/turquia\">Turqu\u00eda<\/a> en el sur del pa\u00eds.<\/p>\n<p style=\"text-align:justify;\">\"Si hay una estrategia, entonces Turqu\u00eda y Arabia Saudita podr\u00edan lanzar una operaci\u00f3n terrestre\", ha declarado el canciller turco, Mevlut Cavusoglu,\u00a0informa <a href=\"https:\/\/www.alarabiya.net\/\" target=\"_blank\">Al Arabiya<\/a>.<!--more--><\/p>\n<p style=\"text-align:justify;\">\"Arabia Saudita tambi\u00e9n env\u00eda aviones a Turqu\u00eda, a la base a\u00e9rea Incirlik. Ellos [los funcionarios sauditas] llegaron e hicieron un reconocimiento de la base. De momento no est\u00e1 claro cu\u00e1ntos aviones llegar\u00e1n\", afirm\u00f3 el canciller turco.<\/p>\n<p style=\"text-align:justify;\">Seg\u00fan Mevlut Cavusoglu, el despliegue forma parte del esfuerzo de la coalici\u00f3n liderada por <a href=\"http:\/\/localhost\/debateplural\/tag\/estados-unidos\">Estados Unidos<\/a> para derrotar al movimiento yihadista del <a href=\"https:\/\/actualidad.rt.com\/actualidad\/181298-ei-estado-islamico-terrorismo\" target=\"_blank\">Estado Isl\u00e1mico<\/a>.\u00a0Las Fuerzas A\u00e9reas de EE.UU. ya utilizan la base a\u00e9rea de Incirlik en Turqu\u00eda para efectuar vuelos sobre <a href=\"http:\/\/localhost\/debateplural\/tag\/siria\">Siria<\/a>.<\/p>\n<p style=\"text-align:justify;\">Por su parte, <a href=\"https:\/\/actualidad.rt.com\/actualidad\/198728-arabia-saudita-siria-tropas-terrestres-estado-islamico\" target=\"_blank\">Arabia Saudita<\/a>, Bar\u00e9in y Emiratos \u00c1rabes Unidos ya expresaron anteriormente su disposici\u00f3n a enviar sus tropas a Siria. Damasco y su aliado regional clave, Ir\u00e1n, han advertido que dicha fuerza extranjera se enfrentar\u00eda a una fuerte resistencia.<\/p>\n<h3>Arabia Saud\u00ed rumbo a Siria<\/h3>\n<p style=\"text-align:justify;\">Seg\u00fan la <a href=\"http:\/\/edition.cnn.com\/2016\/02\/06\/middleeast\/syria-civil-war-saudi-iran\/index.html\" target=\"_blank\">CNN<\/a>, Arabia Saudita <a href=\"https:\/\/actualidad.rt.com\/actualidad\/199272-revelar-fecha-invasion-saudi-siria\" target=\"_blank\">planea<\/a>\u00a0enviar tropas a Siria en marzo de 2016. Se trata de un total de 150.000 soldados entre los que participar\u00e1n tambi\u00e9n efectivos\u00a0de Egipto, Sud\u00e1n, Jordania, Marruecos, Kuwait, EAU, Bar\u00e9in, Catar y Turqu\u00eda. Adem\u00e1s, se especifica que a estos ej\u00e9rcitos se unir\u00e1n las fuerzas de Malasia, Indonesia y Brun\u00e9i.<\/p>\n<p style=\"text-align:justify;\">El periodista brit\u00e1nico Finian Cunningham sostiene\u00a0que el plan saud\u00ed de env\u00edo de tropas terrestres a Siria parece ser una simple estratagema. Sin embargo, advierte, es justamente el tipo de ruido de sables imprudente que puede encender una guerra total en que pueden acabar enred\u00e1ndose EE.UU. y Rusia.<\/p>\n<p style=\"text-align:justify;\">Seg\u00fan recuerda el analista, en las \u00faltimas semanas el secretario de Defensa de EE.UU., Ashton Carter, y otros funcionarios estadounidenses de alto rango, entre ellos el vicepresidente Joe Biden han reclamado una mayor acci\u00f3n militar \u00e1rabe regional contra el EI en Siria e Irak.<\/p>\n<h3>Rusia sobre una operaci\u00f3n terrestre en Siria<\/h3>\n<p style=\"text-align:justify;\">En su <a href=\"https:\/\/actualidad.rt.com\/actualidad\/199525-rusia-tercera-guerra-mundial-munich-conferencia\" target=\"_blank\">intervenci\u00f3n<\/a>\u00a0ante la Conferencia de Seguridad internacional en M\u00fanich, el primer ministro ruso, Dmitri Medv\u00e9dev, ha advertido del riesgo de una operaci\u00f3n terrestre en Siria. Seg\u00fan el canciller ruso, <a href=\"https:\/\/actualidad.rt.com\/actualidad\/164633-lavrov-politica-rusia\" target=\"_blank\">Sergu\u00e9i Lavrov<\/a>, la operaci\u00f3n terrestre en Siria \"solo agravar\u00e1 el conflicto\".<\/p>\n","protected":false},"excerpt":{"rendered":"<p>Arabia Saudita va a desplegar aviones militares y personal en la base a\u00e9rea de Incirlik en Turqu\u00eda en el sur del pa\u00eds. \"Si hay una estrategia, entonces Turqu\u00eda y Arabia Saudita podr\u00edan lanzar una operaci\u00f3n terrestre\", ha declarado el canciller turco, Mevlut Cavusoglu,\u00a0informa Al Arabiya.<\/p>\n","protected":false},"author":1,"featured_media":7650,"comment_status":"open","ping_status":"open","sticky":false,"template":"","format":"standard","meta":{"footnotes":""},"categories":[14],"tags":[47,8,41,51],"class_list":["post-3816","post","type-post","status-publish","format-standard","has-post-thumbnail","hentry","category-internacionales","tag-arabia-saudita","tag-estados-unidos","tag-siria","tag-turquia"],"_links":{"self":[{"href":"https:\/\/debateplural.net\/site\/wp-json\/wp\/v2\/posts\/3816"}],"collection":[{"href":"https:\/\/debateplural.net\/site\/wp-json\/wp\/v2\/posts"}],"about":[{"href":"https:\/\/debateplural.net\/site\/wp-json\/wp\/v2\/types\/post"}],"author":[{"embeddable":true,"href":"https:\/\/debateplural.net\/site\/wp-json\/wp\/v2\/users\/1"}],"replies":[{"embeddable":true,"href":"https:\/\/debateplural.net\/site\/wp-json\/wp\/v2\/comments?post=3816"}],"version-history":[{"count":1,"href":"https:\/\/debateplural.net\/site\/wp-json\/wp\/v2\/posts\/3816\/revisions"}],"predecessor-version":[{"id":7651,"href":"https:\/\/debateplural.net\/site\/wp-json\/wp\/v2\/posts\/3816\/revisions\/7651"}],"wp:featuredmedia":[{"embeddable":true,"href":"https:\/\/debateplural.net\/site\/wp-json\/wp\/v2\/media\/7650"}],"wp:attachment":[{"href":"https:\/\/debateplural.net\/site\/wp-json\/wp\/v2\/media?parent=3816"}],"wp:term":[{"taxonomy":"category","embeddable":true,"href":"https:\/\/debateplural.net\/site\/wp-json\/wp\/v2\/categories?post=3816"},{"taxonomy":"post_tag","embeddable":true,"href":"https:\/\/debateplural.net\/site\/wp-json\/wp\/v2\/tags?post=3816"}],"curies":[{"name":"wp","href":"https:\/\/api.w.org\/{rel}","templated":true}]}}