{"id":38485,"date":"2020-01-23T08:16:57","date_gmt":"2020-01-23T12:16:57","guid":{"rendered":"http:\/\/debateplural.com\/?p=38485"},"modified":"2020-01-23T11:38:34","modified_gmt":"2020-01-23T15:38:34","slug":"el-disparatado-paseo-de-guaido-por-una-europa-fracturada","status":"publish","type":"post","link":"https:\/\/debateplural.net\/site\/2020\/01\/23\/el-disparatado-paseo-de-guaido-por-una-europa-fracturada\/","title":{"rendered":"El disparatado paseo de Guaid\u00f3 por una Europa fracturada"},"content":{"rendered":"<p>Misi\u00f3n Verdad (23-1-20)<\/p>\n<p>&nbsp;<\/p>\n<p>Hoy, 23 de enero, se cumple un a\u00f1o de la autoproclamaci\u00f3n de Juan Guaid\u00f3 frente a una calle del este caraque\u00f1o.<\/p>\n<p>Muchas operaciones fallidas y promesas incumplidas arrastra consigo el diputado, quien luego de recibir todo el apoyo econ\u00f3mico y pol\u00edtico de Estados Unidos durante 2019, no logr\u00f3 cumplir los objetivos planteados.<\/p>\n<p>El cuadro internacional en el que se suscit\u00f3 la autoproclamaci\u00f3n de Guaid\u00f3 es muy diferente al actual: las tensiones con Ir\u00e1n no hab\u00edan escalado hasta el punto actual, el\u00a0<a href=\"http:\/\/misionverdad.com\/trama-global\/impeachment-a-trump\" target=\"_blank\" rel=\"noopener\">juicio pol\u00edtico a Trump<\/a>\u00a0parec\u00eda todav\u00eda lejano y no hab\u00edan estallado las protestas antineoliberales en Am\u00e9rica Latina, que colocaron contra la pared a los gobiernos respaldados por Washington en Colombia, Chile y Ecuador.<\/p>\n<p>La mezcla entre radicalizaci\u00f3n de conflictos geopol\u00edticos y la ineptitud de Guaid\u00f3\u00a0provoc\u00f3 que el a\u00f1o 2020 venezolano iniciara con un\u00a0<a href=\"http:\/\/misionverdad.com\/La-Guerra-En-Venezuela\/guaido-salio-de-venezuela\" target=\"_blank\" rel=\"noopener\">inesperado viaje<\/a>\u00a0para intentar oxigenar la figura del autoproclamado, ampliamente cuestionada luego del rev\u00e9s en la Asamblea Nacional el 5 de enero y la instalaci\u00f3n de la Mesa de Di\u00e1logo Nacional meses atr\u00e1s.<\/p>\n<p>Despu\u00e9s de pasar por Colombia, Guaid\u00f3 cruz\u00f3 el Atl\u00e1ntico para asistir a distintas reuniones con la burocracia de la Uni\u00f3n Europea en Bruselas. En el proceso, tambi\u00e9n asistir\u00e1\u00a0al Foro Econ\u00f3mico Mundial de Davos (Suiza), famoso por reunir cada a\u00f1o a lo m\u00e1s granado de la oligarqu\u00eda financiera mundial.<\/p>\n<p>Suele\u00a0<a href=\"http:\/\/misionverdad.com\/trama-global\/impeachment-a-trump\" target=\"_blank\" rel=\"noopener\">decirse<\/a>\u00a0que Europa es un gigante econ\u00f3mico, un enano pol\u00edtico y un gusano militar. Una definici\u00f3n que se confirma por la v\u00eda de los hechos tras el seguidismo ciego a las directrices de Estados Unidos en Ir\u00e1n, Venezuela y otros pa\u00edses v\u00edctimas de asedio.<\/p>\n<p>Muy probablemente los asesores de Guaid\u00f3 le han recomendado que entre m\u00e1s reuniones sostenga con dirigentes europeos, mejor ser\u00e1 el resultado pol\u00edtico de su \"gira\", un razonamiento que solo concluye en el efectismo. Porque, de todas formas, se trata de convencer a la Uni\u00f3n Europea para que tome medidas m\u00e1s agresivas contra Venezuela, como si ya el reconocimiento de un interinato ilegal que ha intentado fracturar la Constituci\u00f3n venezolana\u00a0no fuese lo suficientemente grave.<\/p>\n<p>Guaid\u00f3 viaj\u00f3 a un bloque europeo en proceso de fragmentaci\u00f3n pol\u00edtica e institucional, con claras tendencias hacia la dictadura y el neofascismo. Y nada bueno puede salir de ah\u00ed.<\/p>\n<p>Sostuvo un breve encuentro con el primer ministro brit\u00e1nico Boris Johnson, el mismo que capitanea en el frente occidental europeo el ala euroesc\u00e9ptica. Justo ayer, pocas horas despu\u00e9s de la reuni\u00f3n, el Parlamento brit\u00e1nico\u00a0<a href=\"https:\/\/www.dw.com\/es\/parlamento-brit%C3%A1nico-aprueba-definitivamente-el-brexit\/a-52114151\" target=\"_blank\" rel=\"noopener\">aprob\u00f3 de manera definitiva<\/a>\u00a0el Brexit, subi\u00e9ndole la temperatura a la crisis institucional de la Uni\u00f3n Europea a pocos d\u00edas de que el Reino Unido, oficialmente, se separe como Estado miembro del bloque.<\/p>\n<div class=\"media media-element-container media-article_full\">\n<div id=\"file-9410\" class=\"file file-image file-image-jpeg\">\n<p>Despu\u00e9s, Guaid\u00f3 sostuvo una reuni\u00f3n con el ala liberal europe\u00edsta, representada por el Alto Representante de la Uni\u00f3n Europea para Asuntos Exteriores, Josep Borrell, y el frente conservador del Parlamento europeo, entre los que se encontraban, adem\u00e1s, representantes del partido ultraderechista espa\u00f1ol\u00a0Vox.<\/p>\n<p>En resumen, Guaid\u00f3 se retrat\u00f3 con los oponentes de Johnson a nivel continental, y al mismo tiempo, con los detractores de Borrell a nivel partidario e ideol\u00f3gico en el frente local espa\u00f1ol: Vox y el Partido Popular (PP).<\/p>\n<p>El rompecabezas pol\u00edtico del bloque y su tendencia a la fragmentaci\u00f3n, sumado al desconocimiento de Guaid\u00f3, convirtieron su \"agenda\"\u00a0europea en un conjunto de posicionamientos contradictorios y disparatados. Durante su derecho de palabra frente a representantes del Parlamento europeo, insisti\u00f3 en la necesidad de que las sanciones contra Venezuela escalen, reafirmando su condici\u00f3n como autor material de la grave crisis inflacionaria y de servicios que sufre el pa\u00eds, a ra\u00edz de la imposici\u00f3n de medidas coercitivas unilaterales.<\/p>\n<p>Luego del encuentro con Borrell, un\u00a0<a href=\"https:\/\/www.diariolasamericas.com\/america-latina\/borrell-manifiesta-guaido-el-firme-apoyo-la-union-europea-n4191518\" target=\"_blank\" rel=\"noopener\">comunicado<\/a>\u00a0afirm\u00f3 el apoyo de la burocracia europea a su figura, pero matizando con que el inter\u00e9s del bloque es llegar a una soluci\u00f3n pac\u00edfica que concluya en \"elecciones libres\".<\/p>\n<p>Este equilibrismo fr\u00e1gil entre la postura extremista de la Administraci\u00f3n Trump y el extremo centro del liberalismo europeo indica que, si bien el bloque no desea proyectarse como un aliado ciego de Trump, tampoco le interesa exponerse a un rega\u00f1o o a una dosis de guerra comercial por contraponerse abiertamente a los intereses de la Casa Blanca.<\/p>\n<p>En tal sentido, Europa se \"espa\u00f1oliza\" en el peor de los t\u00e9rminos y emula\u00a0la tradici\u00f3n pol\u00edtica de Mariano Rajoy: cubrirse la cabeza con una manta, cerrar los ojos, y esperar que cuando se la quite, lo peor haya pasado y los vientos, adem\u00e1s, soplen a favor. Esto no ocurrir\u00e1, y a sabiendas del cuadro de fragmentaci\u00f3n en la constituci\u00f3n material e ideol\u00f3gica de la Uni\u00f3n Europea, la Administraci\u00f3n Trump busca romper con una noci\u00f3n de equilibro dif\u00edcil de sostener por s\u00ed misma.<\/p>\n<p>Guaid\u00f3 ha tenido un derecho de palabra en el\u00a0Foro Econ\u00f3mico Mundial de Davos, repitiendo el mismo discurso de criminalizaci\u00f3n de Venezuela, frente a un evento que nuclea a oligarcas financieros, gerentes de empresas corporativas globales y l\u00edderes gubernamentales.\u00a0Se\u00a0ha rodeado con las personas m\u00e1s obscenamente ricas del planeta. Pero aunque este movimiento puede evaluarse como \"positivo\"\u00a0en relaci\u00f3n a la proyecci\u00f3n medi\u00e1tica del autoproclamado, no es tan as\u00ed si ampliamos el foco.<\/p>\n<p>El Foro es hoy el epicentro de un movimiento de contestaci\u00f3n global contra el neoliberalismo, debido a los dram\u00e1ticos registros de desigualdad que ha dejado a su paso. Como lo hace cada a\u00f1o, la ONG brit\u00e1nica Oxfam expuso su informe sobre desigualdad mundial.<\/p>\n<p>Destacan cifras terribles como que los 2 mil 153 multimillonarios del mundo tienen m\u00e1s riqueza que 4 mil 600 millones de personas. Seg\u00fan\u00a0<a href=\"https:\/\/cnnespanol.cnn.com\/2020\/01\/20\/22-hombres-poseen-mas-riqueza-que-los-326-millones-de-mujeres-de-africa-segun-oxfam\/\" target=\"_blank\" rel=\"noopener\">el informe<\/a>, el 1% m\u00e1s rico del mundo tiene m\u00e1s del doble de riqueza que 6 mil 900 millones de personas, mientras que la cifra de multimillonarios se ha duplicado en la \u00faltima d\u00e9cada. Tan solo 22 hombres acumulan m\u00e1s riqueza que todas las mujeres de \u00c1frica.<\/p>\n<p>Este a\u00f1o el tema del Foro es corregir las fallas del capitalismo contempor\u00e1neo y acordar pol\u00edticas comunes para enfrentar el cambio clim\u00e1tico. Aunque se presente con esa ret\u00f3rica benevolente, la sociedad global entiende el Foro como un espacio que solo representa los intereses de los ricos, que poco tienen que ver con \"arreglar\"\u00a0el capitalismo o \"salvar\"\u00a0el planeta, una consigna que ha transformado la econom\u00eda verde en\u00a0<a href=\"https:\/\/www.zerohedge.com\/geopolitical\/green-economy-new-black-davos-2020\" target=\"_blank\" rel=\"noopener\">el nuevo oro negro de los capitalistas<\/a>\u00a0e inversores en el ramo de las tecnolog\u00edas \"alternativas\"\u00a0al uso de combustibles f\u00f3siles.<\/p>\n<p>Es el negocio del siglo que tiene como principal relacionista p\u00fablica a la activista juvenil Greta Thunberg.<\/p>\n<p>Una encuesta global presentada recientemente por la firma Edelman Trust Barometer 2020\u00a0<a href=\"https:\/\/www.edelman.com\/sites\/g\/files\/aatuss191\/files\/2020-01\/2020%20Edelman%20Trust%20Barometer%20Global%20Report_LIVE.pdf\" target=\"_blank\" rel=\"noopener\">expone<\/a>\u00a0que el 56% de los ciudadanos en los pa\u00edses desarrollados consideran que el capitalismo es inadecuado, mientras que un 74%\u00a0est\u00e1 descontento con las actuales reglas de juego que rigen una econom\u00eda mundial que favorece la desigualdad y los privilegios de los m\u00e1s ricos.<\/p>\n<p>Guaid\u00f3 podr\u00e1 ganar mucha prensa con su mediocre discurso, pero en t\u00e9rminos pol\u00edticos, lo que lograr\u00e1 es ubicarse en el centro de la contestaci\u00f3n mundial contra el neoliberalismo, amplificando el da\u00f1o que ya de por s\u00ed tiene su imagen.<\/p>\n<p>Hace par de d\u00edas el magnate presidente Trump ofreci\u00f3 un discurso en la inauguraci\u00f3n del Foro, centrado en sus pol\u00edticas econ\u00f3micas y en su figura personal. La prensa interpret\u00f3 su discurso como un desprecio a la lucha contra el cambio clim\u00e1tico y a la tem\u00e1tica del Foro. Y tienen raz\u00f3n.<\/p>\n<p>Tanto Trump, como el resto de derivaciones de la derecha alternativa mundial, consideran este espacio como detractores de su cosmovisi\u00f3n. Ricos enfrentados a otros ricos en una carrera armament\u00edstica por el curso tecnol\u00f3gico de la econom\u00eda mundial a ambos lados del Atl\u00e1ntico.<\/p>\n<p>En resumen, Guaid\u00f3 asiste a un espacio despreciado por Trump, enviando un mensaje contradictorio que confunde las agendas, el trayecto de acciones y disuelve posibles consensos. En otra escala, sucede lo mismo cuando Guaid\u00f3 se re\u00fane con un destructor del bloque europeo como Johnson, y luego, con un ac\u00e9rrimo defensor del europe\u00edsmo como Borrell; finalmente, termin\u00f3 hablando frente a los oponentes en Espa\u00f1a del alto representante diplom\u00e1tico de la Uni\u00f3n Europea.<\/p>\n<p>Un desastre que hace a\u00fan m\u00e1s evidente la disgregaci\u00f3n de Europa como posibilidad geopol\u00edtica en la configuraci\u00f3n de\u00a0<a href=\"https:\/\/www.zerohedge.com\/geopolitical\/end-us-military-dominance-unintended-consequences-forge-multipolar-world-order\" target=\"_blank\" rel=\"noopener\">un nuevo orden multipolar<\/a>, fortaleciendo el papel de Estados Unidos como \u00fanico decisor en el conflicto contra Venezuela. Guaid\u00f3 no se ba\u00f1ar\u00e1 en gloria, sino en la ira de la sociedad global y en las intrigas que su atropellada gira ha dejado en los dirigentes europeos.<\/p>\n<p>Una buena forma de retratar el primer aniversario\u00a0de gobierno imaginario.<\/p>\n<div class=\"content\"><\/div>\n<\/div>\n<\/div>\n","protected":false},"excerpt":{"rendered":"<p>Misi\u00f3n Verdad (23-1-20) &nbsp; Hoy, 23 de enero, se cumple un a\u00f1o de la autoproclamaci\u00f3n de Juan Guaid\u00f3 frente a una calle del este caraque\u00f1o. Muchas operaciones fallidas y promesas incumplidas arrastra consigo el diputado, quien luego de recibir todo el apoyo econ\u00f3mico y pol\u00edtico de Estados Unidos durante 2019, no logr\u00f3 cumplir los objetivos [&hellip;]<\/p>\n","protected":false},"author":1,"featured_media":30648,"comment_status":"open","ping_status":"open","sticky":false,"template":"","format":"standard","meta":{"footnotes":""},"categories":[14,12],"tags":[],"class_list":["post-38485","post","type-post","status-publish","format-standard","has-post-thumbnail","hentry","category-internacionales","category-politica-3"],"_links":{"self":[{"href":"https:\/\/debateplural.net\/site\/wp-json\/wp\/v2\/posts\/38485"}],"collection":[{"href":"https:\/\/debateplural.net\/site\/wp-json\/wp\/v2\/posts"}],"about":[{"href":"https:\/\/debateplural.net\/site\/wp-json\/wp\/v2\/types\/post"}],"author":[{"embeddable":true,"href":"https:\/\/debateplural.net\/site\/wp-json\/wp\/v2\/users\/1"}],"replies":[{"embeddable":true,"href":"https:\/\/debateplural.net\/site\/wp-json\/wp\/v2\/comments?post=38485"}],"version-history":[{"count":1,"href":"https:\/\/debateplural.net\/site\/wp-json\/wp\/v2\/posts\/38485\/revisions"}],"predecessor-version":[{"id":38486,"href":"https:\/\/debateplural.net\/site\/wp-json\/wp\/v2\/posts\/38485\/revisions\/38486"}],"wp:featuredmedia":[{"embeddable":true,"href":"https:\/\/debateplural.net\/site\/wp-json\/wp\/v2\/media\/30648"}],"wp:attachment":[{"href":"https:\/\/debateplural.net\/site\/wp-json\/wp\/v2\/media?parent=38485"}],"wp:term":[{"taxonomy":"category","embeddable":true,"href":"https:\/\/debateplural.net\/site\/wp-json\/wp\/v2\/categories?post=38485"},{"taxonomy":"post_tag","embeddable":true,"href":"https:\/\/debateplural.net\/site\/wp-json\/wp\/v2\/tags?post=38485"}],"curies":[{"name":"wp","href":"https:\/\/api.w.org\/{rel}","templated":true}]}}