{"id":38505,"date":"2020-01-24T10:26:07","date_gmt":"2020-01-24T14:26:07","guid":{"rendered":"http:\/\/debateplural.com\/?p=38505"},"modified":"2020-01-24T10:26:07","modified_gmt":"2020-01-24T14:26:07","slug":"carta-abierta-al-presidente-argentino","status":"publish","type":"post","link":"https:\/\/debateplural.net\/site\/2020\/01\/24\/carta-abierta-al-presidente-argentino\/","title":{"rendered":"Carta abierta al presidente argentino"},"content":{"rendered":"<p>Pablo Jofre Leal (Hispantv, 20-1-20)<\/p>\n<p>&nbsp;<\/p>\n<p>Le\u00ed con atenci\u00f3n la noticia, que daba cuenta, de su pr\u00f3ximo viaje a El Vaticano, para entrevistarse con su compatriota Francisco. Pero, la sorpresa fue may\u00fascula cuando se menciona, que previo a ese encuentro, usted visitar\u00e1 los territorios de la Palestina Hist\u00f3rica ocupada desde el a\u00f1o 1948 \u00a0(denominada Israel) el d\u00eda 23 de enero pr\u00f3ximo. All\u00ed, usted ser\u00e1 parte del llamado \u201cForo Internacional de L\u00edderes en Conmemoraci\u00f3n del D\u00eda Internacional de Recordaci\u00f3n del Holocausto y la Lucha contra el Antisemitismo\".Una ceremonia que recordar\u00e1 la liberaci\u00f3n del campo de concentraci\u00f3n y exterminio nazi de Auschwitz en 1945 a manos del Ej\u00e9rcito rojo Sovi\u00e9tico.<\/p>\n<div class=\"qnewworld\"><\/div>\n<p>Perm\u00edtame decirle, con todo el respeto que su alta investidura merece, que ese es uno m\u00e1s de los numerosos encuentros destinados a lavar la imagen de uno de los reg\u00edmenes m\u00e1s criminales del mundo y al mismo tiempo afianzar la idea, que en el marco de aquellos que han sido asesinado por ideolog\u00edas totalitarias y mesi\u00e1nicas, se trate de fundamentar, que la cr\u00edtica contra la ideolog\u00eda que sustenta dicha entidad israel\u00ed \u2013 el sionismo &#8211; \u00a0puede ser calificada de una conducta antisemita.Idea absurda, pues en el conflicto palestino-israel\u00ed el \u00fanico pueblo semita es precisamente el palestino, pues a pesar que Israel ha sacado a la luz una ley de estado naci\u00f3n Jud\u00eda, ello, en modo alguno los hace semita.<\/p>\n<p>Me pregunto \u00bfPor qu\u00e9? \u00bfCu\u00e1l es la raz\u00f3n de fondo que lo impulsa \u00a0a usted a realizar su primer viaje al extranjero, como Jefe de Estado, \u00a0a los territorios palestinos ocupados por una entidad, que desde su fundaci\u00f3n, el a\u00f1o 1948, se ha dedicado en forma cr\u00f3nica y contumaz a consolidar un r\u00e9gimen de apartheid contra aquellos ciudadanos de origen palestino, que conforman el 20% de la poblaci\u00f3n en Israel y al mismo tiempo consolidar un proceso de ocupaci\u00f3n, colonizaci\u00f3n y bloqueo contra el pueblo palestino, tanto en Cisjordania como en la Franja de Gaza?<br \/>\nLo se\u00f1alado, es una pol\u00edtica llevada a cabo por todas las administraciones de gobierno israel\u00ed, sin excepci\u00f3n, laboristas, ultraderechistas del likud, apoyados e intensificados por los movimientos de colonos ultranacionalistas, extremistas y religiosos; mediante la violaci\u00f3n del derecho internacional, cometiendo cr\u00edmenes de lesa humanidad, haciendo caso omiso del medio centenar de resoluciones emanadas del seno de la Organizaci\u00f3n de Naciones Unidas, donde habitualmente han contado con el aval y la conducta c\u00f3mplice de Washington, quien suele ejercer su antidemocr\u00e1tico derecho a veto, impidiendo la condena contra la entidad, que a trav\u00e9s del lobby sionista en Estados Unidos rige su pol\u00edtica exterior.<\/p>\n<p>Insisto en la pregunta Sr. Presidente\u00bfPor qu\u00e9? \u00bfCu\u00e1l es la motivaci\u00f3n para que su primer viaje,ejerciendo el mando, tras derrotar a uno de los m\u00e1s cercanos pol\u00edtico al r\u00e9gimenisrael\u00ed en Latinoam\u00e9rica, como es Mauricio Macri, no sea a un pa\u00eds vecino o a otro de Latinoam\u00e9rica y termine en cambio, con usted, bajando los escalones en el Aeropuerto Ben Gurion en Tel Aviv, desde donde decenas de miles de palestinos fueron forzados a abandonar su hogar tras la guerra de ocupaci\u00f3n del a\u00f1o 1948. Y, adem\u00e1s, sea recibido por un premier acusado de corrupci\u00f3n como es Benjam\u00edn Netanyahu?<\/p>\n<p>Pasan varias respuestas por mi mente, entre ellas, el que est\u00e9 usted siendo sometido a enormes presiones por el tema AMIA, con todos los intereses de grupos sionistas argentinos, en concomitancia con la embajada del r\u00e9gimen israel\u00ed y Estados Unidos. Tal vez, en el actual escenario internacional, de agresiones contra la Rep\u00fablica Isl\u00e1mica de Ir\u00e1n, lo est\u00e9n obligando a situarse en el bando de aquellos que entran en labores de apoyo, coordinaci\u00f3n, convenios econ\u00f3micos, acu\u00edferos e incluso en compras militares y de formaci\u00f3n policial y seguridad con Israel, tal como lo hizo Macri y en oposici\u00f3n a la naci\u00f3n persa, en momentos de fuerte tensi\u00f3n internacional.<\/p>\n<p>Suele atraer a los gobiernos la idea de comprar la idea de un Israel \u201cejemplar,avanzado, emprendedor\u201d que tanta experiencia ha adquirido en diversas materias, incluyendo en ello \u00e1reas de educaci\u00f3n represiva y control social, como lo atestigua el campo de concentraci\u00f3n y experimentaci\u00f3n llamado Cisjordania y Franja de Gaza. Lugares donde esta entidad \u201cinnovadora\u201d prueba las armas que vender\u00e1 y se usar\u00e1n en otras partes del mundo. Bien sabe usted Sr. presidente, que el r\u00e9gimen israel\u00ed ha asesinado a 350 palestinos, desde el 30 de marzo del a\u00f1o 2018 a la fecha con el uso de francotiradores apostados en la valla artificial que separa la Franja de Gaza de la Palestina hist\u00f3rica ocupada (a lo que debemos sumar medio centenar de muertos s\u00f3lo el a\u00f1o 2019 en Cisjordania). Utilizando tambi\u00e9n, por ejemplo, gases lacrim\u00f3genos, de los mismos vendidos a Chile y Colombia para reprimir las manifestaciones de cientos de miles de personas.<\/p>\n<p>Bien sabe usted que la represi\u00f3n social, la tortura f\u00edsica, psicol\u00f3gica, la ocupaci\u00f3n de territorios, la destrucci\u00f3n e invisibilizaci\u00f3n del patrimonio arquitect\u00f3nico, la m\u00fasica, comida, lengua, vestimenta y cultura palestina es parte de la pol\u00edtica israel\u00ed contra el pueblo palestino, como lo atestiguan los informes de Amnist\u00eda Internacional, la UNESCO, la Comisi\u00f3n de derechos humanos de la ONU entre otras organizaciones incluyendo algunas de la propia sociedad israel\u00ed como BTSelem.<\/p>\n<p>Bien sabe usted que esa conducta criminal, como tambi\u00e9n la construcci\u00f3n de un muro que se adentra 720 kil\u00f3metros en territorio de Cisjordania, m\u00e1s las decenas de kil\u00f3metros que se est\u00e1n construyendo en Gaza (que se adentra incluso en el mar) , los cientos de check point que impiden el libre tr\u00e1nsito de los millones de palestinos sometidos al m\u00e1s grande campo de concentraci\u00f3n llamado Palestina. La demolici\u00f3n de viviendas, la destrucci\u00f3n de cultivos, la restricci\u00f3n para el uso del agua y la energ\u00eda el\u00e9ctrica, la construcci\u00f3n de asentamientos, que violan la Cuarta convenci\u00f3n de Ginebra y que han trasladado 650 mil colonos sionistas (entre ellos miles de argentinos de creencia jud\u00eda) en asentamientos en Cisjordania,incluyendo Al Quds (Jerusal\u00e9n). Todo ello es parte de la pol\u00edtica de ocupaci\u00f3n y colonizaci\u00f3n llevada a cabo por Israel desde el a\u00f1o 1948 a la fecha. 72 a\u00f1os de cr\u00edmenes comprobados y condenados sin que exista bloqueo, sanciones, embargos, aplicaci\u00f3n de la Carta de las Naciones Unidas contra los gobiernos sionistas. Eso bien lo sabe usted y\u2026estando al tanto de ello, \u00bfQu\u00e9 lo impulsa a visitar esa entidad?<\/p>\n<p>Tal vez, estimado Sr. presidente influye el hecho que en Argentina, el d\u00eda 18 de enero se conmemoran los cinco a\u00f1os de la muerte del Fiscal Nisman y como un gesto a la comunidad jud\u00eda de vuestro pa\u00eds, est\u00e9 aceptando este trago amargo para millones de hombres y mujeres, que miramos con ojo cr\u00edtico el que participe de este lavado de imagen israel\u00ed. Y hablo de blanqueo de imagen pues los propios jud\u00edos, cr\u00edticos del uso que se hace del holocausto, lo han dado a conocer. Tal es el caso del intelectual Norman Finkelstein (cuyos progenitores pasaron por campos de concentraci\u00f3n del nacionalsocialismo) quien a trav\u00e9s de su libro \u201cla Industria del Holocausto\u201d denuncia a quienes lucran de esos cr\u00edmenes.<\/p>\n<p>Un libro definido como \u201cvehemente, iconoclasta y pol\u00e9mico, que es la denuncia de dolorida voz que alza el hijo de unos supervivientes contra la explotaci\u00f3n del sufrimiento de las v\u00edctimas del Holocausto\u2026 donde uno de los mayores peligros para la memoria de las v\u00edctimas del nazismo procede precisamente de aquellos que se erigen en sus guardianes. Bas\u00e1ndose en una gran cantidad de fuentes hasta ahora no estudiadas, Finkelstein descubre la doble extorsi\u00f3n a la que los grupos de presi\u00f3n jud\u00edos han sometido a Suiza y Alemania y a los leg\u00edtimos reclamantes jud\u00edos del Holocausto y denuncia que los fondos de indemnizaci\u00f3n no han sido utilizados en su mayor parte para ayudar a los supervivientes del Holocausto\u201d sino para mantener en funcionamiento una industria provechosa para organizaciones que han lucrado con ella afianzando el sionismo.<\/p>\n<p>Sr. presidente, desde este lado de la cordillera y estoy convencido, desde otras m\u00faltiples latitudes de nuestra Latinoam\u00e9rica donde la solidaridad con el pueblo palestino alza d\u00eda ad\u00eda sus voces, se han puesto muchas esperanzas en su gobierno. Sobre todo despu\u00e9s de tener ustedes que soportar una administraci\u00f3n que durante 4 a\u00f1os, no s\u00f3lo gener\u00f3 sufrimiento a su poblaci\u00f3n, sino que estrech\u00f3 lazos con un enemigo de los pueblos como es el sionismo. Esperanzas en que pueda ayudar a revertir esa pol\u00edtica impulsada desde el norte, que pretende enfrentarnos como pueblos, que apoya golpes militares y sanciones contra nuestros hermanos pero calla cuando sus propios patrocinadores asesinan lideres sindicales, gremiales, ind\u00edgenas, quitan la vista a trav\u00e9s de disparos a centenares de manifestantes, gasean sus esperanzas y hunden sus sue\u00f1os de mejores pensiones, mejor educaci\u00f3n y no tener que pensar en enfermarse, pues eso puede significar su muerte.<br \/>\nRecuerde usted que la visita de Netanyahu a Sudam\u00e9rica efectuada en septiembre del a\u00f1o 2017 visit\u00f3 vuestro pa\u00eds, regido por Macri y Colombia dirigido por Iv\u00e1n Duque, aliados del sionismo en esta parte del mundo, firmando una serie de acuerdos que muestran la decisi\u00f3n del sionismo de tomar a Sudam\u00e9rica como un campo de expansi\u00f3n econ\u00f3mica, militar e ideol\u00f3gica, con todo el peligro que ello entra\u00f1a. No es casual que empresas israel\u00edes est\u00e9n involucradas en mi pa\u00eds en temas de corrupci\u00f3n por cientos de millones de d\u00f3lares, a trav\u00e9s del caso de facturas duplicadas. Sirva esto de advertencia, para que pise con cuidado, cuando el camino tiene el sello sionista.<\/p>\n<p>\u00bfMi petici\u00f3n Sr. presidente? Es sencilla \u00a1no asista a ese foro de purificaci\u00f3n pol\u00edtica del sionismo! No le otorgue legitimidad a una ideolog\u00eda equiparada por la propia ONU en la resoluci\u00f3n N\u00ba 3379 \u201ccon el racismo en general y el apartheid sudafricano en particular, y llam\u00f3 a su eliminaci\u00f3n, entendi\u00e9ndola como una forma de discriminaci\u00f3n racial\u201d. Si lo solicitado es imposible, pues los poderes f\u00e1cticos son mayores, entonces atr\u00e9vase a declarar su solidaridad con la autodeterminaci\u00f3n del pueblo palestino, solidarice con las v\u00edctimas de un pueblo sometido a la ocupaci\u00f3n y colonizaci\u00f3n de un r\u00e9gimen, que como sostengo en mi libro \u201cPalestina: cr\u00f3nica de la ocupaci\u00f3n sionista\u201d que se lo har\u00e9 llegar pr\u00f3ximamente \u201ccon una astucia y perversidad dif\u00edciles de igualar, el sionismo pretende convertir al victimario en v\u00edctima y al agredido en agresor\u201d<\/p>\n<p>Sr. presidente salgamos de la versi\u00f3n del victimario, omnipresente en los medios de comunicaci\u00f3n y en los discursos oficiales de las potencias mundiales, que promueven un proceso de normalizaci\u00f3n de relaciones comerciales, culturales y militares con la potencia ocupante. Este Israel impune, sin que jam\u00e1s hayan expresado esas potencias una condena clara y tajante alas sistem\u00e1ticas y permanentes violaciones a los derechos humanos en Palestina. Usted puede marcar la diferencia en el seno mismo, en el nido desde donde Israel suele tratar de amenazar al mundo con denunciarlo por las cr\u00edticas al sionismo. No podemos aceptar que algunos cr\u00edmenes se conmemoren con solemnidad, al mismo tiempo que procesos similares de asesinatos, de creaci\u00f3n de guetos, de violaciones a derechos fundamentales de todo un pueblo, destrucci\u00f3n e invisibilizaci\u00f3n queden impunes, porque se cuenta con el silencio de los m\u00e1s poderosos. No calle usted Sr. Presidente Alberto Fern\u00e1ndez<\/p>\n<p>Atentamente<\/p>\n<p>Pablo Jofr\u00e9 Leal<br \/>\nPeriodista<br \/>\nAnalista internacional<br \/>\nSantiago de Chile<br \/>\nEnero 2020<\/p>\n","protected":false},"excerpt":{"rendered":"<p>Pablo Jofre Leal (Hispantv, 20-1-20) &nbsp; Le\u00ed con atenci\u00f3n la noticia, que daba cuenta, de su pr\u00f3ximo viaje a El Vaticano, para entrevistarse con su compatriota Francisco. Pero, la sorpresa fue may\u00fascula cuando se menciona, que previo a ese encuentro, usted visitar\u00e1 los territorios de la Palestina Hist\u00f3rica ocupada desde el a\u00f1o 1948 \u00a0(denominada Israel) [&hellip;]<\/p>\n","protected":false},"author":1,"featured_media":36858,"comment_status":"open","ping_status":"open","sticky":false,"template":"","format":"standard","meta":{"footnotes":""},"categories":[14,12],"tags":[],"class_list":["post-38505","post","type-post","status-publish","format-standard","has-post-thumbnail","hentry","category-internacionales","category-politica-3"],"_links":{"self":[{"href":"https:\/\/debateplural.net\/site\/wp-json\/wp\/v2\/posts\/38505"}],"collection":[{"href":"https:\/\/debateplural.net\/site\/wp-json\/wp\/v2\/posts"}],"about":[{"href":"https:\/\/debateplural.net\/site\/wp-json\/wp\/v2\/types\/post"}],"author":[{"embeddable":true,"href":"https:\/\/debateplural.net\/site\/wp-json\/wp\/v2\/users\/1"}],"replies":[{"embeddable":true,"href":"https:\/\/debateplural.net\/site\/wp-json\/wp\/v2\/comments?post=38505"}],"version-history":[{"count":1,"href":"https:\/\/debateplural.net\/site\/wp-json\/wp\/v2\/posts\/38505\/revisions"}],"predecessor-version":[{"id":38506,"href":"https:\/\/debateplural.net\/site\/wp-json\/wp\/v2\/posts\/38505\/revisions\/38506"}],"wp:featuredmedia":[{"embeddable":true,"href":"https:\/\/debateplural.net\/site\/wp-json\/wp\/v2\/media\/36858"}],"wp:attachment":[{"href":"https:\/\/debateplural.net\/site\/wp-json\/wp\/v2\/media?parent=38505"}],"wp:term":[{"taxonomy":"category","embeddable":true,"href":"https:\/\/debateplural.net\/site\/wp-json\/wp\/v2\/categories?post=38505"},{"taxonomy":"post_tag","embeddable":true,"href":"https:\/\/debateplural.net\/site\/wp-json\/wp\/v2\/tags?post=38505"}],"curies":[{"name":"wp","href":"https:\/\/api.w.org\/{rel}","templated":true}]}}