{"id":38519,"date":"2020-01-24T12:14:43","date_gmt":"2020-01-24T16:14:43","guid":{"rendered":"http:\/\/debateplural.com\/?p=38519"},"modified":"2020-01-24T12:14:43","modified_gmt":"2020-01-24T16:14:43","slug":"bolivia-elecciones-en-medio-de-persecuciones-y-amenazas","status":"publish","type":"post","link":"https:\/\/debateplural.net\/site\/2020\/01\/24\/bolivia-elecciones-en-medio-de-persecuciones-y-amenazas\/","title":{"rendered":"Bolivia: Elecciones en medio de persecuciones y amenazas"},"content":{"rendered":"<p>Fernando Molina (CTXT, 24-1-20)<\/p>\n<p>&nbsp;<\/p>\n<p><strong>Con el apoyo de los militares, de los medios de comunicaci\u00f3n y del aparato de justicia, el gobierno boliviano contin\u00faa con el hostigamiento a los integrantes del Movimiento al Socialismo. A pesar de eso, los liderados por Evo Morales todav\u00eda conservan la mayor intenci\u00f3n de voto de cara a los comicios del 3 de mayo.<\/strong><\/p>\n<p>Desde hace dos meses, los bolivianos se encuentran todos los d\u00edas con noticias sobre la investigaci\u00f3n, el procesamiento o el arresto de uno o de varios de los ex colaboradores y simpatizantes del exiliado ex presidente Evo Morales, sobre quien, adem\u00e1s, pesa una orden internacional de captura solicitada por el gobierno transitorio de Jeanine \u00c1\u00f1ez.<\/p>\n<p>La noticia m\u00e1s reciente fue la detenci\u00f3n del ex ministro de Gobierno Carlos Romero, acusado por la fiscal\u00eda de un caso de corrupci\u00f3n. Romero entr\u00f3 a la c\u00e1rcel judicial luego de haber estado arrestado informalmente \u2013primero en su domicilio y luego en una cl\u00ednica m\u00e9dica\u2013 por grupos de civiles que se llaman a s\u00ed mismos \u201cla resistencia\u201d y que tienen el aval de la Polic\u00eda para imponer su ley en las calles. Morales los considera \u201cgrupos paramilitares y fascistas\u201d.<\/p>\n<p>Estas organizaciones civiles tambi\u00e9n operan cotidianamente en las inmediaciones de la embajada de M\u00e9xico en La Paz, en la que est\u00e1n refugiados varios ex ministros y jerarcas del Movimiento al Socialismo (Mas) de Morales, quienes no pueden ni podr\u00e1n obtener, del gobierno de \u00c1\u00f1ez, salvoconductos para salir del pa\u00eds. Los miembros de estos grupos se turnan para revisar los autom\u00f3viles que entran y salen del exclusivo barrio La Rinconada, donde se encuentra la residencia diplom\u00e1tica.<\/p>\n<p>Act\u00faan por ahora en dos ciudades, La Paz y Cochabamba, escenario de la mayor parte de los duros choques entre seguidores y opositores de Morales antes de su derrocamiento. La \u201cresistencia\u201d al Mas est\u00e1 compuesta por vecinos organizados de clase media y por j\u00f3venes estudiantes que, durante la crisis, se armaron con palos, cascos y escudos improvisados para enfrentar a las columnas de trabajadores y de campesinos que pretend\u00edan neutralizar las protestas en contra de lo que la oposici\u00f3n de entonces llam\u00f3 el \u201cfraude electoral del 20 de octubre\u201d, las elecciones en las que Morales fue proclamado reelecto y que llevaron a la crisis pol\u00edtica y al fin de su gobierno.<\/p>\n<p><strong>En la mira<\/strong><\/p>\n<p>El hombre m\u00e1s odiado por la \u201cresistencia\u201d es uno de los jerarcas del Mas asilados en la residencia mexicana, Juan Ram\u00f3n Quintana, ex ministro de la Presidencia y hombre fuerte del anterior gobierno. Quintana est\u00e1 procesado por sedici\u00f3n y terrorismo. Junto a \u00e9l est\u00e1n atrapados en la lujosa casa diplom\u00e1tica los ex ministros de Justicia, H\u00e9ctor Arce; de Cultura, Vilma Alanoca; de Gobierno, Hugo Moldiz, y de Defensa, Javier Zavaleta, todos ellos tambi\u00e9n enjuiciados por distintos delitos comunes; los acompa\u00f1a Nicol\u00e1s Laguna, el antiguo encargado de inform\u00e1tica del Estado, acusado de fraude electoral, as\u00ed como otros altos cargos que, hasta ahora, no enfrentan procesos judiciales, pero tampoco obtienen salvoconductos.<\/p>\n<p>Varias de las acusaciones se deben a algo que los imputados dijeron alguna vez: Morales es acusado de terrorismo y sedici\u00f3n por haber llamado a un dirigente campesino y haberle pedido bloquear a las ciudades con rigor, de modo que \u201cno entren alimentos\u201d en ellas. Hace poco, el ex presidente se consigui\u00f3 otro juicio por haber afirmado, en Argentina, que si alg\u00fan d\u00eda volviera al poder, tendr\u00eda que organizar milicias armadas, como hicieron los chavistas en Venezuela, para asegurar su mando. Quintana es acusado de terrorismo y sedici\u00f3n por haber declarado a la agencia rusa Sputnik que un golpe de Estado contra Morales se deb\u00eda combatir intensamente, convirtiendo a Bolivia en \u201cun moderno Vietnam\u201d. El gobierno encarcel\u00f3 a la ni\u00f1era de este personaje, as\u00ed como a un mensajero que trabajaba con Romero. Estas y otras detenciones controversiales, como la de una doctora que atendi\u00f3 en una cl\u00ednica a un ultraizquierdista herido de bala o la de unos j\u00f3venes funcionarios que se dedicaban a hacer memes en contra del gobierno en computadores estatales, han provocado algunas quejas individuales en los principales medios de comunicaci\u00f3n, los que, en t\u00e9rminos institucionales, aplauden al gobierno de \u00c1\u00f1ez y celebran la existencia de la \u201cresistencia\u201d. Junto con Romero, decenas de personas son enjuiciadas por corrupci\u00f3n; tambi\u00e9n se investiga el patrimonio de 600 ex ministros, ex viceministros, ex directores, gobernadores y alcaldes del Mas.<\/p>\n<p><strong>En riesgo<\/strong><\/p>\n<p>Adem\u00e1s de policial y judicial, la presi\u00f3n sobre el Mas es pol\u00edtica. Andr\u00f3nico Rodr\u00edguez, l\u00edder efectivo de los sindicatos cocaleros y precandidato del partido izquierdista, anunci\u00f3 que este 22 de enero, el d\u00eda en el que el mandato de Evo Morales se habr\u00eda cumplido, comenzar\u00e1 otra etapa de la \u201cresistencia pac\u00edfica al fascismo\u201d, con lo que sugiri\u00f3 que se realizar\u00edan movilizaciones de protesta. En respuesta, el actual ministro de Gobierno, Arturo Murillo, tuite\u00f3: \u201cAndr\u00f3nico, cuidado, el radicalismo pone en riesgo tu liderazgo y tu futuro\u201d. Rodr\u00edguez tuvo que salir a aclarar que no pensaba cometer ning\u00fan delito y denunci\u00f3 que el gobierno buscaba asfixiar a la dirigencia sindical con procesos y detenciones.<\/p>\n<p>En un intento de frenar la ola represiva, el Mas aprob\u00f3 en la Asamblea Legislativa una ley de cumplimiento de los derechos humanos, que exige al gobierno de \u00c1\u00f1ez pagar indemnizaciones a las familias de las 29 personas que murieron en la represi\u00f3n de las manifestaciones en su contra, poco despu\u00e9s de su llegada al poder, y abre la posibilidad de que los dirigentes sindicales y pol\u00edticos que se sientan injustamente perseguidos presenten recursos ante la justicia. El oficialismo ha considerado esta ley \u201cinnecesaria\u201d y anticonstitucional.<\/p>\n<p>Todo esto sucede con el apoyo de los segmentos medios y altos de la poblaci\u00f3n, los que han convertido al expeditivo Murillo en una figura popular. El ministro, que antes de llegar al poder era cuestionado por la torpeza de su roces con Morales, hoy recibe aplausos cuando entra en alg\u00fan caf\u00e9 de La Paz.<\/p>\n<p><strong>En campa\u00f1a<\/strong><\/p>\n<p>La \u201cpacificaci\u00f3n del pa\u00eds\u201d, que es como se llama oficialmente a las citadas medidas en contra del Mas, ha convertido a la presidenta \u00c1\u00f1ez en la dirigenta pol\u00edtica contraria a Evo con la mayor intenci\u00f3n de voto (15 por ciento, seg\u00fan una encuesta realizada por Ciesmori para la televisi\u00f3n Unitel. El ex presidente Carlos Mesa, en cambio, s\u00f3lo tiene el 13 por ciento). Pero \u00c1\u00f1ez asegur\u00f3 que no se candidatear\u00e1 en las elecciones programadas para el 3 de mayo. En cambio, quiere impulsar a los diferentes candidatos a unirse en contra del Mas, que, sin que haya definido a\u00fan qui\u00e9n ser\u00e1 su candidato, es la principal minor\u00eda del pa\u00eds, con el 20 por ciento de la intenci\u00f3n de voto. Aunque, al mismo tiempo, este partido sea rechazado por la mayor\u00eda de los electores, evitar que los \u201ctiranos\u201d y los \u201cnarcoterroristas\u201d saquen la cabeza en las nuevas elecciones se ha convertido en la principal preocupaci\u00f3n de la parte de la poblaci\u00f3n comprometida con el derrocamiento de Morales, que es la que domina la opini\u00f3n p\u00fablica.<\/p>\n<p>La presi\u00f3n por la constituci\u00f3n de un frente antimasista unido no ha logrado impedir que muchas personas expresen su deseo de convertirse en candidatos en la inscripci\u00f3n de principios de febrero. Mesa se proyecta como la opci\u00f3n de centro, un puesto que probablemente le ser\u00e1 disputado por el empresario Samuel Doria Medina, quien fuera el retador de Morales en las elecciones de 2014. Otro ex presidente, Jorge Quiroga, aspira a representar a la derecha tradicional. Luis Fernando Camacho, referente de la \u201cresistencia\u201d y principal dirigente del movimiento c\u00edvico que se atribuye haber tumbado a Morales, ha formado una candidatura con su colega Marco Pumari. Esta f\u00f3rmula constituye la expresi\u00f3n de la nueva derecha, caracterizada por su religiosidad, sus \u201cgrupos de choque\u201d y su fuerte presencia en las redes sociales.<\/p>\n<p>Se preve\u00eda que Camacho y Pumari se convertir\u00edan r\u00e1pidamente en la principal opci\u00f3n del antievismo, pero hasta ahora no han conseguido despegar en las encuestas, posiblemente porque el primer acercamiento pol\u00edtico entre ellos termin\u00f3 en un estruendoso fracaso. A principios de diciembre, Camacho dijo que no ir\u00eda a las elecciones con Pumari y luego divulg\u00f3 el audio de una conversaci\u00f3n con este, en el que lo criticaba por haberle pedido, a cambio de su apoyo, 250 mil d\u00f3lares y el control de la aduana de Potos\u00ed, la regi\u00f3n de la que Pumari es oriundo. Este no neg\u00f3 haber tenido esta conversaci\u00f3n, pero dijo que quer\u00eda el dinero para financiar su campa\u00f1a electoral y que la nominaci\u00f3n de un representante c\u00edvico en la direcci\u00f3n de la aduana regional era una \u201creivindicaci\u00f3n del pueblo de Potos\u00ed\u201d.<\/p>\n<p>La Asamblea Legislativa sigue estando en manos del Mas, pero la brigada parlamentaria de este partido se halla neutralizada por la popularidad del gobierno en las ciudades, el absoluto alineamiento con el oficialismo de militares, polic\u00edas, fiscales y jueces, y su propia divisi\u00f3n entre un grupo \u201cconciliador\u201d y otro \u201cleal\u201d a Morales. El Tribunal Constitucional, que hoy como antes obedece las instrucciones del Ejecutivo, ampli\u00f3 el mandato de los parlamentarios, que deb\u00eda acabar el 22 de enero, hasta la transmisi\u00f3n de mando, que se calcula para mediados de a\u00f1o.<\/p>\n","protected":false},"excerpt":{"rendered":"<p>Fernando Molina (CTXT, 24-1-20) &nbsp; Con el apoyo de los militares, de los medios de comunicaci\u00f3n y del aparato de justicia, el gobierno boliviano contin\u00faa con el hostigamiento a los integrantes del Movimiento al Socialismo. A pesar de eso, los liderados por Evo Morales todav\u00eda conservan la mayor intenci\u00f3n de voto de cara a los [&hellip;]<\/p>\n","protected":false},"author":1,"featured_media":37362,"comment_status":"open","ping_status":"open","sticky":false,"template":"","format":"standard","meta":{"footnotes":""},"categories":[14,12],"tags":[],"class_list":["post-38519","post","type-post","status-publish","format-standard","has-post-thumbnail","hentry","category-internacionales","category-politica-3"],"_links":{"self":[{"href":"https:\/\/debateplural.net\/site\/wp-json\/wp\/v2\/posts\/38519"}],"collection":[{"href":"https:\/\/debateplural.net\/site\/wp-json\/wp\/v2\/posts"}],"about":[{"href":"https:\/\/debateplural.net\/site\/wp-json\/wp\/v2\/types\/post"}],"author":[{"embeddable":true,"href":"https:\/\/debateplural.net\/site\/wp-json\/wp\/v2\/users\/1"}],"replies":[{"embeddable":true,"href":"https:\/\/debateplural.net\/site\/wp-json\/wp\/v2\/comments?post=38519"}],"version-history":[{"count":1,"href":"https:\/\/debateplural.net\/site\/wp-json\/wp\/v2\/posts\/38519\/revisions"}],"predecessor-version":[{"id":38520,"href":"https:\/\/debateplural.net\/site\/wp-json\/wp\/v2\/posts\/38519\/revisions\/38520"}],"wp:featuredmedia":[{"embeddable":true,"href":"https:\/\/debateplural.net\/site\/wp-json\/wp\/v2\/media\/37362"}],"wp:attachment":[{"href":"https:\/\/debateplural.net\/site\/wp-json\/wp\/v2\/media?parent=38519"}],"wp:term":[{"taxonomy":"category","embeddable":true,"href":"https:\/\/debateplural.net\/site\/wp-json\/wp\/v2\/categories?post=38519"},{"taxonomy":"post_tag","embeddable":true,"href":"https:\/\/debateplural.net\/site\/wp-json\/wp\/v2\/tags?post=38519"}],"curies":[{"name":"wp","href":"https:\/\/api.w.org\/{rel}","templated":true}]}}