{"id":38684,"date":"2020-02-03T11:47:52","date_gmt":"2020-02-03T15:47:52","guid":{"rendered":"http:\/\/debateplural.com\/?p=38684"},"modified":"2020-02-03T11:47:52","modified_gmt":"2020-02-03T15:47:52","slug":"argentina-y-brasil-las-caras-de-una-misma-moneda","status":"publish","type":"post","link":"https:\/\/debateplural.net\/site\/2020\/02\/03\/argentina-y-brasil-las-caras-de-una-misma-moneda\/","title":{"rendered":"Argentina y Brasil: Las caras de una misma moneda"},"content":{"rendered":"<p>Katu Arkonada (La Jornada, 1-2-20)<\/p>\n<p>&nbsp;<\/p>\n<p>En una sudam\u00e9rica atravesada por el\u00a0<a href=\"http:\/\/www.cubadebate.cu\/noticias\/2019\/11\/23\/en-bolivia-el-gobierno-de-facto-institucionaliza-el-golpe-de-estado\/#.XjWl-Uq23IU\">golpe de estado en Bolivia<\/a>, las protestas en Chile y Colombia, el\u00a0<em>lawfare<\/em>\u00a0contra el corre\u00edsmo en Ecuador, o la guerra econ\u00f3mica contra Venezuela, los gobiernos vecinos de Argentina y Brasil, que cumplen dos meses en el caso del ejecutivo que encabeza Alberto Fern\u00e1ndez y 13 meses en el de Jair Bolsonaro, se convierten en la cara y la cruz de una misma moneda, la de la crisis de un modelo econ\u00f3mico y social en descomposici\u00f3n que genera monstruos.<\/p>\n<p><strong>En la Argentina de Alberto y Cristina, el\u00a0<a href=\"http:\/\/www.cubadebate.cu\/noticias\/2019\/09\/06\/desde-la-llegada-de-macri-argentina-pierde-40-mil-dolares-por-minuto\/#.XjWmxkq23IU\">desastre social macrista<\/a>\u00a0ha dejado claras las prioridades: el combate a la pobreza y el hambre en un pa\u00eds que en 2019 super\u00f3 53 por ciento de inflaci\u00f3n y que debe al Fondo Monetario Internacional 57 mil millones de d\u00f3lares.<\/strong><\/p>\n<p>La pol\u00edtica social y la econom\u00eda ser\u00e1n por tanto las prioridades del gobierno kirchnerista y peronista durante los pr\u00f3ximos cuatro a\u00f1os. Gobierno que se regir\u00e1 por una de las m\u00e1ximas de N\u00e9stor Kirchner:\u00a0<strong>\u201c<\/strong><em><strong>La gente no es enferma de la pol\u00edtica como nosotros. Quiere que cada semana sea un poquito mejor que la anterior y que el fin de semana pueda olvidarse de qui\u00e9n la gobierna\u201d.<\/strong><\/em><\/p>\n<p>Y para que cada semana sea un poquito mejor que la anterior, es fundamental la\u00a0<em>Ley de Solidaridad Social y Reactivaci\u00f3n Productiva<\/em>, que declara la emergencia p\u00fablica en materia econ\u00f3mica, financiera, fiscal, administrativa, previsional, tarifaria, energ\u00e9tica, sanitaria y social, y faculta al ejecutivo aprobar leyes y decretos en todas esas \u00e1reas.<\/p>\n<p>A partir de esta ley,\u00a0<strong>el gobierno ha aprobado el plan \u201cArgentina contra el hambre\u201d enfocado a garantizar el acceso a la canasta b\u00e1sica de alimentos; un bono de emergencia para jubilados; la obligaci\u00f3n de indemnizaci\u00f3n por despido sin causa por 180 d\u00edas; un aumento salarial para privados y estatales que cobren hasta 60 mil pesos (alrededor de mil d\u00f3lares); el congelamiento de las tarifas de gas y electricidad durante 180 d\u00edas; la reducci\u00f3n de 8 por ciento en el precio de los medicamentos, y la suspensi\u00f3n de cualquier aumento de tarifas en trenes, colectivos y peajes.<\/strong><\/p>\n<p>Todas estas medidas econ\u00f3micas y sociales de emergencia deber\u00edan desahogar los niveles de desigualdad y pobreza (los m\u00e1s altos en 10 a\u00f1os), y poner de nuevo a la Argentina de pie.<\/p>\n<p>Adem\u00e1s, se han adoptado medidas pol\u00edticas como el restablecimiento de los ministerios de Salud, Ciencia y Tecnolog\u00eda, Trabajo y Cultura, que el macrismo hab\u00eda desaparecido, y se ha creado el Ministerio de las Mujeres, G\u00e9neros y Diversidad, adem\u00e1s de restituir el protocolo de aborto no punible (primer paso para la legalizaci\u00f3n) o derogar el protocolo macrista de uso de armas de fuego con fines represivos.<\/p>\n<p>Mientras tanto, el Brasil de\u00a0<a href=\"http:\/\/www.cubadebate.cu\/especiales\/2020\/01\/06\/en-un-ano-bolsonaro-ha-sido-el-tirano-de-ultraderecha-que-prometio-ser\/#.XjWnb0q23IU\">Bolsonaro<\/a>, que el primero de enero cumpli\u00f3 un a\u00f1o de gobierno, recorre el sentido contrario a la Argentina y profundiza el modelo neoliberal revestido con un discurso de odio, racismo, homofobia y misoginia, discurso legitimador de la tortura y la dictadura militar.<\/p>\n<p><strong>Los objetivos del pa\u00eds m\u00e1s grande, en tama\u00f1o y PIB, de Sudam\u00e9rica, tambi\u00e9n est\u00e1n claros, tanto en lo econ\u00f3mico como en lo social.<\/strong><\/p>\n<p>En el \u00e1rea econ\u00f3mica, 2020 ser\u00e1 el a\u00f1o de profundizaci\u00f3n de las privatizaciones iniciadas en 2019. La apuesta es clara y pasa por el achicamiento del Estado y por la privatizaci\u00f3n de empresas estatales. En 2019 pasaron a manos privadas cinco empresas estatales y la intenci\u00f3n en 2020 es hacerlo con otras 17, entre ellas Correos o Eletrobras.<\/p>\n<p>Paulo Guedes, el ministro de Econom\u00eda formado en la ultra neoliberal Universidad de Chicago, no ha conseguido que el crecimiento brasile\u00f1o supere uno por ciento en 2019, y ya prepara un nuevo paquetazo que pasa por aumentar el recorte en el Instituto Brasile\u00f1o del Medio Ambiente y de los Recursos Renovables y una nueva\u00a0<em>Ley de Pensiones<\/em>\u00a0que quiere ahorrar m\u00e1s de 200 mil millones de d\u00f3lares en 10 a\u00f1os recortando las pensiones por jubilaci\u00f3n.<\/p>\n<p><strong>En lo social, la intenci\u00f3n del gobierno de Jair Bolsonaro de reducir 30 por ciento los fondos para educaci\u00f3n superior han sido frenados, de momento, por las movilizaciones estudiantiles de mayo, agosto y septiembre, lo que ha repercutido en que la aprobaci\u00f3n del gobierno baje hasta un pat\u00e9tico 29 por ciento.<\/strong><\/p>\n<p>La reciente renuncia del ministro de Cultura por copiar en un video la est\u00e9tica y el discurso de Joseph Goebbels, ministro de Propaganda de Hitler, y la anterior renuncia del ministro de Educaci\u00f3n por querer redefinir en los libros de historia la dictadura militar como \u201cun r\u00e9gimen democr\u00e1tico de fuerza\u201d, desnuda a la perfecci\u00f3n el proyecto de fascismo social bolsonarista, proyecto que no podr\u00eda ponerse en marcha sin el evangelismo de derecha que le sigue haciendo el trabajo sucio en las favelas y entre las y los m\u00e1s pobres.<\/p>\n<p><strong>Pero la liberaci\u00f3n de Lula y la reciente nominaci\u00f3n a los premios \u00d3scar del documental Al filo de la democracia ( Democracia em vertigem) de Petra Costa, han supuesto duros golpes para Bolsonaro.<\/strong><\/p>\n<p>La articulaci\u00f3n de diferentes luchas, desde el movimiento de trabajadores campesinos sin tierra (MST) y el de pobladores urbanos (MTST), al movimiento feminista o afrodescendiente, van a suponer un freno al proyecto bolsonarista, que tiene, al igual que el PT y el movimiento popular, un desaf\u00edo en las elecciones municipales de octubre.<\/p>\n<p>Brasil y Argentina son de esta manera dos caras opuestas de una misma moneda, la de la crisis del modelo neoliberal ante la que se construyen alternativas posneoliberales o se generan monstruos populistas de ultraderecha all\u00e1 donde la izquierda no ofrece alternativas a las mayor\u00edas sociales.<\/p>\n","protected":false},"excerpt":{"rendered":"<p>Katu Arkonada (La Jornada, 1-2-20) &nbsp; En una sudam\u00e9rica atravesada por el\u00a0golpe de estado en Bolivia, las protestas en Chile y Colombia, el\u00a0lawfare\u00a0contra el corre\u00edsmo en Ecuador, o la guerra econ\u00f3mica contra Venezuela, los gobiernos vecinos de Argentina y Brasil, que cumplen dos meses en el caso del ejecutivo que encabeza Alberto Fern\u00e1ndez y 13 [&hellip;]<\/p>\n","protected":false},"author":1,"featured_media":38685,"comment_status":"open","ping_status":"open","sticky":false,"template":"","format":"standard","meta":{"footnotes":""},"categories":[14,12],"tags":[],"class_list":["post-38684","post","type-post","status-publish","format-standard","has-post-thumbnail","hentry","category-internacionales","category-politica-3"],"_links":{"self":[{"href":"https:\/\/debateplural.net\/site\/wp-json\/wp\/v2\/posts\/38684"}],"collection":[{"href":"https:\/\/debateplural.net\/site\/wp-json\/wp\/v2\/posts"}],"about":[{"href":"https:\/\/debateplural.net\/site\/wp-json\/wp\/v2\/types\/post"}],"author":[{"embeddable":true,"href":"https:\/\/debateplural.net\/site\/wp-json\/wp\/v2\/users\/1"}],"replies":[{"embeddable":true,"href":"https:\/\/debateplural.net\/site\/wp-json\/wp\/v2\/comments?post=38684"}],"version-history":[{"count":1,"href":"https:\/\/debateplural.net\/site\/wp-json\/wp\/v2\/posts\/38684\/revisions"}],"predecessor-version":[{"id":38686,"href":"https:\/\/debateplural.net\/site\/wp-json\/wp\/v2\/posts\/38684\/revisions\/38686"}],"wp:featuredmedia":[{"embeddable":true,"href":"https:\/\/debateplural.net\/site\/wp-json\/wp\/v2\/media\/38685"}],"wp:attachment":[{"href":"https:\/\/debateplural.net\/site\/wp-json\/wp\/v2\/media?parent=38684"}],"wp:term":[{"taxonomy":"category","embeddable":true,"href":"https:\/\/debateplural.net\/site\/wp-json\/wp\/v2\/categories?post=38684"},{"taxonomy":"post_tag","embeddable":true,"href":"https:\/\/debateplural.net\/site\/wp-json\/wp\/v2\/tags?post=38684"}],"curies":[{"name":"wp","href":"https:\/\/api.w.org\/{rel}","templated":true}]}}