{"id":39179,"date":"2020-02-25T09:53:55","date_gmt":"2020-02-25T13:53:55","guid":{"rendered":"http:\/\/debateplural.com\/?p=39179"},"modified":"2020-02-25T15:10:08","modified_gmt":"2020-02-25T19:10:08","slug":"idlib-el-ultimo-bastion-del-yihadismo-en-siria","status":"publish","type":"post","link":"https:\/\/debateplural.net\/site\/2020\/02\/25\/idlib-el-ultimo-bastion-del-yihadismo-en-siria\/","title":{"rendered":"Idlib: el \u00faltimo basti\u00f3n del yihadismo en Siria"},"content":{"rendered":"<p>Alberto Rodr\u00edguez Garc\u00eda (Russia Today, 22-2-20)<\/p>\n<p>&nbsp;<\/p>\n<p>\"La provincia de Idlib parece ser un im\u00e1n para los grupos terroristas, especialmente porque es un territorio ingobernado. Hay una gran variedad de grupos ah\u00ed, y todos son una amenaza para los cientos de miles de civiles que solo buscan una forma de vivir y sobrevivir\". Con estas\u00a0<a href=\"https:\/\/twitter.com\/SkyNews\/status\/1230502425481576449\" target=\"_blank\" rel=\"noopener noreferrer\">palabras<\/a>\u00a0el Coronel Myles Caggins, portavoz de la coalici\u00f3n anti-ISIS, la 'Operaci\u00f3n Resoluci\u00f3n Inherente', hablaba de la provincia del norte de Siria que estos d\u00edas est\u00e1 viviendo\u00a0<strong>el colapso de grupos yihadistas y rebeldes<\/strong>\u00a0bajo el paraguas de Turqu\u00eda.<\/p>\n<p>El 19 de diciembre de 2019, el Ej\u00e9rcito \u00c1rabe Sirio con el apoyo de Rusia anunci\u00f3 la operaci\u00f3n \"Amanecer de Idlib 2&#8243;; una ofensiva terrestre para recuperar el Gran Idlib, gobernado actualmente por la Organizaci\u00f3n para la Liberaci\u00f3n del Levante (Hayat Tahrir al-Sham &#8211; HTS), o lo que es lo mismo, el brazo original de al-Qaeda en Siria. Desde entonces y en apenas unas semanas, el estado sirio ha recuperado m\u00e1s de 2.000 kil\u00f3metros cuadrados de territorio, cientos de localidades y colinas, las cruciales ciudades de Ma\u2019arrat al-Numaan y Saraqib, ha rodeado 18 puestos de observaci\u00f3n turcos y ha retomado el control de\u00a0la vital autopista M5, que adem\u00e1s de unir la capital financiera de Siria (Damasco) con la capital industrial (Alepo), recorre el pa\u00eds de norte a sur, desde Turqu\u00eda hasta Jordania. El esfuerzo, sin embargo, est\u00e1 siendo cuantioso, y\u00a0<strong>las bajas de cada bando ya suman m\u00e1s de un millar<\/strong>.<\/p>\n<p>Esta ofensiva de Idlib es algo m\u00e1s que una batalla del gobierno sirio contra la \u00faltima regi\u00f3n que tiene declarada abiertamente la guerra al estado: es una batalla contra la infamia. La infamia de los grupos yihadistas que han envenenado la regi\u00f3n con su ponzo\u00f1a. Grupos yihadistas como HTS, el Ej\u00e9rcito Nacional Sirio (tambi\u00e9n conocidos como TFSA o rebeldes proturcos, los mismos que cometieron aut\u00e9nticas barbaridades en el noreste de Siria hace poco), la\u00a0<em>sala de operaciones<\/em>\u00a0'Incita a los Creyentes', compuesta por la Organizaci\u00f3n de Guardianes de la Religi\u00f3n (Tanzim Hurras ad-Din, el nuevo al-Qaeda en Siria), los Partidarios del Monote\u00edsmo (Ansar al-Tawhid, tambi\u00e9n parte de al-Qaeda) y otros grupos de ideolog\u00eda radical. De acuerdo Brett McGurk, el diplom\u00e1tico de EE.UU. encargado de supervisar la lucha contra ISIS, en 2017 ya era\u00a0<a href=\"https:\/\/www.kurdistan24.net\/en\/news\/56b5e3fe-0099-498a-a3f5-f379ea3c2054\" target=\"_blank\" rel=\"noopener noreferrer\">obvio<\/a>\u00a0que la provincia de Idlib era \"el mayor espacio seguro de al-Qaeda desde el 11S, con conexiones directas con Ayman al-Zawahiri (l\u00edder de al-Qaeda global)\".\u00a0No es balad\u00ed en este contexto, recordar que el l\u00edder de ISIS Abu bakr al-Baghdadi, fue eliminado en Idlib.<\/p>\n<p><strong>Los grupos rebeldes y yihadistas sin embargo, no est\u00e1n solos<\/strong>. Hemos llegado a un punto en el que hay pruebas irrefutables de que Turqu\u00eda, pa\u00eds miembro de la OTAN, est\u00e1\u00a0<a href=\"https:\/\/twitter.com\/14Milimetros\/status\/1230524287498563584\" target=\"_blank\" rel=\"noopener noreferrer\">entregando<\/a>\u00a0tanques, transporte blindado y armamento a al-Qaeda. Hemos llegado a un punto en el que cuando Rusia bombardea a los rebeldes en Nayrab\u2026 \u00a1<a href=\"https:\/\/twitter.com\/tcsavunma\/status\/1230500316011016193\" target=\"_blank\" rel=\"noopener noreferrer\">mueren<\/a>\u00a0soldados turcos!\u00a0Una evidencia que ni los que voluntariamente cierran los ojos pueden negar despu\u00e9s de que los propios grupos rebeldes y yihadistas que participaron en la ofensiva de Nayrab publicasen horas antes\u00a0<a href=\"https:\/\/www.facebook.com\/watch\/?v=487865198530262\" target=\"_blank\" rel=\"noopener noreferrer\">videos<\/a>\u00a0junto a los soldados turcos que se preparaban para a atacar. Porque hemos llegado a un punto en el que\u00a0<strong>Turqu\u00eda est\u00e1 deseando convertirse en la fuerza a\u00e9rea de al-Qaeda<\/strong>. Por muy\u00a0<em>loco\u00a0<\/em>que esto suene, es as\u00ed, y es que para frenar la superioridad a\u00e9rea de Rusia, el pusil\u00e1nime intento de sult\u00e1n otomano, Recep Tayyip Erdogan, ha pedido a EE.UU. que despliegue dos bater\u00edas Patriot para as\u00ed poder despegar sus F-16 y dar apoyo desde el cielo a los grupos rebeldes\/yihadistas anteriormente citados a los que ya est\u00e1 impulsando (aunque con resultados catastr\u00f3ficos) desde el suelo.<\/p>\n<p>Frente a lo que deber\u00edan ser buenas noticias \u2014que la guerra militar est\u00e1 terminando en Siria y la derrota de al-Qaeda como estructura con poder en la regi\u00f3n es inminente\u2014, todav\u00eda hoy hay que lidiar con los instigadores de la guerra, los falsos expertos y todo tipo de fan\u00e1ticos que desean desesperados un conflicto directo con Rusia\u00a0(como si fuese un juego que no provocar\u00eda la muerte y el sufrimiento de miles) con tal de defender a sus yihadistas radicales, o que apelan al discurso humanitario para ocultar los porqu\u00e9s de la \"Operaci\u00f3n Amanecer de Idlib\", defendiendo as\u00ed los intereses de al-Qaeda en Siria sin que se note mucho que est\u00e1n\u00a0<a href=\"https:\/\/twitter.com\/javierbauluz\/status\/1229803297869107201\" target=\"_blank\" rel=\"noopener noreferrer\">defendiendo<\/a>\u00a0los intereses de al-Qaeda en Siria.<\/p>\n<p>Es innegable que la nueva campa\u00f1a del ej\u00e9rcito sirio para recuperar la provincia de Idlib est\u00e1\u00a0<strong>provocando decenas de miles de desplazados<\/strong>, pero este dato es muy importante contextualizarlo antes de hacer juicios de valor:<\/p>\n<ul>\n<li>En la guerra la gente mata y muere; por eso la guerra es despreciable, terrible y solo un s\u00e1dico puede disfrutarla. Pensar que la violencia en Idlib est\u00e1 siendo unilateral, convirtiendo a uno de los actores en sujeto pasivo es, en el mejor de los casos, mentir.<\/li>\n<li><strong>Un alto el fuego en Idlib ya es imposible<\/strong>. Rusia y Turqu\u00eda se han reunido en m\u00faltiples ocasiones para intentar pactar un acto el fuego y una desescalada de la violencia, pero los grupos radicales se niegan a aceptarlo y siempre terminan reactivando las hostilidades. Turqu\u00eda adem\u00e1s, ha decidido amenazar con una guerra directa contra el estado soberano de Siria, cuyo norte ya ha invadido, dejando claro as\u00ed que Erdogan y su c\u00fapula no tienen la paz como prioridad, aunque la oposici\u00f3n en el parlamento se\u00a0<a href=\"https:\/\/asiatimes.com\/2020\/02\/erdogan-idlib-threat-faces-challenge-from-within\/\" target=\"_blank\" rel=\"noopener noreferrer\">oponga<\/a>\u00a0a las aspiraciones neo-otomanas del intento de sult\u00e1n.<\/li>\n<li>Los propios turcos\u00a0<a href=\"https:\/\/www.bloomberg.com\/news\/articles\/2020-02-20\/turkey-asks-u-s-for-patriot-missiles-to-deter-russia-in-idlib\" target=\"_blank\" rel=\"noopener noreferrer\">reconocen<\/a>\u00a0que en Idlib hay al menos 40.000 rebeldes bajo su paraguas y 20.000 militantes pertenecientes a al-Qaeda. La \u00fanica alternativa a recuperar Idlib por la v\u00eda militar que tienen Rusia y el estado sirio es la de aceptar que una de las principales zonas agr\u00edcolas de Siria sea de facto la capital del yihadismo global. \u00bfEstar\u00eda el lector dispuesto a aceptar algo as\u00ed en su pa\u00eds? \u00bfEstar\u00edan aquellos que desde Europa enarbolan el discurso apolog\u00e9tico de los rebeldes y al-Qaeda en Idlib a aceptar algo as\u00ed en su pa\u00eds? Lo dudo mucho.<\/li>\n<\/ul>\n<p>Mientras que Siria es un pa\u00eds multi-cultural y multi-\u00e9tnico, en Idlib la ley es la jurisprudencia isl\u00e1mica sun\u00ed. Mientras el Ej\u00e9rcito \u00c1rabe Sirio combate bajo la bandera nacional, con la media luna y la cruz, los rebeldes avanzan bajo la shahadda (declaraci\u00f3n de fe), la bandera turca y los gritos de 'Allahu Akbar'. Porque la batalla por el Gran Idlib es algo m\u00e1s que una batalla por territorio: es la \u00faltima gran batalla contra la infamia.<\/p>\n","protected":false},"excerpt":{"rendered":"<p>Alberto Rodr\u00edguez Garc\u00eda (Russia Today, 22-2-20) &nbsp; \"La provincia de Idlib parece ser un im\u00e1n para los grupos terroristas, especialmente porque es un territorio ingobernado. Hay una gran variedad de grupos ah\u00ed, y todos son una amenaza para los cientos de miles de civiles que solo buscan una forma de vivir y sobrevivir\". Con estas\u00a0palabras\u00a0el [&hellip;]<\/p>\n","protected":false},"author":1,"featured_media":27723,"comment_status":"open","ping_status":"open","sticky":false,"template":"","format":"standard","meta":{"footnotes":""},"categories":[14,12],"tags":[],"class_list":["post-39179","post","type-post","status-publish","format-standard","has-post-thumbnail","hentry","category-internacionales","category-politica-3"],"_links":{"self":[{"href":"https:\/\/debateplural.net\/site\/wp-json\/wp\/v2\/posts\/39179"}],"collection":[{"href":"https:\/\/debateplural.net\/site\/wp-json\/wp\/v2\/posts"}],"about":[{"href":"https:\/\/debateplural.net\/site\/wp-json\/wp\/v2\/types\/post"}],"author":[{"embeddable":true,"href":"https:\/\/debateplural.net\/site\/wp-json\/wp\/v2\/users\/1"}],"replies":[{"embeddable":true,"href":"https:\/\/debateplural.net\/site\/wp-json\/wp\/v2\/comments?post=39179"}],"version-history":[{"count":1,"href":"https:\/\/debateplural.net\/site\/wp-json\/wp\/v2\/posts\/39179\/revisions"}],"predecessor-version":[{"id":39180,"href":"https:\/\/debateplural.net\/site\/wp-json\/wp\/v2\/posts\/39179\/revisions\/39180"}],"wp:featuredmedia":[{"embeddable":true,"href":"https:\/\/debateplural.net\/site\/wp-json\/wp\/v2\/media\/27723"}],"wp:attachment":[{"href":"https:\/\/debateplural.net\/site\/wp-json\/wp\/v2\/media?parent=39179"}],"wp:term":[{"taxonomy":"category","embeddable":true,"href":"https:\/\/debateplural.net\/site\/wp-json\/wp\/v2\/categories?post=39179"},{"taxonomy":"post_tag","embeddable":true,"href":"https:\/\/debateplural.net\/site\/wp-json\/wp\/v2\/tags?post=39179"}],"curies":[{"name":"wp","href":"https:\/\/api.w.org\/{rel}","templated":true}]}}