{"id":3929,"date":"2016-02-19T14:30:44","date_gmt":"2016-02-19T14:30:44","guid":{"rendered":"http:\/\/debateplural.com\/?p=3929"},"modified":"2016-06-23T14:03:36","modified_gmt":"2016-06-23T14:03:36","slug":"cuando-un-amigo-se-comporta-como-un-enemigo-turquia-chantajea-a-ee-uu-por-la-cuestion-kurda","status":"publish","type":"post","link":"https:\/\/debateplural.net\/site\/2016\/02\/19\/cuando-un-amigo-se-comporta-como-un-enemigo-turquia-chantajea-a-ee-uu-por-la-cuestion-kurda\/","title":{"rendered":"Cuando un amigo se comporta como un enemigo: Turqu\u00eda chantajea a EE.UU. por la cuesti\u00f3n kurda"},"content":{"rendered":"<div id=\"attachment_2735\" style=\"width: 715px\" class=\"wp-caption aligncenter\"><img loading=\"lazy\" decoding=\"async\" aria-describedby=\"caption-attachment-2735\" class=\"size-full wp-image-2735\" src=\"http:\/\/tripletecnologia.com\/website\/debateplural\/wp-content\/uploads\/2016\/02\/manifestacion-en-contra-de-turquia-en-moscu-3.jpg\" alt=\"Manifestacion en contra de Turquia en Moscu\" width=\"705\" height=\"381\" \/><p id=\"caption-attachment-2735\" class=\"wp-caption-text\">Manifestacion en contra de Turquia en Moscu<\/p><\/div>\n<p style=\"text-align:justify;\">\"Si un amigo se comporta como un enemigo, se tomar\u00e1n medidas que no se limitar\u00e1n solo a la base de Incirlik\", amenaz\u00f3 un asesor del presidente turco.<\/p>\n<p style=\"text-align:justify;\">Ankara ha amenazado a <a href=\"http:\/\/localhost\/debateplural\/tag\/estados-unidos\">Estados Unidos<\/a> con tomar medidas en su contra, algunas de ellas relacionadas con la base de Incirlik, en el sur de <a href=\"http:\/\/localhost\/debateplural\/tag\/turquia\">Turqu\u00eda<\/a>, usada por la Fuerza A\u00e9rea de EE.UU., si Washington no incluye al Partido de la Uni\u00f3n Democr\u00e1tica (PYD), de los kurdos sirios, en la lista de organizaciones terroristas.\u00a0<!--more--><\/p>\n<p style=\"text-align:justify;\">\"Si EE.UU. es un verdadero amigo y aliado de Turqu\u00eda, debe reconocer al PYD, un brazo sirio del Partido de los Trabajadores de Kurdist\u00e1n (PKK) [prohibido en Turqu\u00eda], como una organizaci\u00f3n terrorista\", dijo Seref Malkoc, asesor del presidente turco, Recep Tayyip Erdogan, citado por el portal\u00a0<a href=\"http:\/\/www.bugun.com.tr\/gundem\/incirlik-hava-ussu-abdye-kapatilabilir-2067109.html\" target=\"_blank\">Bugun<\/a>.<\/p>\n<p style=\"text-align:justify;\">\"Si un amigo se comporta como un enemigo, se tomar\u00e1n medidas que no se limitar\u00e1n a la base de Incirlik. Turqu\u00eda tiene amplias capacidades\", agreg\u00f3.\u00a0El asesor se\u00f1al\u00f3 que \"EE.UU. est\u00e1 actuando al lado de <a href=\"http:\/\/localhost\/debateplural\/tag\/rusia\">Rusia <\/a>en contra de Turqu\u00eda\".<\/p>\n<p style=\"text-align:justify;\">El primer ministro de Turqu\u00eda, Ahmet Davutoglu, <a href=\"https:\/\/actualidad.rt.com\/ultima_hora\/199970-turquia-culpa-kurdos-atentado-ankara\" target=\"_blank\" rel=\"up\">ha acusado<\/a>\u00a0a las milicias del Kurdist\u00e1n sirio y al PKK de perpetrar el atentado de este mi\u00e9rcoles en Ankara. El l\u00edder del PYD neg\u00f3 las acusaciones.<\/p>\n<p style=\"text-align:justify;\">La explosi\u00f3n, dirigida\u00a0contra un convoy de transporte militar, se produjo cerca del Parlamento de Turqu\u00eda y el mando de la Armada, junto al que se encuentran los edificios del Estado Mayor y del Ministerio del Interior del pa\u00eds.\u00a0El atentado dej\u00f3 28 muertos, 27 de ellos militares, y 81 heridos.<\/p>\n<p style=\"text-align:justify;\">Unidades de artiller\u00eda turcas llevan cinco d\u00edas\u00a0<a href=\"https:\/\/actualidad.rt.com\/actualidad\/199894-erdogan-turquia-continuar-bombardear-kurdos\" target=\"_blank\" rel=\"up\">bombardeando<\/a>\u00a0las autodefensas kurdas en el norte de Siria.<\/p>\n<p style=\"text-align:justify;\">El primer ministro Davutoglu describi\u00f3 estas acciones como una reacci\u00f3n a la amenaza que representan para la frontera turca las milicias del PYD, y exigen\u00a0que retiren de sus posiciones.<\/p>\n<p style=\"text-align:justify;\">El vicepresidente estadounidense Joe Biden inst\u00f3 el pasado fin de semana a Davutoglu a detener los ataques de artiller\u00eda en el norte de <a href=\"http:\/\/localhost\/debateplural\/tag\/siria\">Siria<\/a>.<\/p>\n","protected":false},"excerpt":{"rendered":"<p>\"Si un amigo se comporta como un enemigo, se tomar\u00e1n medidas que no se limitar\u00e1n solo a la base de Incirlik\", amenaz\u00f3 un asesor del presidente turco. Ankara ha amenazado a Estados Unidos con tomar medidas en su contra, algunas de ellas relacionadas con la base de Incirlik, en el sur de Turqu\u00eda, usada por [&hellip;]<\/p>\n","protected":false},"author":1,"featured_media":7574,"comment_status":"open","ping_status":"open","sticky":false,"template":"","format":"standard","meta":{"footnotes":""},"categories":[14],"tags":[8,40,41,51],"class_list":["post-3929","post","type-post","status-publish","format-standard","has-post-thumbnail","hentry","category-internacionales","tag-estados-unidos","tag-rusia","tag-siria","tag-turquia"],"_links":{"self":[{"href":"https:\/\/debateplural.net\/site\/wp-json\/wp\/v2\/posts\/3929"}],"collection":[{"href":"https:\/\/debateplural.net\/site\/wp-json\/wp\/v2\/posts"}],"about":[{"href":"https:\/\/debateplural.net\/site\/wp-json\/wp\/v2\/types\/post"}],"author":[{"embeddable":true,"href":"https:\/\/debateplural.net\/site\/wp-json\/wp\/v2\/users\/1"}],"replies":[{"embeddable":true,"href":"https:\/\/debateplural.net\/site\/wp-json\/wp\/v2\/comments?post=3929"}],"version-history":[{"count":1,"href":"https:\/\/debateplural.net\/site\/wp-json\/wp\/v2\/posts\/3929\/revisions"}],"predecessor-version":[{"id":7575,"href":"https:\/\/debateplural.net\/site\/wp-json\/wp\/v2\/posts\/3929\/revisions\/7575"}],"wp:featuredmedia":[{"embeddable":true,"href":"https:\/\/debateplural.net\/site\/wp-json\/wp\/v2\/media\/7574"}],"wp:attachment":[{"href":"https:\/\/debateplural.net\/site\/wp-json\/wp\/v2\/media?parent=3929"}],"wp:term":[{"taxonomy":"category","embeddable":true,"href":"https:\/\/debateplural.net\/site\/wp-json\/wp\/v2\/categories?post=3929"},{"taxonomy":"post_tag","embeddable":true,"href":"https:\/\/debateplural.net\/site\/wp-json\/wp\/v2\/tags?post=3929"}],"curies":[{"name":"wp","href":"https:\/\/api.w.org\/{rel}","templated":true}]}}