{"id":39590,"date":"2020-04-02T06:00:17","date_gmt":"2020-04-02T10:00:17","guid":{"rendered":"http:\/\/debateplural.com\/?p=39590"},"modified":"2020-04-02T09:20:19","modified_gmt":"2020-04-02T13:20:19","slug":"el-coronavirus-y-el-modelo-instaurado-por-el-pelede","status":"publish","type":"post","link":"https:\/\/debateplural.net\/site\/2020\/04\/02\/el-coronavirus-y-el-modelo-instaurado-por-el-pelede\/","title":{"rendered":"El coronavirus y el modelo instaurado por el peled\u00e9"},"content":{"rendered":"<p>Guillermo Moreno (D. Libre, 23-3-20)<\/p>\n<p>&nbsp;<\/p>\n<p>Es com\u00fan escuchar a algunos economistas decir que el modelo econ\u00f3mico actual se agot\u00f3. Que no da m\u00e1s. Siempre repito que no es que se agot\u00f3, es que nunca sirvi\u00f3. Evidentemente estoy consciente de que mi afirmaci\u00f3n se refiere a que no ha servido para solucionar los problemas esenciales de la gente, garantizar sus derechos econ\u00f3micos y sociales fundamentales y crear una sociedad de prosperidad y bienestar compartido. No ignoro que ese modelo s\u00ed ha servido para una cada vez mayor concentraci\u00f3n de la riqueza y para que un grupo de pol\u00edticos inescrupulosos, vali\u00e9ndose del poder, utilicen los recursos p\u00fablicos y los negocios del Estado para acumular grandes fortunas.<\/p>\n<p>La pandemia del coronavirus que nos ataca ha puesto de relieve y de forma muy cruda la vulnerabilidad de este modelo impuesto por el peled\u00e9, mostrando que no solo es injusto sino adem\u00e1s insostenible.<\/p>\n<p>Se trata de un modelo econ\u00f3mico dependiente casi de forma absoluta de factores externos. Est\u00e1 anclado principalmente en el turismo, encadenando a la suerte de \u00e9ste a una parte importante de la producci\u00f3n agropecuaria interna. Adem\u00e1s, depende de la inversi\u00f3n extranjera y de las exportaciones de las zonas francas. Tambi\u00e9n depende de las remesas que env\u00edan los dominicanos del exterior a sus familiares y, si bien \u00e9stas no pueden ser definidas como parte del dise\u00f1o del modelo, en los hechos es uno de los subproductos derivados de sus injusticias.<\/p>\n<p>El peled\u00e9 ha financiado su modelo econ\u00f3mico y los d\u00e9ficits anuales que genera, en una irresponsable pol\u00edtica de endeudamiento p\u00fablico que al d\u00eda de hoy representa un 53% del PIB y solo el pago de los intereses de la deuda consume cerca de un tercio de las recaudaciones impositivas del Estado.<\/p>\n<p>El modelo adopt\u00f3 la perspectiva de privatizar y convertir derechos sociales fundamentales en meras mercanc\u00edas o sencillamente negarlos, haciendo que sea letra muerta todo el enunciado de la Constituci\u00f3n que los consagra como \u201cfundamentales\u201d y obliga al Estado a garantizarlos. Hoy d\u00eda, por ejemplo, quien quiere acceder a atenci\u00f3n m\u00e9dica de calidad tiene que pagar por ella. Y es que el Estado solo invierte apenas un 1.6% del PIB en el sistema de salud p\u00fablica. Igual sucede con la educaci\u00f3n. Quien quiera que sus hijos accedan a educaci\u00f3n de calidad debe pagar por ella. Lamentablemente la inversi\u00f3n del 4% del PIB en parte ha sido derivada a escenarios de corrupci\u00f3n y despilfarro que mantienen al sistema educativo en muy baja calidad como hace apenas unos meses lo puso en evidencia la prueba pisa.<\/p>\n<p>El modelo impuesto por el peled\u00e9 desech\u00f3 poner como prioridad el impulso del aparato productivo nacional: la industria, la mediana y peque\u00f1a empresa, la agropecuaria y la agroindustria. Es un modelo que no crea empleo digno y que carga con un 57% de empleo informal. Un modelo en que las exportaciones han sido decrecientes y tenemos poca competitividad para aprovechar los tratados de libre comercio. M\u00e1s bien ha sido al rev\u00e9s. Son los otros pa\u00edses los que han copado parte importante de nuestro mercado interno.<\/p>\n<p>Este modelo instaurado por el peled\u00e9 ha contado con el apoyo de c\u00fapulas empresariales que han sido sus directas beneficiarias. Es por eso que el peled\u00e9 no ha tenido mayor problema de gobernabilidad para imponer el lado oscuro de su r\u00e9gimen: ausencia de institucionalidad, secuestro de la Justicia y del ministerio p\u00fablico, reproducci\u00f3n en el poder mediante fraudes electorales y clientelismo, instauraci\u00f3n de la corrupci\u00f3n como pol\u00edtica de Estado, impunidad generalizada, protecci\u00f3n desde esferas oficiales al narcotr\u00e1fico y el crimen organizado.<\/p>\n<p>La pandemia del coronavirus nos encuentra como pa\u00eds sumergido en la crisis estructural del modelo y r\u00e9gimen impuesto por el peled\u00e9. Nos llega con una econom\u00eda dependiente de factores externos en proceso de colapso (turismo, remesas, inversi\u00f3n extranjera, exportaciones de zonas francas). Nos alcanza el coronavirus con un pa\u00eds hipotecado por una deuda p\u00fablica impagable. Llama a nuestras puertas esta crisis humanitaria mundial en momentos en que el aparato productivo, especialmente la agrope- cuaria, a\u00f1o por a\u00f1o ha venido siendo desmantelada. El coronavirus se presenta en un pa\u00eds en cuyos gobernantes no tienen credibilidad, ni generan confianza y que carecen de autoridad moral y pol\u00edtica frente a la ciudadan\u00eda. Ante un Estado sin instituciones s\u00f3lidas, manejadas muchas por negociantes de la pol\u00edtica, sin \u00f3rganos arbitrales independientes e imparciales. Ante un sistema de salud que arrastra una crisis de d\u00e9cadas, sin equipos suficientes, ni materiales y con un personal muy mal remunerado. La pandemia est\u00e1 aqu\u00ed, ante una poblaci\u00f3n depauperada y excluida, sin la formaci\u00f3n necesaria para la prevenci\u00f3n, que no puede quedarse en la \u201ccasa\u201d que no tiene, que en su gran mayor\u00eda vive el d\u00eda a d\u00eda, en la incertidumbre de una existencia sin seguridad del ma\u00f1ana.<\/p>\n<p>El coronavirus le est\u00e1 poniendo el dedo en la llaga al modelo econ\u00f3mico y social y al r\u00e9gimen pol\u00edtico impuesto por el peled\u00e9. Cada vez m\u00e1s gente se da cuenta que no es suficiente con producir un simple cambio de gobierno. Que ha llegado la hora, adem\u00e1s, de un Nuevo Orden Democr\u00e1tico en la Rep\u00fablica Dominicana.<\/p>\n","protected":false},"excerpt":{"rendered":"<p>Guillermo Moreno (D. Libre, 23-3-20) &nbsp; Es com\u00fan escuchar a algunos economistas decir que el modelo econ\u00f3mico actual se agot\u00f3. Que no da m\u00e1s. Siempre repito que no es que se agot\u00f3, es que nunca sirvi\u00f3. Evidentemente estoy consciente de que mi afirmaci\u00f3n se refiere a que no ha servido para solucionar los problemas esenciales [&hellip;]<\/p>\n","protected":false},"author":1,"featured_media":8998,"comment_status":"open","ping_status":"open","sticky":false,"template":"","format":"standard","meta":{"footnotes":""},"categories":[5,44],"tags":[],"class_list":["post-39590","post","type-post","status-publish","format-standard","has-post-thumbnail","hentry","category-nacionales","category-salud"],"_links":{"self":[{"href":"https:\/\/debateplural.net\/site\/wp-json\/wp\/v2\/posts\/39590"}],"collection":[{"href":"https:\/\/debateplural.net\/site\/wp-json\/wp\/v2\/posts"}],"about":[{"href":"https:\/\/debateplural.net\/site\/wp-json\/wp\/v2\/types\/post"}],"author":[{"embeddable":true,"href":"https:\/\/debateplural.net\/site\/wp-json\/wp\/v2\/users\/1"}],"replies":[{"embeddable":true,"href":"https:\/\/debateplural.net\/site\/wp-json\/wp\/v2\/comments?post=39590"}],"version-history":[{"count":1,"href":"https:\/\/debateplural.net\/site\/wp-json\/wp\/v2\/posts\/39590\/revisions"}],"predecessor-version":[{"id":39591,"href":"https:\/\/debateplural.net\/site\/wp-json\/wp\/v2\/posts\/39590\/revisions\/39591"}],"wp:featuredmedia":[{"embeddable":true,"href":"https:\/\/debateplural.net\/site\/wp-json\/wp\/v2\/media\/8998"}],"wp:attachment":[{"href":"https:\/\/debateplural.net\/site\/wp-json\/wp\/v2\/media?parent=39590"}],"wp:term":[{"taxonomy":"category","embeddable":true,"href":"https:\/\/debateplural.net\/site\/wp-json\/wp\/v2\/categories?post=39590"},{"taxonomy":"post_tag","embeddable":true,"href":"https:\/\/debateplural.net\/site\/wp-json\/wp\/v2\/tags?post=39590"}],"curies":[{"name":"wp","href":"https:\/\/api.w.org\/{rel}","templated":true}]}}