{"id":39600,"date":"2020-04-02T10:58:54","date_gmt":"2020-04-02T14:58:54","guid":{"rendered":"http:\/\/debateplural.com\/?p=39600"},"modified":"2020-04-02T10:58:54","modified_gmt":"2020-04-02T14:58:54","slug":"una-union-europea-en-guerra-interna-por-el-coronavirus-continua-su-expansion-los-balcanes","status":"publish","type":"post","link":"https:\/\/debateplural.net\/site\/2020\/04\/02\/una-union-europea-en-guerra-interna-por-el-coronavirus-continua-su-expansion-los-balcanes\/","title":{"rendered":"Una Uni\u00f3n Europea en guerra interna por el coronavirus contin\u00faa su expansi\u00f3n: los Balcanes"},"content":{"rendered":"<p>Luis Gonzalo Segura(P\u00e1gina 12, 30-3-20)<\/p>\n<p>&nbsp;<\/p>\n<p>El apetito comercial de la Uni\u00f3n Europea es insaciable, incluso cuando las tensiones Norte-Sur y Este-Oeste amenazan, despu\u00e9s del Brexit, con despedazar la uni\u00f3n y a la Uni\u00f3n. Y es que, mientras se batalla por los presupuestos europeos hasta la d\u00e9cima porcentual o se enfrentan los pa\u00edses meridionales a los septentrionales por la falta de solidaridad por los da\u00f1os que est\u00e1 ocasionando en la econom\u00eda la COVID-19, los ministros de la Uni\u00f3n Europea han dado el visto bueno a la apertura de las negociaciones con\u00a0<strong>Macedonia del Norte y Albania<\/strong>. Por ello,\u00a0<strong>Serbia y Montenegro<\/strong>\u00a0ya est\u00e1n en el proceso de adhesi\u00f3n.<\/p>\n<p>En 2019, Macedonia del Norte y Albania ya cumpl\u00edan con los requisitos exigidos por la Uni\u00f3n Europea, pero tanto Francia como Pa\u00edses Bajos bloquearon la apertura de negociaciones. En esta ocasi\u00f3n ambos pa\u00edses se han mostrado partidarios de las negociaciones una vez que se ha conseguido que Albania se comprometa a proteger a la minor\u00eda griega y a rebajar los niveles de corrupci\u00f3n del pa\u00eds.<\/p>\n<p>Bajo las maniobras europeas subyacen los temores a la p\u00e9rdida del control de la regi\u00f3n debido al atractivo y las buenas relaciones que tanto Rusia como China exhiben en los \u00faltimos a\u00f1os con los pa\u00edses balc\u00e1nicos.\u00a0<strong>La idea no solo es incorporar a estos pa\u00edses a Europa, sino impedir que contin\u00faen su acercamiento a China o Rusia<\/strong>.<\/p>\n<h3><strong>La Uni\u00f3n Europea, en guerra, descomposici\u00f3n y sin rumbo<\/strong><\/h3>\n<p>El ministro de Finanzas holand\u00e9s, Wopke Hoekstra, solicit\u00f3 una investigaci\u00f3n a los pa\u00edses europeos que no tienen presupuesto suficiente como para afrontar una crisis cuando durante los \u00faltimos siete a\u00f1os el crecimiento econ\u00f3mico en la Uni\u00f3n Europea ha sido considerable. La respuesta del primer ministro portugu\u00e9s, Ant\u00f3nio Costa, fue suficientemente expl\u00edcita al respecto de la tensi\u00f3n que se respira en estos d\u00edas en la Uni\u00f3n Europea \u2013afirm\u00f3 que la petici\u00f3n holandesa era \"repugnante\", t\u00e9rmino que repiti\u00f3 en varias ocasiones.<\/p>\n<p>La refriega dial\u00e9ctica es consecuencia de la batalla que a d\u00eda de hoy se libra\u00a0<strong>entre los pa\u00edses del centro y norte de Europa<\/strong>, los m\u00e1s poderosos,\u00a0<strong>contra los pa\u00edses de la Europa mediterr\u00e1nea<\/strong>, los m\u00e1s afectados durante la crisis econ\u00f3mica y, actualmente, los m\u00e1s damnificados por la expansi\u00f3n del virus. Frente a Alemania y Pa\u00edses Bajos, Espa\u00f1a e Italia intentan aliarse con Francia y conseguir que toda la Uni\u00f3n Europea mutualice los da\u00f1os econ\u00f3micos que pueda causar el virus.<\/p>\n<p>Ante esta crisis, como ante la crisis econ\u00f3mica de la d\u00e9cada pasada, todos los pa\u00edses europeos se est\u00e1n comportando con un nivel elevado de ego\u00edsmo y est\u00e1n demostrando que la Uni\u00f3n Europea solo es un armaz\u00f3n liberal, un caballo de Troya norteamericano, para los negocios, al cual, en realidad, nadie considera un hogar. Se trata de beneficios, de sacar lo m\u00e1ximo posible, no de construir.<\/p>\n<p>Es este el nivel de confrontaci\u00f3n e incluso de descomposici\u00f3n, ya no porque Reino Unido haya abandonado la Uni\u00f3n Europea, sino porque las cr\u00edticas al proyecto com\u00fan son cada vez m\u00e1s intensas y contagiosas. En pa\u00edses como Espa\u00f1a o Portugal, cuyos niveles de aceptaci\u00f3n del proyecto europeo siempre fueron muy altos, desde la crisis econ\u00f3mica de 2007 cada vez hay m\u00e1s personas que se preguntan si realmente es necesario seguir en Europa. De hecho, antes del Brexit, hubo un no-Grexit, que por mucho que fracasara no deja de revelar la gran cantidad de dudas que afronta la Uni\u00f3n Europea en las \u00faltimas dos d\u00e9cadas.<\/p>\n<p>Adem\u00e1s, no podemos olvidar que esta descomposici\u00f3n cada d\u00eda parece m\u00e1s alentada por Estados Unidos y por la OTAN, las cuales parecen congratularse de las continuas e interminables disputas de los estados europeos. Mientras Europa se pelee, no construir\u00e1, y mientras no construya, ser\u00e1 la OTAN la organizaci\u00f3n militar y no un Ej\u00e9rcito europeo y mientras contin\u00fae la refriega, ser\u00e1n los Estados Unidos, y no la propia Uni\u00f3n Europea, quien marque la agenda de los asuntos exteriores del Viejo Continente.<\/p>\n<p>La Uni\u00f3n Europea, adem\u00e1s, no termina de encontrar el rumbo a seguir, el rumbo hacia la independencia de los Estados Unidos y la superaci\u00f3n de las l\u00f3gicas y trabas nacionales. No se quiere comprender que hasta que la Uni\u00f3n Europea no se construya como un Estado, no funcionar\u00e1, porque lo \u00fanico que la unir\u00e1 ser\u00e1n los intereses comerciales. El negocio es un pegamento formidable\u00a0en tiempos de bonanza y endeble en situaciones de crisis.<\/p>\n<p>Por ello, en este contexto, en una constante guerra, en descomposici\u00f3n y sin un rumbo claro, la Uni\u00f3n Europea se lanza sobre los pa\u00edses balc\u00e1nicos. Porque son negocios. Importa un pimiento si su adhesi\u00f3n genera todav\u00eda m\u00e1s tensiones entre los socios existentes o si ello es beneficioso para la Uni\u00f3n o no.\u00a0<strong>Lo importante es que el negocio no se lo quede China o Rusia, hay que aprovechar la ganga<\/strong>.<\/p>\n<p>Se equivoca la Uni\u00f3n Europea, de nuevo, al no detenerse y reflexionar sobre la situaci\u00f3n actual y la crisis sin precedentes que se vive. En lugar de ser un punto de inflexi\u00f3n sobre comenzar a construir un proyecto com\u00fan, pareciera que puede ser el momento en el que todo colapse y Europa vuelva a desintegrarse. Y aun desintegr\u00e1ndose quiere crecer. Es el paradigma sobre c\u00f3mo la visi\u00f3n comercial de la Uni\u00f3n Europea, quiz\u00e1s la \u00fanica que jam\u00e1s existi\u00f3 o al menos la que siempre predomin\u00f3, terminar\u00e1 con el proyecto: con una fallida ampliaci\u00f3n de mercado.<\/p>\n<p>Estados Unidos recoger\u00e1 las migajas, si sobrevive, pues parecen tiempos de cambio, tiempos de un Nuevo Orden Internacional. Veremos.<\/p>\n<p>&nbsp;<\/p>\n","protected":false},"excerpt":{"rendered":"<p>Luis Gonzalo Segura(P\u00e1gina 12, 30-3-20) &nbsp; El apetito comercial de la Uni\u00f3n Europea es insaciable, incluso cuando las tensiones Norte-Sur y Este-Oeste amenazan, despu\u00e9s del Brexit, con despedazar la uni\u00f3n y a la Uni\u00f3n. Y es que, mientras se batalla por los presupuestos europeos hasta la d\u00e9cima porcentual o se enfrentan los pa\u00edses meridionales a [&hellip;]<\/p>\n","protected":false},"author":1,"featured_media":26485,"comment_status":"open","ping_status":"open","sticky":false,"template":"","format":"standard","meta":{"footnotes":""},"categories":[14,12],"tags":[],"class_list":["post-39600","post","type-post","status-publish","format-standard","has-post-thumbnail","hentry","category-internacionales","category-politica-3"],"_links":{"self":[{"href":"https:\/\/debateplural.net\/site\/wp-json\/wp\/v2\/posts\/39600"}],"collection":[{"href":"https:\/\/debateplural.net\/site\/wp-json\/wp\/v2\/posts"}],"about":[{"href":"https:\/\/debateplural.net\/site\/wp-json\/wp\/v2\/types\/post"}],"author":[{"embeddable":true,"href":"https:\/\/debateplural.net\/site\/wp-json\/wp\/v2\/users\/1"}],"replies":[{"embeddable":true,"href":"https:\/\/debateplural.net\/site\/wp-json\/wp\/v2\/comments?post=39600"}],"version-history":[{"count":1,"href":"https:\/\/debateplural.net\/site\/wp-json\/wp\/v2\/posts\/39600\/revisions"}],"predecessor-version":[{"id":39601,"href":"https:\/\/debateplural.net\/site\/wp-json\/wp\/v2\/posts\/39600\/revisions\/39601"}],"wp:featuredmedia":[{"embeddable":true,"href":"https:\/\/debateplural.net\/site\/wp-json\/wp\/v2\/media\/26485"}],"wp:attachment":[{"href":"https:\/\/debateplural.net\/site\/wp-json\/wp\/v2\/media?parent=39600"}],"wp:term":[{"taxonomy":"category","embeddable":true,"href":"https:\/\/debateplural.net\/site\/wp-json\/wp\/v2\/categories?post=39600"},{"taxonomy":"post_tag","embeddable":true,"href":"https:\/\/debateplural.net\/site\/wp-json\/wp\/v2\/tags?post=39600"}],"curies":[{"name":"wp","href":"https:\/\/api.w.org\/{rel}","templated":true}]}}