{"id":39717,"date":"2020-04-09T09:59:56","date_gmt":"2020-04-09T13:59:56","guid":{"rendered":"http:\/\/debateplural.com\/?p=39717"},"modified":"2020-04-09T09:59:56","modified_gmt":"2020-04-09T13:59:56","slug":"bolsonaro-hunde-a-brasil-en-el-desgobierno","status":"publish","type":"post","link":"https:\/\/debateplural.net\/site\/2020\/04\/09\/bolsonaro-hunde-a-brasil-en-el-desgobierno\/","title":{"rendered":"Bolsonaro hunde a Brasil en el desgobierno"},"content":{"rendered":"<p>Ra\u00fal Zibechi (Sputnik, 9-4-20)<\/p>\n<p>&nbsp;<\/p>\n<p><em>El presidente de Brasil, Jair Bolsonaro, cada d\u00eda m\u00e1s aislado y ahora despojado de funciones por los militares, est\u00e1 ense\u00f1ando su faceta m\u00e1s deplorable: prefiere hundir a su pa\u00eds en el caos y el desgobierno, antes de dar un paso al costado reconociendo su incapacidad para enfrentar la crisis provocada por la pandemia de coronavirus.<\/em><\/p>\n<p>La \u00faltima crisis se produjo el lunes 6, cuando el presidente decidi\u00f3 dimitir al ministro de Salud, Luiz Henrique Mandetta, con quien mantiene un fuerte contencioso por el aislamiento y la distancia social, que son recomendadas por la autoridad sanitaria, por todos los gobernadores y las fuerzas armadas.<\/p>\n<p>Durante la tarde del 6 de abril, los ministros Walter Braga Netto (Casa Civil) y Luiz Eduardo Ramos (Gobierno), ambos militares, forzaron una marcha atr\u00e1s ya que el presidente ten\u00eda la decisi\u00f3n tomada y ya hab\u00eda hablado con el sustituto del ministro de Salud, que a\u00fan sigue \u00abbalance\u00e1ndose en el cargo\u00bb.<\/p>\n<p>Apenas se supo que el presidente estaba decidido a dimitir a su ministro de Salud, que tiene el doble de popularidad que Bolsonaro, comenz\u00f3 un nuevo cacerolazo (como todas las tardes desde hace diez d\u00edas), en rechazo al presidente y en respaldo a su ministro (<a href=\"https:\/\/bit.ly\/2wjkLRz\">https:\/\/bit.ly\/2wjkLRz<\/a>).<\/p>\n<p>En estos momentos se superponen varias disputas y crisis. El presidente se opone a la cuarentena con el argumento de que la econom\u00eda se ver\u00e1 afectada. Sabe que una crisis econ\u00f3mica profunda, que por otro lado parece inevitable, puede hundir su gobierno y, sobre todo, impedir su reelecci\u00f3n en 2022.<\/p>\n<p>Pero esta es apenas la cara m\u00e1s visible del conflicto entre poderes. En las \u00faltimas semanas, Bolsonaro debi\u00f3 contemplar una importante p\u00e9rdida de popularidad (que cay\u00f3 hasta menos del 30%), extensas muestras de repudio entre las clases medias que lo eligieron, y rechazo expl\u00edcito de los gobernadores, encabezados por el de S\u00e3o Paulo, el socialdem\u00f3crata Jo\u00e3o Doria, posible adversario en la carrera presidencial.<\/p>\n<p>En este clima, los militares comprendieron que\u00a0<strong>Bolsonaro afecta la gobernabilidad<\/strong>\u00a0del pa\u00eds, ya que en la principal tarea del momento, el combate a la pandemia, est\u00e1 enfrentado a todo el arco pol\u00edtico al despreciar la epidemia y proponer medidas poco consistentes como la reapertura del comercio, las clases escolares y el conjunto de la actividad econ\u00f3mica.<\/p>\n<h3>Ca\u00edda en espiral<\/h3>\n<p>Brasil vive un conflicto interno que amenaza con hundir al pa\u00eds en una espiral descendente, ya que en una situaci\u00f3n extrema como la que provoca la pandemia, s\u00f3lo una conducci\u00f3n firme y con gran legitimidad social e institucional, es capaz de superar las dificultades. Porque la epidemia est\u00e1 en sus primeras fases y todos los an\u00e1lisis coinciden en la fragilidad del sistema de salud, lo que puede tener un efecto \u00abdevastador\u00bb cuando llegue a los barrios m\u00e1s pobres.<\/p>\n<p>Un primer aspecto a tener en cuenta, es el intento de las Fuerzas Armadas por acotar el poder de Bolsonaro. El 28 de marzo, los militaras convencieron al presidente de que el ministro de la Casa Civil, general Walter Braga Netto, deb\u00eda convertirse en \u201cpresidente operativo\u201d de Brasil.<\/p>\n<p>Seg\u00fan el primer medio que filtr\u00f3 la informaci\u00f3n, la p\u00e1gina miliar\u00a0<em>Defesanet.com<\/em>, se trata de una \u00abmisi\u00f3n informal\u00bb, para la que se convierte en \u00abJefe del Estado Mayor de Planalto\u00bb, tarea que define como \u00abm\u00e1s trascendente que la ya poderosa funci\u00f3n de ministro de la Casa Civil que ejerc\u00eda\u00bb.<\/p>\n<p>Seg\u00fan la propia p\u00e1gina militar, de ese modo se buscaba poner coto a \u00abuna semana en la que proliferaron noticias falsas\u00bb, entre ellas afirmaciones period\u00edsticas \u00abdelirantes sobre la cr\u00edtica de los militares al gobierno\u00bb. Los militares pretenden proteger a su presidente, porque una crisis de gobierno se llevar\u00eda por delante el prestigio de la instituci\u00f3n militar que lo sostiene con cientos de uniformados en los escalones m\u00e1s altos del gobierno.<\/p>\n<p>Sin embargo, los militares no pudieron impedir los exabruptos de Bolsonaro ni evitar su creciente desgaste. Su ministro de Educaci\u00f3n, Abraham Weintraub, provoc\u00f3 nuevo conflicto con China a ra\u00edz de unas declaraciones racistas. La primera hab\u00eda sido creada por uno de los hijos de Bolsonaro, el diputado Eduardo, que diez d\u00edas atr\u00e1s insult\u00f3 al pa\u00eds asi\u00e1tico al acusarlo de dictadura responsable de la pandemia.<\/p>\n<p>Ahora el ministro dijo que los chinos comen \u00abtodo lo que el sol ilumina\u00bb, mientras los brasile\u00f1os \u00abcr\u00edan a los cerdos en el chiquero\u00bb. Seg\u00fan los medios, los diplom\u00e1ticos chinos \u00abperdieron la paciencia con Brasil\u00bb, al que le exigen ahora una disculpa formal, ya que Weintraub es parte del gobierno.<\/p>\n<p>La reacci\u00f3n china puede ser mucho m\u00e1s dram\u00e1tica para Brasil que la simple pol\u00e9mica diplom\u00e1tica. Medios brasile\u00f1os se hicieron eco estos d\u00edas de que China podr\u00eda sustituir la soja brasile\u00f1a por la de Estados Unidos. Aunque reconocen que por ahora no se han registrado cambios decisivos en esa direcci\u00f3n, estiman que es muy probable que por sus intereses comerciales China decida incrementar las importaciones desde el pa\u00eds del norte.<\/p>\n<p>China es el principal socio comercial de Brasil, con el que mantiene un amplio super\u00e1vit comercial que contrasta con el d\u00e9ficit que mantiene con Estados Unidos.<\/p>\n<p>M\u00e1s all\u00e1 de ambos problemas mayores (divisi\u00f3n en la estrategia frente a la pandemia y crisis con China), Brasil presenta por lo menos otras dos debilidades.<\/p>\n<p>La primera es la\u00a0<strong>enorme debilidad institucional<\/strong>, a la que debe sumarse la err\u00e1tica pol\u00edtica del presidente de abrir frentes innecesarios. En mi opini\u00f3n, es la baja legitimidad institucional lo que lleva a cometer errores tan graves. En medio de la crisis, el ministro Weintraub, por ejemplo, amenaz\u00f3 con que el Gobierno se prepara para suspender la concesi\u00f3n de la\u00a0<em>TV Globo<\/em>.<\/p>\n<p>Una amenaza fuera de lugar contra la mayor red de medios privados del pa\u00eds. El ministro fue m\u00e1s lejos al anunciar que la Globo \u00abno sobrevive hasta 2023\u00bb. Una actitud tan infantil como decir que est\u00e1 dispuesto a disculparse de su \u00a0\u00abimbecilidad\u00bb, siempre que China \u00abnos venda respiradores al precio de costo\u00bb.<\/p>\n<p>La segunda debilidad la dej\u00f3 sorprendida a la ex presidenta Dilma Rousseff en las redes sociales: \u00abHace diez a\u00f1os Brasil fabricaba aviones, ahora no es capaz de fabricar mascarillas\u00bb.<\/p>\n<p>\u200bEl pa\u00eds que pretendi\u00f3 ser un\u00a0<em>global player<\/em>\u00a0en la d\u00e9cada de 2000, se tendr\u00e1 que conformar con un lugar de segundo o tercer nivel en el escenario internacional.<\/p>\n","protected":false},"excerpt":{"rendered":"<p>Ra\u00fal Zibechi (Sputnik, 9-4-20) &nbsp; El presidente de Brasil, Jair Bolsonaro, cada d\u00eda m\u00e1s aislado y ahora despojado de funciones por los militares, est\u00e1 ense\u00f1ando su faceta m\u00e1s deplorable: prefiere hundir a su pa\u00eds en el caos y el desgobierno, antes de dar un paso al costado reconociendo su incapacidad para enfrentar la crisis provocada [&hellip;]<\/p>\n","protected":false},"author":1,"featured_media":37969,"comment_status":"open","ping_status":"open","sticky":false,"template":"","format":"standard","meta":{"footnotes":""},"categories":[14,12],"tags":[],"class_list":["post-39717","post","type-post","status-publish","format-standard","has-post-thumbnail","hentry","category-internacionales","category-politica-3"],"_links":{"self":[{"href":"https:\/\/debateplural.net\/site\/wp-json\/wp\/v2\/posts\/39717"}],"collection":[{"href":"https:\/\/debateplural.net\/site\/wp-json\/wp\/v2\/posts"}],"about":[{"href":"https:\/\/debateplural.net\/site\/wp-json\/wp\/v2\/types\/post"}],"author":[{"embeddable":true,"href":"https:\/\/debateplural.net\/site\/wp-json\/wp\/v2\/users\/1"}],"replies":[{"embeddable":true,"href":"https:\/\/debateplural.net\/site\/wp-json\/wp\/v2\/comments?post=39717"}],"version-history":[{"count":1,"href":"https:\/\/debateplural.net\/site\/wp-json\/wp\/v2\/posts\/39717\/revisions"}],"predecessor-version":[{"id":39718,"href":"https:\/\/debateplural.net\/site\/wp-json\/wp\/v2\/posts\/39717\/revisions\/39718"}],"wp:featuredmedia":[{"embeddable":true,"href":"https:\/\/debateplural.net\/site\/wp-json\/wp\/v2\/media\/37969"}],"wp:attachment":[{"href":"https:\/\/debateplural.net\/site\/wp-json\/wp\/v2\/media?parent=39717"}],"wp:term":[{"taxonomy":"category","embeddable":true,"href":"https:\/\/debateplural.net\/site\/wp-json\/wp\/v2\/categories?post=39717"},{"taxonomy":"post_tag","embeddable":true,"href":"https:\/\/debateplural.net\/site\/wp-json\/wp\/v2\/tags?post=39717"}],"curies":[{"name":"wp","href":"https:\/\/api.w.org\/{rel}","templated":true}]}}